{"id":36840,"date":"2017-10-02T10:21:38","date_gmt":"2017-10-02T15:21:38","guid":{"rendered":"http:\/\/www.lospoliticosveracruz.com.mx\/?p=36840"},"modified":"2017-10-02T10:21:38","modified_gmt":"2017-10-02T15:21:38","slug":"arturo-n-se-queda-en-pacho-al-menos-otros-ocho-meses","status":"publish","type":"post","link":"https:\/\/lospoliticosveracruz.com.mx\/?p=36840","title":{"rendered":"Arturo \u201cN\u201d se queda en Pacho\u2026 al menos otros ocho meses"},"content":{"rendered":"<div><b>Luis Alberto Romero<\/b><\/div>\n<div><em>Hora Cero<\/em><\/div>\n<div><b>\u00a0<\/b><\/div>\n<div><\/div>\n<div><\/div>\n<div>La defensa del ex secretario de Seguridad P\u00fablica de Veracruz, a quien se ha identificado como Arturo \u201cN\u201d, ya se frotaba las manos porque en unos d\u00edas venc\u00eda el plazo establecido para la prisi\u00f3n preventiva.<\/div>\n<div>Recordamos que al comenzar febrero del presente a\u00f1o, cuando el ex funcionario fue detenido, el juzgado fij\u00f3 una medida cautelar de 8 meses, misma que estar\u00eda a punto de cumplirse.<\/div>\n<div>El proceso contra el ex secretario inici\u00f3 en noviembre pasado, pero fue hasta el 3 de febrero cuando se le detuvo, justo en el momento en que acud\u00eda al juzgado de Pacho Viejo, donde se le notific\u00f3 la orden de aprehensi\u00f3n y se le ingres\u00f3 al penal que se encuentra en ese mismo lugar.<\/div>\n<div>La defensa del otrora poderoso miembro del gabinete estatal recurri\u00f3 a diversas figuras jur\u00eddicas, como un amparo, para intentar librar la c\u00e1rcel, cosa que no pudo; por el contrario, la fiscal\u00eda estatal logr\u00f3 que se le decretara la medida cautelar que esta semana hubiera expirado, de no ser por la petici\u00f3n de la autoridad para que se le extendiera la prisi\u00f3n preventiva.<\/div>\n<div>Se trata de un ex funcionario que ha sido se\u00f1alado por poseer una considerable fortuna que incluye propiedades en el extranjero.<\/div>\n<div>Arturo \u201cN\u201d lleg\u00f3 a Seguridad P\u00fablica en julio de 2011, unos meses despu\u00e9s del inicio del sexenio de Javier Duarte. Relev\u00f3 al general Sergio L\u00f3pez Esquer.<\/div>\n<div>Se le consideraba un inamovible del gabinete; incluso, el ex gobernador, hoy preso en el Reclusorio Norte, habr\u00eda comentado que primero se iba \u00e9l y luego sal\u00eda Berm\u00fadez.<\/div>\n<div>Ello no ocurri\u00f3, dado que el ex funcionario se mantuvo hasta el mes de agosto de 2016, cuando se vio obligado a renunciar en medio del esc\u00e1ndalo revelado por el entonces gobernador electo, Miguel \u00c1ngel Yunes, sobre el enriquecimiento il\u00edcito en que habr\u00eda incurrido Berm\u00fadez Zurita.<\/div>\n<div>Fue el primer ex integrante del gabinete duartista en ser detenido y puesto tras las rejas.<\/div>\n<div>Antes del ex secretario de Seguridad P\u00fablica, estuvo unos d\u00edas en Pacho Viejo el ex director del Seguro Popular, Leonel Bustos, pero tras una fianza fue liberado, lo que permiti\u00f3 su huida.<\/div>\n<div>Luego del encarcelamiento de Arturo Berm\u00fadez comenzaron a caer otros cercanos al ex gobernador Javier Duarte, peces gordos como el secretario de Gobierno, Flavino R\u00edos, quien ocup\u00f3 incluso la gubernatura de forma interina; el ex titular de Sefiplan, Mauricio Audirac Murillo; la ex vocera Gina Dom\u00ednguez; y el ex director de CAEV, Francisco Valencia\u2026<\/div>\n<div>En el caso de Berm\u00fadez, nos dicen que su defensa ya se frotaba las manos por el vencimiento de la medida cautelar; sin embargo, su liberaci\u00f3n tendr\u00e1 que esperar por lo menos otros ocho meses.<\/div>\n<div><\/div>\n<div><\/div>\n<div><strong>Fuerza Xalapa<\/strong><\/div>\n<div>As\u00ed como se gest\u00f3 el movimiento solidario #FuerzaM\u00e9xico llamando a la reconstrucci\u00f3n luego de los temblores del 7 y 19 de septiembre, as\u00ed podr\u00eda emularse la transformaci\u00f3n que se vive en la capital del estado, generado por la gesti\u00f3n ciudadana y el actuar del presente gobierno municipal.<\/div>\n<div>Las obras en infraestructura hidr\u00e1ulica y sanitaria, que rondan los 310 millones de pesos en colectores y 260 vialidades construidas y rehabilitadas en todo el municipio, adem\u00e1s de la rehabilitaci\u00f3n y equipamiento de escuelas, recuperaci\u00f3n de espacios p\u00fablicos y otras intervenciones, convierten a la administraci\u00f3n del alcalde Am\u00e9rico Z\u00fa\u00f1iga en la que m\u00e1s obras ha entregado a la poblaci\u00f3n.<\/div>\n<div>Este es el efecto transformador y de reconstrucci\u00f3n que se ha visto a lo largo de casi 4 a\u00f1os de un gobierno municipal, que ha sabido atender el impulso ciudadano para contar con la fuerza necesaria para hacer de Xalapa una ciudad con mejor calidad de vida.<\/div>\n<div><\/div>\n<div>@luisromero85<\/div>\n","protected":false},"excerpt":{"rendered":"<p>Luis Alberto Romero Hora Cero \u00a0 La defensa del ex secretario de Seguridad P\u00fablica de Veracruz, a quien se ha identificado como Arturo \u201cN\u201d, ya se frotaba las manos porque en unos d\u00edas venc\u00eda el plazo establecido para la prisi\u00f3n preventiva. Recordamos que al comenzar febrero del presente a\u00f1o, cuando el ex funcionario fue detenido, [&hellip;]<\/p>\n","protected":false},"author":2,"featured_media":0,"comment_status":"open","ping_status":"open","sticky":false,"template":"","format":"standard","meta":{"_jetpack_newsletter_access":"","_jetpack_dont_email_post_to_subs":false,"_jetpack_newsletter_tier_id":0,"_jetpack_memberships_contains_paywalled_content":false,"_jetpack_memberships_contains_paid_content":false,"footnotes":""},"categories":[70],"tags":[3590,9714,177],"class_list":["post-36840","post","type-post","status-publish","format-standard","hentry","category-de-opinion","tag-pacho-viejo","tag-prision","tag-seguridad-publica"],"jetpack_featured_media_url":"","jetpack_sharing_enabled":true,"jetpack_shortlink":"https:\/\/wp.me\/p4Qcd3-9Ac","_links":{"self":[{"href":"https:\/\/lospoliticosveracruz.com.mx\/index.php?rest_route=\/wp\/v2\/posts\/36840","targetHints":{"allow":["GET"]}}],"collection":[{"href":"https:\/\/lospoliticosveracruz.com.mx\/index.php?rest_route=\/wp\/v2\/posts"}],"about":[{"href":"https:\/\/lospoliticosveracruz.com.mx\/index.php?rest_route=\/wp\/v2\/types\/post"}],"author":[{"embeddable":true,"href":"https:\/\/lospoliticosveracruz.com.mx\/index.php?rest_route=\/wp\/v2\/users\/2"}],"replies":[{"embeddable":true,"href":"https:\/\/lospoliticosveracruz.com.mx\/index.php?rest_route=%2Fwp%2Fv2%2Fcomments&post=36840"}],"version-history":[{"count":2,"href":"https:\/\/lospoliticosveracruz.com.mx\/index.php?rest_route=\/wp\/v2\/posts\/36840\/revisions"}],"predecessor-version":[{"id":36843,"href":"https:\/\/lospoliticosveracruz.com.mx\/index.php?rest_route=\/wp\/v2\/posts\/36840\/revisions\/36843"}],"wp:attachment":[{"href":"https:\/\/lospoliticosveracruz.com.mx\/index.php?rest_route=%2Fwp%2Fv2%2Fmedia&parent=36840"}],"wp:term":[{"taxonomy":"category","embeddable":true,"href":"https:\/\/lospoliticosveracruz.com.mx\/index.php?rest_route=%2Fwp%2Fv2%2Fcategories&post=36840"},{"taxonomy":"post_tag","embeddable":true,"href":"https:\/\/lospoliticosveracruz.com.mx\/index.php?rest_route=%2Fwp%2Fv2%2Ftags&post=36840"}],"curies":[{"name":"wp","href":"https:\/\/api.w.org\/{rel}","templated":true}]}}