{"id":36847,"date":"2017-10-02T22:52:57","date_gmt":"2017-10-03T03:52:57","guid":{"rendered":"http:\/\/www.lospoliticosveracruz.com.mx\/?p=36847"},"modified":"2017-10-02T22:52:57","modified_gmt":"2017-10-03T03:52:57","slug":"feminicidios-de-juarez-a-veracruz","status":"publish","type":"post","link":"https:\/\/lospoliticosveracruz.com.mx\/?p=36847","title":{"rendered":"Feminicidios: De Ju\u00e1rez a Veracruz"},"content":{"rendered":"<p dir=\"ltr\"><strong>Salvador Mu\u00f1oz<\/strong><\/p>\n<p dir=\"ltr\"><em>Los Pol\u00edticos<\/em><\/p>\n<p>&nbsp;<\/p>\n<p dir=\"ltr\">El peligro de ser mujer en Veracruz, as\u00ed titul\u00f3 su art\u00edculo de opini\u00f3n el Senador H\u00e9ctor Yunes Landa.<\/p>\n<p dir=\"ltr\">Si bien tiene un harto de verdad su texto, se lo recomiendo, adem\u00e1s de que es preocupante, creo que le sobra en su t\u00edtulo \u201cen Veracruz\u201d. Yendo m\u00e1s lejos, creo que es una verg\u00fcenza que las mujeres vivan en una condici\u00f3n de peligro, no s\u00f3lo en esta entidad, o en Puebla, o en Tlaxcala, o en la Ciudad de M\u00e9xico\u2026 en cualquier parte del pa\u00eds.<\/p>\n<p dir=\"ltr\">Es cierto, casi todos los d\u00edas, si tenemos la mala suerte de caer en la nota roja de cualquier peri\u00f3dico, hemos de descubrir la muerte de una mujer.<\/p>\n<p dir=\"ltr\">La responsabilidad de nuestras autoridades quiz\u00e1s se pueda dividir en dos:<\/p>\n<p dir=\"ltr\">a.- Por un lado, en la investigaci\u00f3n y por ende, en la impartici\u00f3n de justicia y la aplicaci\u00f3n de la Ley, tanto para la v\u00edctima como para su victimario.<\/p>\n<p dir=\"ltr\">b.- Por otro, en la aplicaci\u00f3n de pol\u00edticas p\u00fablicas para erradicar la violencia de g\u00e9nero, que pueden ir desde oficinas p\u00fablicas y privadas, escuelas\u2026<\/p>\n<p dir=\"ltr\">En el punto \u201ca\u201d, lamentablemente, es una medida reactiva, es decir, se act\u00faa ante un hecho y lamentable en su caso.<\/p>\n<p dir=\"ltr\">El punto \u201cb\u201d, aunque parezca incre\u00edble, al menos en este sexenio, el de Enrique Pe\u00f1a Nieto, hay programas y planes en pro de erradicar la violencia de g\u00e9nero que igual se extendieron a entidades y municipios\u2026 pero pareciera que no permearon, no resultaron, fallaron.<\/p>\n<p dir=\"ltr\">\u00bfPor qu\u00e9?<\/p>\n<p dir=\"ltr\">II<\/p>\n<p dir=\"ltr\">Hace m\u00e1s de una semana que empezamos a usar en casa, una aplicaci\u00f3n interesante. Se llama Life360. \u00bfEn qu\u00e9 consiste? B\u00e1sicamente lo puedo resumir as\u00ed: Me dice si ya lleg\u00f3 la mujer al trabajo, si la hija lleg\u00f3 a su oficina o por d\u00f3nde vuela mi suegra\u2026 uno genera con esa aplicaci\u00f3n un c\u00edrculo (yo hice el de \u201cFamilia\u201d) y lo mejor es que puedo integrar a mis parientes que est\u00e1n en la Ciudad de M\u00e9xico y a los que est\u00e1n en Xalapa sin ning\u00fan problema porque cuando alguien llega a un destino, la aplicaci\u00f3n me avisa.<\/p>\n<p dir=\"ltr\">Por supuesto, a muchos no les agrada esta aplicaci\u00f3n porque de cierto modo, se sienten vigilados, espiados u observados\u2026 un integrante de la familia de plano no acept\u00f3 integrarse al c\u00edrculo\u2026 por ende, no baj\u00f3 la aplicaci\u00f3n. Otro, se molest\u00f3 porque sinti\u00f3 invadida su privacidad\u2026 es complejo el inter\u00e9s de la seguridad por la familia.<\/p>\n<p dir=\"ltr\">La aplicaci\u00f3n igual avisa que la bater\u00eda de tu familiar se est\u00e1 agotando y recomienda que le hables para que cargue su celular.<\/p>\n<p dir=\"ltr\">En lo particular, me gusta esta aplicaci\u00f3n y hubo una ocasi\u00f3n en la que mi hija, saliendo de su trabajo, tard\u00f3 un poco m\u00e1s de lo habitual. Me dirig\u00ed a la aplicaci\u00f3n y vi que ten\u00eda un largo rato situada a la altura de Los Berros, un parque de Xalapa. Le habl\u00e9 y me dijo que hab\u00eda mucho tr\u00e1fico, que en ese momento, el taxista decid\u00eda tomar otro rumbo y fue as\u00ed\u2026 la aplicaci\u00f3n de inmediato me dio la nueva ruta: Circuito Presidentes, y todo volvi\u00f3 a la normalidad. Vamos, a lo que llevamos de usarla, \u00a1sirve!<\/p>\n<p dir=\"ltr\">III<\/p>\n<p dir=\"ltr\">Platico con la mujer y le pregunto: \u00bfCu\u00e1l era la referencia negra de los feminicidios en M\u00e9xico? \u00a1Ciudad Ju\u00e1rez! S\u00ed, \u201cera\u201d. \u00bfQu\u00e9 pas\u00f3? \u00bfC\u00f3mo es que de repente dejamos de hablar de \u201clas muertas de Ju\u00e1rez\u201d y nuestras pl\u00e1ticas sobre este t\u00e9trico tema se concentran en Tlaxcala, Puebla, Ciudad de M\u00e9xico, Veracruz?<\/p>\n<p dir=\"ltr\">Bueno, primero habr\u00eda que entender que lo ocurrido en Ciudad Ju\u00e1rez, adem\u00e1s de feminicidio, pudo tratarse de otra cosa, m\u00e1s cuando sus v\u00edctimas (contabilizadas hasta 700 aproximadamente) en un periodo de diez a\u00f1os si no mal se recuerda, oscilaban entre 15 y 22 a\u00f1os la mayor\u00eda.<\/p>\n<p dir=\"ltr\">No quiere decir que ya no haya feminicidios en Ciudad Ju\u00e1rez, simplemente dej\u00f3 de hablarse de ello, como si el problema se hubiera trasladado a otro lugar.<\/p>\n<p dir=\"ltr\">Y comentaba al principio que si bien, H\u00e9ctor Yunes Landa tiene mucho de raz\u00f3n en sus comentarios, creo que deja de lado uno esencial m\u00e1s all\u00e1 de la labor de las autoridades encargadas de investigar y aplicar justicia, as\u00ed como de las que se encargan de pol\u00edticas p\u00fablicas\u2026 no pueden remendar hoyos en la casa. Hay que preguntarnos si preferimos seguir exigiendo investigaciones y expedientes, o acabar desde la ra\u00edz con la \u201ccosificaci\u00f3n\u201d que desde casa se hace de la mujer\u2026 o en un momento dado, trasladar el problema a otro estado.<\/p>\n<p>&nbsp;<\/p>\n<p dir=\"ltr\"><a href=\"mailto:smcainito@gmail.com\" target=\"_blank\" rel=\"noopener noreferrer\">smcainito@gmail.com<\/a><\/p>\n","protected":false},"excerpt":{"rendered":"<p>Salvador Mu\u00f1oz Los Pol\u00edticos &nbsp; El peligro de ser mujer en Veracruz, as\u00ed titul\u00f3 su art\u00edculo de opini\u00f3n el Senador H\u00e9ctor Yunes Landa. Si bien tiene un harto de verdad su texto, se lo recomiendo, adem\u00e1s de que es preocupante, creo que le sobra en su t\u00edtulo \u201cen Veracruz\u201d. Yendo m\u00e1s lejos, creo que es [&hellip;]<\/p>\n","protected":false},"author":2,"featured_media":0,"comment_status":"open","ping_status":"open","sticky":false,"template":"","format":"standard","meta":{"_jetpack_newsletter_access":"","_jetpack_dont_email_post_to_subs":false,"_jetpack_newsletter_tier_id":0,"_jetpack_memberships_contains_paywalled_content":false,"_jetpack_memberships_contains_paid_content":false,"footnotes":""},"categories":[70],"tags":[348,9718,3221,9717,195],"class_list":["post-36847","post","type-post","status-publish","format-standard","hentry","category-de-opinion","tag-hector-yunes-landa","tag-life360","tag-mujer","tag-peligro","tag-veracruz"],"jetpack_featured_media_url":"","jetpack_sharing_enabled":true,"jetpack_shortlink":"https:\/\/wp.me\/p4Qcd3-9Aj","_links":{"self":[{"href":"https:\/\/lospoliticosveracruz.com.mx\/index.php?rest_route=\/wp\/v2\/posts\/36847","targetHints":{"allow":["GET"]}}],"collection":[{"href":"https:\/\/lospoliticosveracruz.com.mx\/index.php?rest_route=\/wp\/v2\/posts"}],"about":[{"href":"https:\/\/lospoliticosveracruz.com.mx\/index.php?rest_route=\/wp\/v2\/types\/post"}],"author":[{"embeddable":true,"href":"https:\/\/lospoliticosveracruz.com.mx\/index.php?rest_route=\/wp\/v2\/users\/2"}],"replies":[{"embeddable":true,"href":"https:\/\/lospoliticosveracruz.com.mx\/index.php?rest_route=%2Fwp%2Fv2%2Fcomments&post=36847"}],"version-history":[{"count":1,"href":"https:\/\/lospoliticosveracruz.com.mx\/index.php?rest_route=\/wp\/v2\/posts\/36847\/revisions"}],"predecessor-version":[{"id":36849,"href":"https:\/\/lospoliticosveracruz.com.mx\/index.php?rest_route=\/wp\/v2\/posts\/36847\/revisions\/36849"}],"wp:attachment":[{"href":"https:\/\/lospoliticosveracruz.com.mx\/index.php?rest_route=%2Fwp%2Fv2%2Fmedia&parent=36847"}],"wp:term":[{"taxonomy":"category","embeddable":true,"href":"https:\/\/lospoliticosveracruz.com.mx\/index.php?rest_route=%2Fwp%2Fv2%2Fcategories&post=36847"},{"taxonomy":"post_tag","embeddable":true,"href":"https:\/\/lospoliticosveracruz.com.mx\/index.php?rest_route=%2Fwp%2Fv2%2Ftags&post=36847"}],"curies":[{"name":"wp","href":"https:\/\/api.w.org\/{rel}","templated":true}]}}