{"id":37104,"date":"2017-10-15T23:30:16","date_gmt":"2017-10-16T04:30:16","guid":{"rendered":"http:\/\/www.lospoliticosveracruz.com.mx\/?p=37104"},"modified":"2017-10-15T23:30:16","modified_gmt":"2017-10-16T04:30:16","slug":"alcaldes-por-la-gubernatura","status":"publish","type":"post","link":"https:\/\/lospoliticosveracruz.com.mx\/?p=37104","title":{"rendered":"Alcaldes por la Gubernatura"},"content":{"rendered":"<p dir=\"ltr\"><strong>Salvador Mu\u00f1oz<\/strong><\/p>\n<p dir=\"ltr\"><em>Los Pol\u00edticos\u00a0<\/em><\/p>\n<p dir=\"ltr\">\n<p>&nbsp;<\/p>\n<p dir=\"ltr\">As\u00ed, de botepronto, hay en el escenario pol\u00edtico, tres alcaldes que aspiran pasar de la silla municipal a la estatal, sin tener que \u201ccubrir\u201d algunos \u201cusos y costumbres\u201d que s\u00f3lo en el imaginario de unos, se ten\u00edan que \u201cllenar\u201d para poder ser incluido para la Gubernatura. Entre estos ediles est\u00e1n Enrique Alfaro, Juan Manuel Diez Francos y Miguel \u00c1ngel Yunes M\u00e1rquez.<\/p>\n<p dir=\"ltr\">Cito al primero, presidente municipal de Guadalajara, que por llegar al cargo a una de las ciudades m\u00e1s importantes y relevantes del pa\u00eds v\u00eda el partido de Dante Delgado Rannauro, no podemos pasarlo por alto si es que decide apostar por la Gubernatura de Jalisco, y por supuesto, en caso de un triunfo, significar\u00eda mucho para el cordob\u00e9s que su partido fuera el mandam\u00e1s en uno de los cuatro estados con el padr\u00f3n m\u00e1s alto en M\u00e9xico.<\/p>\n<p dir=\"ltr\">En el caso de los ediles de Orizaba y Boca del R\u00edo, \u00e9stos se cuecen diferente, al estilo veracruzano.<\/p>\n<p dir=\"ltr\">II<\/p>\n<p dir=\"ltr\">Pareciera que con Javier Duarte de Ochoa se abrieron las \u201cfacilidades\u201d para que cualquier hijo de vecino \u201ccubriera\u201d los requisitos que demandaba el PRI y tuviera pase directo a la candidatura, aunque siendo sinceros, no ser\u00eda el primer diputado federal del Revolucionario veracruzano que de San L\u00e1zaro salta en pos de la Gubernatura\u2026 tenemos a otro Ochoa\u2026 don Rafael Hern\u00e1ndez Ochoa, quien coincidentemente, antes que ser Legislador fue secretario de Trabajo y Previsi\u00f3n, \u00a1claro! pero a nivel federal, y si lo lanzan al Congreso de la Uni\u00f3n, creo que fue una forma de vincularlo a la entidad, porque si bien hab\u00eda sido Jefe del Departamento Jur\u00eddico del Gobierno de Veracruz, la mayor parte de sus cargos fueron nacionales o del \u00e1mbito federal, como fue ser presidente de la Confederaci\u00f3n Nacional Ganadera o en la Secretar\u00eda de Gobernaci\u00f3n (Secretario Auxiliar del Subsecretario, Subdirector General de Poblaci\u00f3n, Subdirector General de Administraci\u00f3n, Director General de Investigaciones Pol\u00edticas y Sociales y Subsecretario de Gobernaci\u00f3n).<\/p>\n<p dir=\"ltr\">La diferencia con el \u201cgordob\u00e9s\u201d es obvia\u2026<\/p>\n<p dir=\"ltr\">Por supuesto, tampoco podemos pasar de largo que llevamos al hilo dos diputados federales que de San L\u00e1zaro saltaron a la Gubernatura\u2026 el otro es Miguel \u00c1ngel Yunes Linares que, al igual que Don Rafael, al lado de Duarte, no tiene nada que hacer.<\/p>\n<p dir=\"ltr\">\u00bfEl curriculum de MAYL? sobra citarlo.<\/p>\n<p dir=\"ltr\">III<\/p>\n<p dir=\"ltr\">Con estos tres casos, al menos el PAN y el PRI rompieron la creencia que ser Senador era antesala segura para convertirse en candidato a la gubernatura\u2026 eso lo supo H\u00e9ctor Yunes Landa y lamentablemente no por las condiciones del electorado, sino de su propio partido, o m\u00e1s bien de Fidel Herrera Beltr\u00e1n, quien junto con Miguel Alem\u00e1n, fueron dos Senadores que de la C\u00e1mara Alta pasan a la candidatura para Gobernador.<\/p>\n<p dir=\"ltr\">Y si ponemos en la balanza a estos dos ex senadores en cuesti\u00f3n de talacha en los cargos de representaci\u00f3n popular o como funcionarios p\u00fablicos, el de Nopaltepec se lleva de calle a quien sigui\u00f3 como reportero, el aterrizaje del hombre en la luna, porque a ojo de buen cubero, con riesgo de equivocarme, era m\u00e1s apellido lo de don Miguel, que lo de trabajo partidista para el primer cargo que obtuvo: Senador. De la famosa Nauyaca, antes de ser Gobernador fue tres veces diputado federal y dos veces Senador, entre los cargos de representaci\u00f3n popular; como funcionario federal o estatal, la lista es larga.<\/p>\n<p dir=\"ltr\">IV<\/p>\n<p dir=\"ltr\">Claro que hay quienes ni diputado ni senador fueron\u2026 si me equivoco, corr\u00edjanme: Agust\u00edn Acosta Lagunes fue un candidato que vino del Centro, del Altiplano, de Los Pinos directamente. De director de la Casa de Moneda de Hacienda pasa a candidato. Fernando Guti\u00e9rrez Barrios, durante muchos a\u00f1os en Servicios de Inteligencia y subsecretario de Gobernaci\u00f3n, aunque su primer cargo \u201cpol\u00edtico\u201d fue director general de Caminos y Puentes Federales\u2026 salta como candidato. O qu\u00e9 decir de Patricio Chirinos Calero, quien desde la secretar\u00eda de Desarrollo Urbano es lanzado para buscar la gubernatura de Veracruz.<\/p>\n<p dir=\"ltr\">Creo que los casos de los secretarios de Gobierno que pasan a Gobernador, como Dante Delgado y Flavino R\u00edos, si bien son especiales, tampoco fueron as\u00ed como que improvisados\u2026 el cordob\u00e9s ya hab\u00eda sido diputado federal, subsecretario de Gobierno, delegado de la SEP, por citar. El \u201coaxaque\u00f1o\u201d, con cargos en la SEP, subsecretario de Gobierno y Secretario de Educaci\u00f3n, ya hab\u00eda sido diputado local.<\/p>\n<p dir=\"ltr\">V<\/p>\n<p dir=\"ltr\">Ahora, con la posibilidad de que dos alcaldes veracruzanos los lancen como candidatos a la gubernatura de Veracruz, todos estos esquemas, \u201cusos y costumbres\u201d, modos, estilos de hacer candidatos, pareciera que pudieran venirse abajo tanto en el PAN como \u00bfen el PRI?, y es que en el caso de Juan Manuel Diez Francos, hasta el momento, no se tiene en claro por qu\u00e9 partido podr\u00eda contender, porque si bien ha sido dos veces alcalde y diputado federal por el PRI, no pasa desapercibida la deferencia que ha tenido el gobernador Yunes Linares con \u00e9l al reconocer el enorme trabajo que ha hecho en Orizaba, la cual ha sido transformada en cantidad durante sus administraciones. Por cierto, Miguel \u00c1ngel Yunes M\u00e1rquez ha sido igual dos veces alcalde de Boca del R\u00edo y una vez diputado local, \u00a1ah! y en el gobierno de Felipe Calder\u00f3n particip\u00f3 como Coordinador Estatal del Programa Oportunidades de la Secretar\u00eda de Desarrollo Social&#8230; si hab\u00eda un desnivel con Diez Francos por haber sido \u00e9ste diputado federal, con el cargo en Sedesol se pudiera nivelar la balanza.<\/p>\n<p dir=\"ltr\">Los cosas cambian\u2026 creo que nos queda claro, en los tiempos m\u00e1s recientes, que ser Senador o diputado federal no es garant\u00eda ni de ser candidato y mucho menos de que haya un Gobierno honesto, incorruptible\u2026 aunque tampoco nos garantiza nada que Veracruz tenga \u00e9xito si se gobierna como un municipio o se administra como un negocio o con los cuates; o en donde la popularidad, como en el caso de Alfaro, tampoco es suficiente para sacar adelante a Jalisco\u2026 al final, es lo que menos importa\u2026 lo que realmente vale es el voto en la urna, no m\u00e1s.<\/p>\n<p>&nbsp;<\/p>\n<p dir=\"ltr\"><a href=\"mailto:smcainito@gmail.com\" target=\"_blank\" rel=\"noopener noreferrer\">smcainito@gmail.com<\/a><\/p>\n","protected":false},"excerpt":{"rendered":"<p>Salvador Mu\u00f1oz Los Pol\u00edticos\u00a0 &nbsp; As\u00ed, de botepronto, hay en el escenario pol\u00edtico, tres alcaldes que aspiran pasar de la silla municipal a la estatal, sin tener que \u201ccubrir\u201d algunos \u201cusos y costumbres\u201d que s\u00f3lo en el imaginario de unos, se ten\u00edan que \u201cllenar\u201d para poder ser incluido para la Gubernatura. Entre estos ediles est\u00e1n [&hellip;]<\/p>\n","protected":false},"author":2,"featured_media":0,"comment_status":"open","ping_status":"open","sticky":false,"template":"","format":"standard","meta":{"_jetpack_newsletter_access":"","_jetpack_dont_email_post_to_subs":false,"_jetpack_newsletter_tier_id":0,"_jetpack_memberships_contains_paywalled_content":false,"_jetpack_memberships_contains_paid_content":false,"footnotes":""},"categories":[70],"tags":[9841,662,3815,1640,536],"class_list":["post-37104","post","type-post","status-publish","format-standard","hentry","category-de-opinion","tag-enrique-alfaro","tag-gubernatura","tag-jalisco","tag-juan-manuel-diez-francos","tag-miguel-angel-yunes-marquez"],"jetpack_featured_media_url":"","jetpack_sharing_enabled":true,"jetpack_shortlink":"https:\/\/wp.me\/p4Qcd3-9Es","_links":{"self":[{"href":"https:\/\/lospoliticosveracruz.com.mx\/index.php?rest_route=\/wp\/v2\/posts\/37104","targetHints":{"allow":["GET"]}}],"collection":[{"href":"https:\/\/lospoliticosveracruz.com.mx\/index.php?rest_route=\/wp\/v2\/posts"}],"about":[{"href":"https:\/\/lospoliticosveracruz.com.mx\/index.php?rest_route=\/wp\/v2\/types\/post"}],"author":[{"embeddable":true,"href":"https:\/\/lospoliticosveracruz.com.mx\/index.php?rest_route=\/wp\/v2\/users\/2"}],"replies":[{"embeddable":true,"href":"https:\/\/lospoliticosveracruz.com.mx\/index.php?rest_route=%2Fwp%2Fv2%2Fcomments&post=37104"}],"version-history":[{"count":1,"href":"https:\/\/lospoliticosveracruz.com.mx\/index.php?rest_route=\/wp\/v2\/posts\/37104\/revisions"}],"predecessor-version":[{"id":37105,"href":"https:\/\/lospoliticosveracruz.com.mx\/index.php?rest_route=\/wp\/v2\/posts\/37104\/revisions\/37105"}],"wp:attachment":[{"href":"https:\/\/lospoliticosveracruz.com.mx\/index.php?rest_route=%2Fwp%2Fv2%2Fmedia&parent=37104"}],"wp:term":[{"taxonomy":"category","embeddable":true,"href":"https:\/\/lospoliticosveracruz.com.mx\/index.php?rest_route=%2Fwp%2Fv2%2Fcategories&post=37104"},{"taxonomy":"post_tag","embeddable":true,"href":"https:\/\/lospoliticosveracruz.com.mx\/index.php?rest_route=%2Fwp%2Fv2%2Ftags&post=37104"}],"curies":[{"name":"wp","href":"https:\/\/api.w.org\/{rel}","templated":true}]}}