{"id":37788,"date":"2017-11-16T10:49:12","date_gmt":"2017-11-16T16:49:12","guid":{"rendered":"http:\/\/www.lospoliticosveracruz.com.mx\/?p=37788"},"modified":"2017-11-16T10:49:12","modified_gmt":"2017-11-16T16:49:12","slug":"los-abucheos-a-yunes-landa","status":"publish","type":"post","link":"https:\/\/lospoliticosveracruz.com.mx\/?p=37788","title":{"rendered":"Los abucheos a Yunes Landa"},"content":{"rendered":"<div><b><\/b><strong>Luis Alberto Romero<\/strong><\/div>\n<div>\n<div><em>Hora Cero<\/em><\/div>\n<div><\/div>\n<div><\/div>\n<\/div>\n<div><\/div>\n<div>Durante el Festival de los Globos de Cantoya celebrado en el pueblo m\u00e1gico de Zozocolco de Hidalgo, ubicado en la regi\u00f3n del Totonacapan, a los reporteros que cubr\u00edan dicho evento llam\u00f3 la atenci\u00f3n el trato que dieron los asistentes al senador H\u00e9ctor Yunes Landa.<\/div>\n<div>Para quien no conoce Zozocolco dir\u00e9 que para llegar a este lugar hay que tomar la carretera Papantla-Coyutla, entrando por la comunidad de El Chote; es una hora de camino sinuoso, accidentado por el deterioro que acusa la carpeta asf\u00e1ltica.<\/div>\n<div>Zozocolco es un pueblo pobre pero con una arraigada cultura; su evento es el segundo m\u00e1s importante de la regi\u00f3n, superado s\u00f3lo por la Cumbre Taj\u00edn. Miles de personas se congregan en este lugar, al que acuden una semana despu\u00e9s de las festividades de Todos Santos y Fieles Difuntos.<\/div>\n<div>El pasado s\u00e1bado, la nota en Zozocolco fue\u00a0 ese festival, en el que participaron artesanos de Veracruz y otras entidades pa\u00eds. 60 enormes globos soltaron en ese marco, lo que fue admirado por m\u00e1s de dos mil personas.<\/div>\n<div>El s\u00e1bado, el festival de los globos se desarrollaba con normalidad en este pueblo m\u00e1gico; justo a las 12:35 horas, el presentador, el animador del evento se desga\u00f1itaba anunciando el trabajo de los artesanos de San Andr\u00e9s Tuxtla, los participantes que abrieron; inmediatamente despu\u00e9s de elevar el primer globo, el sujeto tom\u00f3 el micr\u00f3fono y abri\u00f3 el grito \u201cvamos a darle la bienvenida a nuestro amigo, al senador licenciado H\u00e9ctor Yunes Landa, que hace acto de presencia aqu\u00ed en este lugar, Zozocolco de Hidalgo, Veracruz, pueblo m\u00e1gico; senador H\u00e9ctor Yunes Landa, bienvenido a este pueblo de Zozocolco\u2026\u201d; fue en ese instante cuando los aplausos que lanz\u00f3 el respetable por la elevaci\u00f3n del globo de San Andr\u00e9s se convirtieron en abucheos y reclamos.<\/div>\n<div>El grito de \u201cfuera, fuera\u201d se escuch\u00f3 en Zozocolco; al igual que airados reclamos: \u201cv\u00e1yase por la carretera para que vea como est\u00e1, para que vea lo que se siente\u201d.<\/div>\n<div>En un intento desesperado, el locutor volv\u00eda a dar la bienvenida \u201ca nuestro amigo el senador\u201d, pero la gente m\u00e1s gritaba \u201cfuera, fuera\u201d.<\/div>\n<div>Yunes Landa saludaba mostrando palmar y dorsal de la mano derecha, pero su incomodidad era evidente; r\u00e1pido entr\u00f3 al atrio de la iglesia San Miguel Arc\u00e1ngel, una construcci\u00f3n de piedra que tiene m\u00e1s de 400 a\u00f1os de antig\u00fcedad y que es considerada una de las primeras del pa\u00eds. Acompa\u00f1ado por el alcalde, Alejandro Garc\u00eda Rodr\u00edguez, el senador sali\u00f3 de prisa por la puerta trasera y los asistentes al festival de los globos de Zozocolco ya no le volvieron a ver.<\/div>\n<div>El s\u00e1bado, el incidente fue difundido a trav\u00e9s de las redes sociales; incluso, los acompa\u00f1antes del ex candidato a la gubernatura por el PRI-Verde tuvieron que interrumpir la emisi\u00f3n en vivo por Facebook, cuando se percataron del recibimiento.<\/div>\n<div>Algunos medios digitales retomaron el hecho. Uno de los reporteros que cubrieron el evento de Zozocolco fue Francisco de Luna, originario de esa regi\u00f3n, quien envi\u00f3 la informaci\u00f3n, con video incluido, de los abucheos a Yunes Landa.<\/div>\n<div>Nos platica el reportero que el senador se comunic\u00f3 v\u00eda telef\u00f3nica para hablar sobre el incidente; le dijo H\u00e9ctor Yunes que en realidad los gritos no iban contra \u00e9l, sino contra el gobernador Miguel \u00c1ngel Yunes.<\/div>\n<div>De acuerdo con la explicaci\u00f3n Yunes Landa, el reproche era contra el ejecutivo; es decir, la gente los habr\u00eda confundido.<\/div>\n<div>Sin embargo, el hecho de que el animador repitiera una y otra vez \u201cnuestro amigo el senador\u201d no deja lugar a dudas. Como sea, el incidente, que s\u00f3lo es un tema para el anecdotario, nos revela el nivel de hartazgo social en la regi\u00f3n del Totonacapan, por el grado de abandono, marginaci\u00f3n y pobreza que presentan esos pueblos, donde la poblaci\u00f3n se siente olvidada por las autoridades; a ese punto se suman otros dos factores: el p\u00e9simo estado de las v\u00edas de comunicaci\u00f3n y el intento de uso pol\u00edtico de un evento netamente cultural. @luisromero85<\/div>\n","protected":false},"excerpt":{"rendered":"<p>Luis Alberto Romero Hora Cero Durante el Festival de los Globos de Cantoya celebrado en el pueblo m\u00e1gico de Zozocolco de Hidalgo, ubicado en la regi\u00f3n del Totonacapan, a los reporteros que cubr\u00edan dicho evento llam\u00f3 la atenci\u00f3n el trato que dieron los asistentes al senador H\u00e9ctor Yunes Landa. Para quien no conoce Zozocolco dir\u00e9 [&hellip;]<\/p>\n","protected":false},"author":2,"featured_media":0,"comment_status":"open","ping_status":"open","sticky":false,"template":"","format":"standard","meta":{"_jetpack_newsletter_access":"","_jetpack_dont_email_post_to_subs":false,"_jetpack_newsletter_tier_id":0,"_jetpack_memberships_contains_paywalled_content":false,"_jetpack_memberships_contains_paid_content":false,"footnotes":""},"categories":[70],"tags":[10165,348,2201],"class_list":["post-37788","post","type-post","status-publish","format-standard","hentry","category-de-opinion","tag-festival-de-los-globos-de-cantoya","tag-hector-yunes-landa","tag-totonacapan"],"jetpack_featured_media_url":"","jetpack_sharing_enabled":true,"jetpack_shortlink":"https:\/\/wp.me\/p4Qcd3-9Pu","_links":{"self":[{"href":"https:\/\/lospoliticosveracruz.com.mx\/index.php?rest_route=\/wp\/v2\/posts\/37788","targetHints":{"allow":["GET"]}}],"collection":[{"href":"https:\/\/lospoliticosveracruz.com.mx\/index.php?rest_route=\/wp\/v2\/posts"}],"about":[{"href":"https:\/\/lospoliticosveracruz.com.mx\/index.php?rest_route=\/wp\/v2\/types\/post"}],"author":[{"embeddable":true,"href":"https:\/\/lospoliticosveracruz.com.mx\/index.php?rest_route=\/wp\/v2\/users\/2"}],"replies":[{"embeddable":true,"href":"https:\/\/lospoliticosveracruz.com.mx\/index.php?rest_route=%2Fwp%2Fv2%2Fcomments&post=37788"}],"version-history":[{"count":1,"href":"https:\/\/lospoliticosveracruz.com.mx\/index.php?rest_route=\/wp\/v2\/posts\/37788\/revisions"}],"predecessor-version":[{"id":37789,"href":"https:\/\/lospoliticosveracruz.com.mx\/index.php?rest_route=\/wp\/v2\/posts\/37788\/revisions\/37789"}],"wp:attachment":[{"href":"https:\/\/lospoliticosveracruz.com.mx\/index.php?rest_route=%2Fwp%2Fv2%2Fmedia&parent=37788"}],"wp:term":[{"taxonomy":"category","embeddable":true,"href":"https:\/\/lospoliticosveracruz.com.mx\/index.php?rest_route=%2Fwp%2Fv2%2Fcategories&post=37788"},{"taxonomy":"post_tag","embeddable":true,"href":"https:\/\/lospoliticosveracruz.com.mx\/index.php?rest_route=%2Fwp%2Fv2%2Ftags&post=37788"}],"curies":[{"name":"wp","href":"https:\/\/api.w.org\/{rel}","templated":true}]}}