{"id":38184,"date":"2017-12-03T22:39:13","date_gmt":"2017-12-04T04:39:13","guid":{"rendered":"http:\/\/www.lospoliticosveracruz.com.mx\/?p=38184"},"modified":"2017-12-04T13:03:27","modified_gmt":"2017-12-04T19:03:27","slug":"cinthya-kirsch-y-la-violencia-politica","status":"publish","type":"post","link":"https:\/\/lospoliticosveracruz.com.mx\/?p=38184","title":{"rendered":"Cinthya, Kirsch y la Violencia Pol\u00edtica"},"content":{"rendered":"<p align=\"JUSTIFY\"><b><\/b><b><\/b><span style=\"font-family: 'Times New Roman', serif;\"><b>Brenda Caballero<\/b><\/span><\/p>\n<p align=\"JUSTIFY\"><em>N\u00fameros Rojos<\/em><\/p>\n<p align=\"JUSTIFY\"><span style=\"font-family: 'Times New Roman', serif;\">\u00bfHas sufrido violencia pol\u00edtica? Le pregunto a la diputada Cinthya Amaranta Lobato Calder\u00f3n al terminar la Conferencia Magistral \u201cViolencia Simb\u00f3lica y los Medios de Comunicaci\u00f3n\u201d de la periodista Sara Lovera L\u00f3pez. \u201cS\u00ed, s\u00ed, s\u00ediii\u201d, me contesta con la afirmaci\u00f3n pronunciada, \u201cyo antes dec\u00eda &#8216;no, esa violencia pol\u00edtica no&#8217;, pero s\u00ed, definitivamente s\u00ed he sufrido violencia pol\u00edtica y tambi\u00e9n por ser mujer es muy espec\u00edfica. A m\u00ed me paso aqu\u00ed, sufr\u00ed violencia entre las propias mujeres&#8230; No es lo mismo la competencia entre hombres en la pol\u00edtica, se ven como iguales, no pasa nada si eres t\u00fa o yo, pero\u2026\u00a1que sea una &#8216;vieja&#8217;! con esa palabra, es triste&#8230; Antes, nunca, nunca me hab\u00eda pasado&#8230; Hoy te puedo decir que s\u00ed, definitivamente\u201d.<\/span><\/p>\n<p align=\"JUSTIFY\"><span style=\"font-family: 'Times New Roman', serif;\">Cinthya comenta que la han hecho a un lado, que muchas veces no han tomado en cuenta sus planes y proyectos y pone de ejemplo los foros ciudadanos que est\u00e1 realizando. Desde su punto de vista consideraba que todos los legisladores ten\u00edan que andar recorriendo sus municipios, escuchando a los ciudadanos para transformar sus temas en legislaci\u00f3n y \u201cno seguir legislando desde un escritorio\u201d, pues Veracruz requiere de muchas reformas y muchas modificaciones y es necesario ponerse a la vanguardia.<\/span><\/p>\n<p align=\"JUSTIFY\"><span style=\"font-family: 'Times New Roman', serif;\">Al preguntarle si ha pensado en reelegirse, me dice que ama a Xalapa y a Veracruz, por lo que le gustar\u00eda seguir participando en pol\u00edtica. Por el momento no ha pensado en reelegirse, porque tiene mucho trabajo desde la Comisi\u00f3n que tiene de Desarrollo Municipal, en la que ve todos los temas: deportes, mujeres, derechos humanos, pero trata de que participen los ciudadanos, pues Veracruz requiere del talento de la imaginaci\u00f3n todos, desde la trinchera en la que estemos; entonces, si se llegara a reelegir, ser\u00eda por la diputaci\u00f3n local, pues considera que hay muchas cosas por hacer en los municipios.<\/span><\/p>\n<p align=\"JUSTIFY\"><span style=\"font-family: 'Times New Roman', serif;\">En su opini\u00f3n, considera que deber\u00eda haber m\u00e1s sesiones al mes, m\u00ednimo tres veces, ya que actualmente la Legislatura sesiona una vez, y hay que sacar muchas iniciativas, como la del diputado Kirsch, sobre Violencia Pol\u00edtica que est\u00e1 desde mayo.<\/span><\/p>\n<p align=\"JUSTIFY\"><span style=\"font-family: 'Times New Roman', serif;\">Como ejemplo de iniciativas en la \u201ccongeladora\u201d, se\u00f1al\u00f3 alrededor de cuatro sobre municipios, que si no se aprueban este a\u00f1o, no podr\u00e1n surtir efecto. Con respecto a los planes de desarrollo municipal, considera deber\u00edan tener una visi\u00f3n a 30 a\u00f1os, para que hagan una planeaci\u00f3n real, con cifras y estad\u00edsticas, y no ocurrencias; y si los alcaldes entrantes posteriormente deciden, tendr\u00edan que hacer una consulta ciudadana.<\/span><\/p>\n<p align=\"JUSTIFY\"><span style=\"font-family: 'Times New Roman', serif;\">Escuchando a Sara Lovera, tambi\u00e9n se encontraba muy atento el diputado Jos\u00e9 Kirsch, a quien le preguntamos sobre su iniciativa de Violencia Pol\u00edtica que present\u00f3. Al respecto se\u00f1al\u00f3 que \u00e9sta se encuentra en la Comisi\u00f3n Permanente de Justicia y Puntos Constitucionales e Igualdad de G\u00e9nero para su dictaminaci\u00f3n.<\/span><\/p>\n<p align=\"JUSTIFY\"><span style=\"font-family: 'Times New Roman', serif;\">Pero \u00bfQu\u00e9 motiva al diputado Jos\u00e9 Kirsch S\u00e1nchez para hacer una iniciativa de violencia pol\u00edtica? \u201cMe motiva el hecho de ver que la mujer en Veracruz, a pesar que tiene los mismos derechos que el hombre con su actuaci\u00f3n pol\u00edtica cuando aspira a alg\u00fan cargo, es menospreciada, incluso insultada o se le tratan de violar sus derechos y no dejarla participar, todav\u00eda tenemos ese estigma los hombres, no dejar que la mujer salga adelante y eso empec\u00e9 a notarlo y es injusto\u201d. La violencia contra la mujer es algo que se castiga en el estado, la violencia contra la familia, la violencia institucional, la violencia sexual, el bullying, pero entre estos tipos de violencia no est\u00e1 tipificada la violencia pol\u00edtica contra la mujer, que es la acci\u00f3n de restringir, suspender e impedir el ejercicio de sus derechos pol\u00edtico electorales.<\/span><\/p>\n<p align=\"JUSTIFY\"><span style=\"font-family: 'Times New Roman', serif;\">La Iniciativa con proyecto de decreto que adiciona el Cap\u00edtulo VII Ter, con la denominaci\u00f3n \u201cViolencia Pol\u00edtica\u201d y, en \u00e9ste, el Art\u00edculo 367 Ter, al T\u00edtulo XXI del C\u00f3digo Penal para el Estado de Veracruz de Ignacio de la Llave, se\u00f1ala que la violencia pol\u00edtica se origina cuando existen amenazas, coacci\u00f3n, insultos, humillaci\u00f3n en contra de las mujeres que participan en la pol\u00edtica, se impida su inclusi\u00f3n en campa\u00f1as pol\u00edticas, se les niegue o restrinja en el ejercicio de un cargo p\u00fablico y se les presione a dejar sus cargos. De acuerdo a la Fepade en Veracruz, durante el proceso electoral 2014-2015, se registraron en nuestro estado 38 casos que podr\u00edan asimilarse al tipo penal de violencia pol\u00edtica en contra de las mujeres.<\/span><\/p>\n<p align=\"JUSTIFY\"><span style=\"font-family: 'Times New Roman', serif;\">La pasada legislatura aprob\u00f3 la inclusi\u00f3n de la violencia pol\u00edtica dentro de la Ley de Acceso de las Mujeres a una Vida Libre de Violencia para el Estado de Veracruz; sin embargo, estaba pendiente su tipificaci\u00f3n en el C\u00f3digo Penal de nuestro estado a efecto de sancionar a quien o quienes incurran en este supuesto. Por tal motivo el diputado Kirsch propone establecer como delito en el C\u00f3digo Penal para el Estado de Veracruz, de la forma siguiente: <\/span><span style=\"font-family: 'Times New Roman', serif;\"><i>\u201cArt\u00edculo 367 ter. A quien realice por s\u00ed o a trav\u00e9s de terceros cualquier acci\u00f3n u omisi\u00f3n que causen da\u00f1o f\u00edsico, psicol\u00f3gico, sexual, econ\u00f3mico o de otra \u00edndole, resultado de prejuicios de g\u00e9nero en contra de una o m\u00e1s mujeres, para restringir, suspender o impedir el ejercicio de sus derechos pol\u00edtico-electorales o inducirla u obligarla a tomar decisiones de la misma \u00edndole en contra de su voluntad o de la ley, se le impondr\u00e1 prisi\u00f3n de dos a seis a\u00f1os y multa de siete mil a quince mil pesos\u201d<\/i><\/span><\/p>\n<p align=\"JUSTIFY\"><a target=\"_blank\" rel=\"noopener noreferrer\" name=\"x__GoBack\"><\/a><span style=\"font-family: 'Times New Roman', serif;\">* Y en Mujeres&amp;Mujeres: Es extra\u00f1a la petici\u00f3n que hace Marcela Dolores Guerra Osorno, quien se inscribi\u00f3 como aspirante al Consejo Consultivo del Instituto Veracruzano de las Mujeres avalada por una Asociaci\u00f3n del estado de Jalisco llamada Desarrollo Jocotepec del Lago de Chapala. La petici\u00f3n v\u00eda Change.org la hace para que la Secretar\u00eda de Gobierno publique el instrumento de evaluaci\u00f3n en la convocatoria del IVM. \u00bfAcaso minimiza el trabajo que han realizado las 40 mujeres de los Consejos Consultivo y Social que se han pasado horas de discusi\u00f3n sobre la convocatoria y su evaluaci\u00f3n? \u00bfO acaso lo desconoce porque vive en Estados Unidos y desde all\u00e1 anda haciendo grilla?<\/span><\/p>\n<p align=\"JUSTIFY\"><span style=\"color: #0563c1;\"><span lang=\"zxx\"><a href=\"mailto:caballero_brenda@hotmail.com\" target=\"_blank\" rel=\"noopener noreferrer\"><span style=\"font-family: 'Times New Roman', serif;\">caballero_brenda@hotmail.com<\/span><\/a><\/span><\/span><\/p>\n<p align=\"JUSTIFY\"><span style=\"font-family: 'Times New Roman', serif;\">@NumerosRojos_BC<\/span><\/p>\n","protected":false},"excerpt":{"rendered":"<p>Brenda Caballero N\u00fameros Rojos \u00bfHas sufrido violencia pol\u00edtica? Le pregunto a la diputada Cinthya Amaranta Lobato Calder\u00f3n al terminar la Conferencia Magistral \u201cViolencia Simb\u00f3lica y los Medios de Comunicaci\u00f3n\u201d de la periodista Sara Lovera L\u00f3pez. \u201cS\u00ed, s\u00ed, s\u00ediii\u201d, me contesta con la afirmaci\u00f3n pronunciada, \u201cyo antes dec\u00eda &#8216;no, esa violencia pol\u00edtica no&#8217;, pero s\u00ed, definitivamente [&hellip;]<\/p>\n","protected":false},"author":2,"featured_media":0,"comment_status":"open","ping_status":"open","sticky":false,"template":"","format":"standard","meta":{"_jetpack_newsletter_access":"","_jetpack_dont_email_post_to_subs":false,"_jetpack_newsletter_tier_id":0,"_jetpack_memberships_contains_paywalled_content":false,"_jetpack_memberships_contains_paid_content":false,"footnotes":""},"categories":[70],"tags":[993,6587,10198,8940],"class_list":["post-38184","post","type-post","status-publish","format-standard","hentry","category-de-opinion","tag-cinthya-lobato","tag-instituto-veracruzano-de-las-mujeres","tag-jose-kirsch-sanchez","tag-sara-lovera-lopez"],"jetpack_featured_media_url":"","jetpack_sharing_enabled":true,"jetpack_shortlink":"https:\/\/wp.me\/p4Qcd3-9VS","_links":{"self":[{"href":"https:\/\/lospoliticosveracruz.com.mx\/index.php?rest_route=\/wp\/v2\/posts\/38184","targetHints":{"allow":["GET"]}}],"collection":[{"href":"https:\/\/lospoliticosveracruz.com.mx\/index.php?rest_route=\/wp\/v2\/posts"}],"about":[{"href":"https:\/\/lospoliticosveracruz.com.mx\/index.php?rest_route=\/wp\/v2\/types\/post"}],"author":[{"embeddable":true,"href":"https:\/\/lospoliticosveracruz.com.mx\/index.php?rest_route=\/wp\/v2\/users\/2"}],"replies":[{"embeddable":true,"href":"https:\/\/lospoliticosveracruz.com.mx\/index.php?rest_route=%2Fwp%2Fv2%2Fcomments&post=38184"}],"version-history":[{"count":2,"href":"https:\/\/lospoliticosveracruz.com.mx\/index.php?rest_route=\/wp\/v2\/posts\/38184\/revisions"}],"predecessor-version":[{"id":38186,"href":"https:\/\/lospoliticosveracruz.com.mx\/index.php?rest_route=\/wp\/v2\/posts\/38184\/revisions\/38186"}],"wp:attachment":[{"href":"https:\/\/lospoliticosveracruz.com.mx\/index.php?rest_route=%2Fwp%2Fv2%2Fmedia&parent=38184"}],"wp:term":[{"taxonomy":"category","embeddable":true,"href":"https:\/\/lospoliticosveracruz.com.mx\/index.php?rest_route=%2Fwp%2Fv2%2Fcategories&post=38184"},{"taxonomy":"post_tag","embeddable":true,"href":"https:\/\/lospoliticosveracruz.com.mx\/index.php?rest_route=%2Fwp%2Fv2%2Ftags&post=38184"}],"curies":[{"name":"wp","href":"https:\/\/api.w.org\/{rel}","templated":true}]}}