{"id":38531,"date":"2017-12-17T23:05:33","date_gmt":"2017-12-18T05:05:33","guid":{"rendered":"http:\/\/www.lospoliticosveracruz.com.mx\/?p=38531"},"modified":"2017-12-17T23:05:33","modified_gmt":"2017-12-18T05:05:33","slug":"aliancistas-con-molina","status":"publish","type":"post","link":"https:\/\/lospoliticosveracruz.com.mx\/?p=38531","title":{"rendered":"\u201cAliancistas\u201d con Molina"},"content":{"rendered":"<p dir=\"ltr\"><strong>Salvador Mu\u00f1oz <\/strong><\/p>\n<p dir=\"ltr\"><em>Los Pol\u00edticos<\/em><br class=\"x_gmail-kix-line-break\" \/> <br class=\"x_gmail-kix-line-break\" \/> Han de disculpar los cenecistas, pero la posici\u00f3n que el fin de semana pasado dio a conocer Florencio Az\u00faa Gallegos, dirigente de la Alianza Campesina Veracruzana, en lo particular, me da mala espina&#8230;<br class=\"x_gmail-kix-line-break\" \/> Nom\u00e1s para recordar: \u201cSi el PRI no nos da la candidatura al Senado por Veracruz para Juan Carlos Molina, l\u00edder de la Liga de Comunidades Agrarias en el Estado, nuestras organizaciones adheridas votaremos por otro partido, menos por el PRI&#8230;\u201d<br class=\"x_gmail-kix-line-break\" \/> Si bien entre las organizaciones campesinas se celebra que un dirigente agrario como es Molina Palacios, est\u00e9 contemplado para entrar a la pugna, puja, contienda por la candidatura al Senado, ahora s\u00ed, como quien dice, algunas veces los aplausos son contra alguien. Me explico.<br class=\"x_gmail-kix-line-break\" \/> II<\/p>\n<p dir=\"ltr\">Vayamos primero por el nombre de la asociaci\u00f3n civil que encabeza Florencio: Alianza Campesina Veracruzana. Qu\u00edtele el \u201cCampesina\u201d y qu\u00e9 le queda: \u00a1exacto! \u00a1H\u00e9ctor Yunes Landa! El compadre del \u201cCompayito\u201d Molina Palacios.<br class=\"x_gmail-kix-line-break\" \/> Quiz\u00e1 si el posicionamiento de Florencio Az\u00faa Gallegos hubiera ocurrido a principios del 2016, donde todo era miel sobre hojuelas entre los \u201ccompayes\u201d, se creer\u00eda, pero a sabiendas que despu\u00e9s de las elecciones de ese a\u00f1o, hagamos de cuenta que el compadrazgo se acab\u00f3, s\u00f3lo nos queda pensar dos cosas:<br class=\"x_gmail-kix-line-break\" \/> 1.- que la Alianza Campesina Veracruzana tiene independencia a pesar de que el \u201cismo\u201d del Hectorismo o Aliancismo lo tenga m\u00e1s marcado que fierro candente en buey&#8230;<br class=\"x_gmail-kix-line-break\" \/> 2.- o que el posicionamiento de Florencio Az\u00faa Gallegos tenga una intenci\u00f3n m\u00e1s retorcida que la mente de un columnista para que se vea a Molina Palacios, no en el pri\u00edsmo, no en los sectores (que se conocen las palmas de la mano y no se las leen); pero s\u00ed en la sociedad, como un agitador, un rebelde, un berrinchudo\u2026<\/p>\n<p dir=\"ltr\">III<\/p>\n<p dir=\"ltr\">\u00bfQue la expresi\u00f3n es de Az\u00faa Gallegos? \u00a1Claro! Pero quienes no conocen a las organizaciones pol\u00edticas, aplican la del Cratilo: \u201cel nombre es arquetipo de la cosa \/ en las letras de &#8216;rosa&#8217; est\u00e1 la rosa \/ y todo el Nilo en la palabra &#8216;Nilo&#8217;.\u201d y si es una organizaci\u00f3n campesina, atr\u00e1s de ella debe estar el dirigente campesino Molina Palacios.<br class=\"x_gmail-kix-line-break\" \/> Aunque quienes conocen a Florencio Az\u00faa, pues no les extra\u00f1a realmente su posicionamiento con respecto a los votos. Baste recordar que apenas hace un a\u00f1o que se conform\u00f3 esta asociaci\u00f3n civil agraria, julio 30, el mismo Florencio Az\u00faa Gallegos advert\u00eda en su discurso que \u201cquien quiera el voto de Alianza Campesina Veracruzana, le va a costar&#8230; no d\u00e1divas, sino en servicios para los campesinos\u201d.<br class=\"x_gmail-kix-line-break\" \/> Por su parte, Juan Carlos Molina Palacios deber\u00e1 de agradecer el hacha que desentierra Az\u00faa Gallegos&#8230; apoyo es apoyo en estos tiempos electorales siempre y cuando redit\u00fae en este caso en votos&#8230;<br class=\"x_gmail-kix-line-break\" \/> Lo mejor que pudiera ocurrir es que ojal\u00e1 hubiera m\u00e1s voces campesinas que opinaran del escenario que puede significar la posibilidad de tener a un representante del campo ocupando un esca\u00f1o y tambi\u00e9n conocer la opini\u00f3n del mismo Molina Palacios, quien hasta el momento se deja querer, pero no ha dicho \u201cesta boca es m\u00eda\u201d, bajo el supuesto de que hay tiempos de sumar y sumirse, pero no de ser sumiso, o como el mismo \u201cCompayito\u201d dice: no es lo mismo ser manso que menso.<br class=\"x_gmail-kix-line-break\" \/> <br class=\"x_gmail-kix-line-break\" \/> E-Mail: <a href=\"mailto:smcainito@gmail.com\" target=\"_blank\" rel=\"noopener noreferrer\">smcainito@gmail.com<\/a><\/p>\n","protected":false},"excerpt":{"rendered":"<p>Salvador Mu\u00f1oz Los Pol\u00edticos Han de disculpar los cenecistas, pero la posici\u00f3n que el fin de semana pasado dio a conocer Florencio Az\u00faa Gallegos, dirigente de la Alianza Campesina Veracruzana, en lo particular, me da mala espina&#8230; Nom\u00e1s para recordar: \u201cSi el PRI no nos da la candidatura al Senado por Veracruz para Juan Carlos [&hellip;]<\/p>\n","protected":false},"author":2,"featured_media":0,"comment_status":"open","ping_status":"open","sticky":false,"template":"","format":"standard","meta":{"_jetpack_newsletter_access":"","_jetpack_dont_email_post_to_subs":false,"_jetpack_newsletter_tier_id":0,"_jetpack_memberships_contains_paywalled_content":false,"_jetpack_memberships_contains_paid_content":false,"footnotes":""},"categories":[70],"tags":[3118,10452,3256],"class_list":["post-38531","post","type-post","status-publish","format-standard","hentry","category-de-opinion","tag-cnc","tag-florencio-azua-gallegos","tag-juan-carlos-molina-palacios"],"jetpack_featured_media_url":"","jetpack_sharing_enabled":true,"jetpack_shortlink":"https:\/\/wp.me\/p4Qcd3-a1t","_links":{"self":[{"href":"https:\/\/lospoliticosveracruz.com.mx\/index.php?rest_route=\/wp\/v2\/posts\/38531","targetHints":{"allow":["GET"]}}],"collection":[{"href":"https:\/\/lospoliticosveracruz.com.mx\/index.php?rest_route=\/wp\/v2\/posts"}],"about":[{"href":"https:\/\/lospoliticosveracruz.com.mx\/index.php?rest_route=\/wp\/v2\/types\/post"}],"author":[{"embeddable":true,"href":"https:\/\/lospoliticosveracruz.com.mx\/index.php?rest_route=\/wp\/v2\/users\/2"}],"replies":[{"embeddable":true,"href":"https:\/\/lospoliticosveracruz.com.mx\/index.php?rest_route=%2Fwp%2Fv2%2Fcomments&post=38531"}],"version-history":[{"count":1,"href":"https:\/\/lospoliticosveracruz.com.mx\/index.php?rest_route=\/wp\/v2\/posts\/38531\/revisions"}],"predecessor-version":[{"id":38532,"href":"https:\/\/lospoliticosveracruz.com.mx\/index.php?rest_route=\/wp\/v2\/posts\/38531\/revisions\/38532"}],"wp:attachment":[{"href":"https:\/\/lospoliticosveracruz.com.mx\/index.php?rest_route=%2Fwp%2Fv2%2Fmedia&parent=38531"}],"wp:term":[{"taxonomy":"category","embeddable":true,"href":"https:\/\/lospoliticosveracruz.com.mx\/index.php?rest_route=%2Fwp%2Fv2%2Fcategories&post=38531"},{"taxonomy":"post_tag","embeddable":true,"href":"https:\/\/lospoliticosveracruz.com.mx\/index.php?rest_route=%2Fwp%2Fv2%2Ftags&post=38531"}],"curies":[{"name":"wp","href":"https:\/\/api.w.org\/{rel}","templated":true}]}}