{"id":38543,"date":"2017-12-18T10:06:00","date_gmt":"2017-12-18T16:06:00","guid":{"rendered":"http:\/\/www.lospoliticosveracruz.com.mx\/?p=38543"},"modified":"2017-12-18T10:12:04","modified_gmt":"2017-12-18T16:12:04","slug":"el-ivm-y-la-verdadera-equidad-de-genero","status":"publish","type":"post","link":"https:\/\/lospoliticosveracruz.com.mx\/?p=38543","title":{"rendered":"El IVM y la verdadera equidad de g\u00e9nero"},"content":{"rendered":"<p><strong>Felipe de Jes\u00fas Fern\u00e1ndez Basilio<\/strong><\/p>\n<p><em>Desde a Janela<\/em><\/p>\n<p>&nbsp;<\/p>\n<p>&nbsp;<\/p>\n<p>Recientemente se ha lanzado la convocatoria dirigida a aquellas mujeres veracruzanas que aspiran a presidir el Instituto Veracruzano de las Mujeres, el cual es un organismo que fue creado para promover y\/o defender la equidad de g\u00e9nero y a la cual han respondido varias f\u00e9minas interesadas en encabezar dicho instituto y siendo como en todo que unas tienen una vocaci\u00f3n genuina de trabajar para los fines de ese organismo y otras solo buscan una remuneraci\u00f3n.<\/p>\n<p>Pero m\u00e1s all\u00e1 de all\u00e1 de la elecci\u00f3n que se va a llevar a cabo en dicho instituto, considero que \u00e9ste es un buen momento para reflexionar sobre lo que es la equidad de g\u00e9nero en su sentido estricto y las perversiones que dicho concepto puede tener.<\/p>\n<p>Ya que tal y como su nombre lo dice la equidad de g\u00e9nero es la igualdad que todas las personas tienen tanto frente a la ley como a sus semejantes sin importar si se trata de varones o de mujeres y la cual est\u00e1 basada en la naturaleza, ya que todos los humanos nacemos en esencia iguales, teniendo las mismas funciones tanto biol\u00f3gicas como intelectuales y las diferencias entre ambos g\u00e9neros son en cuanto a la reproducci\u00f3n y algunos aspectos derivados de la misma, como el apareamiento o la crianza; igual que sucede en la mayor\u00eda de los seres vivos.<\/p>\n<p>Ahora bien, esa igualdad se ha visto modificada tanto por las religiones como por las morales que han imperado en el tiempo al amparo de las primeras y en la mayor\u00eda de los casos, al menos en lo que llamamos el mundo occidental (englobando en dicho mundo a las culturas que est\u00e1n inspiradas en las religiones del libro, es decir cristianos, hebreos y musulmanes), las mujeres se han visto relegadas a un segundo plano respecto de los varones, aunque es necesario mencionar que no solo a \u00e9stas se limita la sumisi\u00f3n femenina, ya que tanto en oriente como en las culturas primitivas de Am\u00e9rica tambi\u00e9n encontramos dicha sumisi\u00f3n de manera muy marcada.<\/p>\n<p>Aunque no siempre se ha dado esa situaci\u00f3n ya que en las culturas germ\u00e1nicas primitivas y principalmente en las escandinavas, pr\u00e1cticamente no hab\u00eda diferencia en el rol desempe\u00f1ado en la sociedad por cualquier persona sin importar su g\u00e9nero y por igual hab\u00eda tanto hombres como mujeres desempe\u00f1ando tanto labores dom\u00e9sticas como gubernamentales, religiosas o hasta militares; tan es as\u00ed que Julio C\u00e9sar se vio sorprendido cuando al entrar en guerra con pueblos germ\u00e1nicos como consecuencia de sus campa\u00f1as en las Galias, escribi\u00f3 en su conocida obra que las mujeres peleaban con la misma bravura que los varones; corrobor\u00e1ndose esa afirmaci\u00f3n al ver que en esos pa\u00edses la presencia del feminismo es casi nula y que el derecho civil y el familiar tratan de la misma manera al var\u00f3n y a la mujer, ya que en la Europa del norte no hay diferencia legal ni social alguna entre hombres y mujeres.<\/p>\n<p>En M\u00e9xico, ya no es tan marcada la diferencia como lo fue antes, ya que culturalmente la sociedad ha ido evolucionando y en la mayor\u00eda de los casos las religiones han perdido mucha de la fuerza que anta\u00f1o ten\u00edan, mas quedan algunos islotes en donde prevalecen los llamados usos y costumbres, principalmente en las comunidades ind\u00edgenas m\u00e1s apartadas de la modernidad, comunidades en las que las mujeres son criadas solo para casarse, tener hijos y dedicarse a las labores del hogar y se les niega cualquier acceso a la educaci\u00f3n e incluso son vendidas por su familia a la familia del futuro esposo.<\/p>\n<p>Penetrar en esos lugares y abolir los usos y costumbres ind\u00edgenas es una tarea a la que debe de dedicarse el Instituto Veracruzano de la Mujeres, ya que es necesario llevar la educaci\u00f3n en esas comunidades tanto a varones como a mujeres para lograr la integraci\u00f3n de las mismas al mundo moderno y as\u00ed hacer que se respeten los derechos de las mujeres que ah\u00ed viven y tambi\u00e9n que se desarrollen plenamente como personas.<\/p>\n<p>Pero por desgracia tambi\u00e9n hay perversiones en materia de la equidad de g\u00e9nero y \u00e9stas radican en el fanatismo de muchas feministas, quienes han construido casi una religi\u00f3n en torno a lo que ellas llaman la lucha por la igualdad de la mujer, lucha que adem\u00e1s la llevan a cabo como la de Don Quijote contra los molinos ya que luchan contra enemigos que solo est\u00e1n en su imaginaci\u00f3n.<\/p>\n<p>Teniendo como ejemplos de ello la pretensi\u00f3n de imponer un uso del idioma inventado y fuera de toda gram\u00e1tica, as\u00ed como querer juzgar de manera especial cuando se comete un delito en el cual la v\u00edctima es una mujer, ya que por un lado todos los asesinatos en los que el pasivo es de sexo femenino se pretende acusar por feminicidio, aunque no lo sea o cuando hay pleitos de familia y la probable agraviada es mujer acusan de violencia familiar sin analizar realmente cual es la situaci\u00f3n o el delito que pudo cometerse en realidad.<\/p>\n<p>Por ello este es el momento de reflexionar sobre cu\u00e1l es la verdadera lucha por la equidad de g\u00e9nero y trabajar a fondo para alcanzarla y no estar perdiendo el tiempo y los recursos en luchas quijotescas que no tienen un fin pr\u00e1ctico ni benefician realmente a alguna mujer con excepci\u00f3n de las vividoras del erario que pregonan esas luchas.<\/p>\n<p>Concluyo esta columna dese\u00e1ndoles a todos un feliz 2018 y en enero continuaremos viendo Desde a Janela (la ventana) alg\u00fan hecho relevante de la vida nacional o internacional.<\/p>\n<p>felfebas@gmail.com<\/p>\n<p>Twitter: @fefebas<\/p>\n","protected":false},"excerpt":{"rendered":"<p>Felipe de Jes\u00fas Fern\u00e1ndez Basilio Desde a Janela &nbsp; &nbsp; Recientemente se ha lanzado la convocatoria dirigida a aquellas mujeres veracruzanas que aspiran a presidir el Instituto Veracruzano de las Mujeres, el cual es un organismo que fue creado para promover y\/o defender la equidad de g\u00e9nero y a la cual han respondido varias f\u00e9minas [&hellip;]<\/p>\n","protected":false},"author":2,"featured_media":0,"comment_status":"open","ping_status":"open","sticky":false,"template":"","format":"standard","meta":{"_jetpack_newsletter_access":"","_jetpack_dont_email_post_to_subs":false,"_jetpack_newsletter_tier_id":0,"_jetpack_memberships_contains_paywalled_content":false,"_jetpack_memberships_contains_paid_content":false,"footnotes":""},"categories":[70],"tags":[987,6587,10451],"class_list":["post-38543","post","type-post","status-publish","format-standard","hentry","category-de-opinion","tag-equidad-de-genero","tag-instituto-veracruzano-de-las-mujeres","tag-ivm"],"jetpack_featured_media_url":"","jetpack_sharing_enabled":true,"jetpack_shortlink":"https:\/\/wp.me\/p4Qcd3-a1F","_links":{"self":[{"href":"https:\/\/lospoliticosveracruz.com.mx\/index.php?rest_route=\/wp\/v2\/posts\/38543","targetHints":{"allow":["GET"]}}],"collection":[{"href":"https:\/\/lospoliticosveracruz.com.mx\/index.php?rest_route=\/wp\/v2\/posts"}],"about":[{"href":"https:\/\/lospoliticosveracruz.com.mx\/index.php?rest_route=\/wp\/v2\/types\/post"}],"author":[{"embeddable":true,"href":"https:\/\/lospoliticosveracruz.com.mx\/index.php?rest_route=\/wp\/v2\/users\/2"}],"replies":[{"embeddable":true,"href":"https:\/\/lospoliticosveracruz.com.mx\/index.php?rest_route=%2Fwp%2Fv2%2Fcomments&post=38543"}],"version-history":[{"count":2,"href":"https:\/\/lospoliticosveracruz.com.mx\/index.php?rest_route=\/wp\/v2\/posts\/38543\/revisions"}],"predecessor-version":[{"id":38545,"href":"https:\/\/lospoliticosveracruz.com.mx\/index.php?rest_route=\/wp\/v2\/posts\/38543\/revisions\/38545"}],"wp:attachment":[{"href":"https:\/\/lospoliticosveracruz.com.mx\/index.php?rest_route=%2Fwp%2Fv2%2Fmedia&parent=38543"}],"wp:term":[{"taxonomy":"category","embeddable":true,"href":"https:\/\/lospoliticosveracruz.com.mx\/index.php?rest_route=%2Fwp%2Fv2%2Fcategories&post=38543"},{"taxonomy":"post_tag","embeddable":true,"href":"https:\/\/lospoliticosveracruz.com.mx\/index.php?rest_route=%2Fwp%2Fv2%2Ftags&post=38543"}],"curies":[{"name":"wp","href":"https:\/\/api.w.org\/{rel}","templated":true}]}}