{"id":38549,"date":"2017-12-18T22:54:50","date_gmt":"2017-12-19T04:54:50","guid":{"rendered":"http:\/\/www.lospoliticosveracruz.com.mx\/?p=38549"},"modified":"2017-12-18T22:54:50","modified_gmt":"2017-12-19T04:54:50","slug":"la-fiesta-de-montano","status":"publish","type":"post","link":"https:\/\/lospoliticosveracruz.com.mx\/?p=38549","title":{"rendered":"La fiesta de Montano"},"content":{"rendered":"<p dir=\"ltr\"><strong>Salvador Mu\u00f1oz<\/strong><\/p>\n<p dir=\"ltr\"><em>Los Pol\u00edticos<\/em><\/p>\n<p>&nbsp;<\/p>\n<p>&nbsp;<\/p>\n<p dir=\"ltr\">El arribo de Alejandro Montano Guzm\u00e1n como delegado de Gobernaci\u00f3n en Veracruz, fue como una bocanada de aire puro para el pri\u00edsmo veracruzano que se reuni\u00f3 el mediod\u00eda de ayer en las instalaciones de Conagua, para pasar lista de presente en la toma de protesta del xalape\u00f1o que m\u00e1s que eso, se insiste, parec\u00eda fiesta tricolor.<\/p>\n<p dir=\"ltr\">Mucho se ha criticado el ascenso de Montano Guzm\u00e1n, pero all\u00ed, previo a su ungimiento, la realidad parec\u00eda otra: Manos se estrechaban; abrazos se fund\u00edan; risas se prodigaban, bromas se compart\u00edan\u2026 como el que al periodista Marcos \u201cEl Tlacuilo\u201d Cruz, el delegado de Migraci\u00f3n lo hab\u00eda confundido con los morenos centroamericanos que est\u00e1n en el puente que lleva a las instalaciones de Conagua; o el que ya hab\u00eda \u201camarrado\u201d chamba Gustavo Cadena Mathey \u00a1pero como valet parking! Es que hab\u00eda dado instrucciones a los elementos de seguridad de que a todos los periodistas se les diera acceso al estacionamiento\u2026 lo malo es que muchos no nos enteramos y estacionamos afuera. Algunos m\u00e1s bromeaban diciendo que m\u00e1s que una toma de protesta, parec\u00eda un \u201cdestape\u201d por el movimiento inusual que se estaba dando, por el inter\u00e9s generado\u2026 se insiste: parec\u00eda fiesta pri\u00edsta.<\/p>\n<p dir=\"ltr\">Eso s\u00ed, all\u00ed estaban las caras que ten\u00edan que estar, como los delegados federales Pedro Yunes Choperena, Elizabeth Morales, Octavio Legarreta, entre otros\u2026 \u00bfy Anil\u00fa Ingram? Por cierto, la delegada del Issste, El\u00edzabeth Morales Garc\u00eda lleg\u00f3 acompa\u00f1ada de Antonia Montano, \u00a1exacto! la hermana del Capit\u00e1n, quien por cierto tuvo la gentileza de presentarla al presidium que al igual que la delegada, hizo gala de puntualidad.<\/p>\n<p dir=\"ltr\">Tambi\u00e9n se hicieron presentes un Carlos Rodr\u00edguez Velasco, ex alcalde de Xalapa, as\u00ed como Rafael \u201cel Negro\u201d Cruz Tronco. Por all\u00ed hizo su aparici\u00f3n Yarid Mauricio Christfield Lugo, aunque no sabemos si en calidad de secretario adjunto a la presidencia del Comit\u00e9 Directivo Estatal del PRI o mejor a\u00fan: como empresario gastron\u00f3mico y due\u00f1o del restaurante La Caba\u00f1ita de Poza.<\/p>\n<p dir=\"ltr\">Por cierto, hablando del PRI, igual lleg\u00f3 a acompa\u00f1ar a Montano Guzm\u00e1n otro xalape\u00f1o: Renato Alarc\u00f3n Guevara, aunque en las mismas condiciones que Yarid: no sabemos si en calidad de dirigente tricolor o en calidad de ver a los cuates delegados, que no relegados\u2026 recuerden que \u00e9l estuvo al frente del Issste\u2026 bueno, en una de \u00e9sas hasta le hace competencia a Yarid en cuestiones culinarias porque cuando Renato quiere apapachar, manda a preparar un jabal\u00ed o un armadillo \u00a1para chuparse los dedos!<\/p>\n<p dir=\"ltr\">Discreta, sin hacer mucho ruido, Guadalupe Porras David, ex CNOP, ex alcaldesa de Mina y ex diputada local. Lleg\u00f3 y se fue del mismo modo. Otro minatitleco presente en los grandes eventos, es Jos\u00e9 Emilio Lobato Corrigeux, q uien no recuerdo si fue director de Becas en el alemanismo o con Fidel Herrera Beltr\u00e1n\u2026 Gladys Merl\u00edn y Rafael Grajales Sansores igual estuvieron con su amigo.<\/p>\n<p dir=\"ltr\">\u00a1Y barri\u00e9ndose en \u201chome\u201d lleg\u00f3 Anil\u00fa Ingram Vallines! Baj\u00f3 corriendo de la camioneta y pas\u00f3 acelerada saludando a todos pero enfil\u00e1ndose al evento.<\/p>\n<p dir=\"ltr\">Luis \u201cCo\u00f1o Loco\u201d Sardi\u00f1as Salgado, \u00d3scar Cruz Alexander y Ricardo Olivares Pineda, igual pasaron lista de presente y fue el alcalde Am\u00e9rico Z\u00fa\u00f1iga Mart\u00ednez quien tambi\u00e9n acapar\u00f3 los saludos as\u00ed como a los reporteros; no es para menos\u2026 hay la posibilidad de que Am\u00e9rico Z\u00fa\u00f1iga Mart\u00ednez no pierda el t\u00edtulo de Presidente (municipal) y de la calle de Enr\u00edquez, pase en calidad de Presidente (de partido) a la calle de Ruiz Cortines. Y si estaba Am\u00e9rico, por ah\u00ed, discreto, echando grilla, Rodrigo Montoya Rivera, fiel escudero del alcalde ateniense.<\/p>\n<p dir=\"ltr\">Eso s\u00ed, la sala de Juntas de Conagua no se dio abasto para dar cabida a todos a la hora de que Juan Salgado Brito, titular de la Unidad de Enlace Federal y Coordinaci\u00f3n con Entidades Federativas de la Secretar\u00eda de Gobernaci\u00f3n (Segob), tom\u00f3 protesta a Alejandro Montano Guzm\u00e1n como delegado de la Secretar\u00eda de Gobernaci\u00f3n en Veracruz, quien a la vez fungir\u00e1 como coordinador de delegados federales en el Estado, con la responsabilidad de revisar y evaluar el avance de los programas, acciones y obras que emprende el Gobierno Federal en la entidad, aunque sobre todo, velar por la gobernabilidad.<\/p>\n<p dir=\"ltr\">Posterior a la toma de protesta, la fiesta termin\u00f3 para los amigos de Montano\u2026 para el Capit\u00e1n, iniciaba la chamba\u2026 ya iniciaba la reuni\u00f3n plenaria de coordinaci\u00f3n de delegados federales\u2026 Montano empez\u00f3 con el pie derecho y luego-luego trabajando.<\/p>\n<p>&nbsp;<\/p>\n<p dir=\"ltr\"><a href=\"mailto:smcainito@gmail.com\" target=\"_blank\" rel=\"noopener noreferrer\">smcainito@gmail.com<\/a><\/p>\n<p>&nbsp;<\/p>\n","protected":false},"excerpt":{"rendered":"<p>Salvador Mu\u00f1oz Los Pol\u00edticos &nbsp; &nbsp; El arribo de Alejandro Montano Guzm\u00e1n como delegado de Gobernaci\u00f3n en Veracruz, fue como una bocanada de aire puro para el pri\u00edsmo veracruzano que se reuni\u00f3 el mediod\u00eda de ayer en las instalaciones de Conagua, para pasar lista de presente en la toma de protesta del xalape\u00f1o que m\u00e1s [&hellip;]<\/p>\n","protected":false},"author":2,"featured_media":0,"comment_status":"open","ping_status":"open","sticky":false,"template":"","format":"standard","meta":{"_jetpack_newsletter_access":"","_jetpack_dont_email_post_to_subs":false,"_jetpack_newsletter_tier_id":0,"_jetpack_memberships_contains_paywalled_content":false,"_jetpack_memberships_contains_paid_content":false,"footnotes":""},"categories":[70],"tags":[344,1127,110],"class_list":["post-38549","post","type-post","status-publish","format-standard","hentry","category-de-opinion","tag-alejandro-montano-guzman","tag-delegado","tag-gobernacion"],"jetpack_featured_media_url":"","jetpack_sharing_enabled":true,"jetpack_shortlink":"https:\/\/wp.me\/p4Qcd3-a1L","_links":{"self":[{"href":"https:\/\/lospoliticosveracruz.com.mx\/index.php?rest_route=\/wp\/v2\/posts\/38549","targetHints":{"allow":["GET"]}}],"collection":[{"href":"https:\/\/lospoliticosveracruz.com.mx\/index.php?rest_route=\/wp\/v2\/posts"}],"about":[{"href":"https:\/\/lospoliticosveracruz.com.mx\/index.php?rest_route=\/wp\/v2\/types\/post"}],"author":[{"embeddable":true,"href":"https:\/\/lospoliticosveracruz.com.mx\/index.php?rest_route=\/wp\/v2\/users\/2"}],"replies":[{"embeddable":true,"href":"https:\/\/lospoliticosveracruz.com.mx\/index.php?rest_route=%2Fwp%2Fv2%2Fcomments&post=38549"}],"version-history":[{"count":2,"href":"https:\/\/lospoliticosveracruz.com.mx\/index.php?rest_route=\/wp\/v2\/posts\/38549\/revisions"}],"predecessor-version":[{"id":38551,"href":"https:\/\/lospoliticosveracruz.com.mx\/index.php?rest_route=\/wp\/v2\/posts\/38549\/revisions\/38551"}],"wp:attachment":[{"href":"https:\/\/lospoliticosveracruz.com.mx\/index.php?rest_route=%2Fwp%2Fv2%2Fmedia&parent=38549"}],"wp:term":[{"taxonomy":"category","embeddable":true,"href":"https:\/\/lospoliticosveracruz.com.mx\/index.php?rest_route=%2Fwp%2Fv2%2Fcategories&post=38549"},{"taxonomy":"post_tag","embeddable":true,"href":"https:\/\/lospoliticosveracruz.com.mx\/index.php?rest_route=%2Fwp%2Fv2%2Ftags&post=38549"}],"curies":[{"name":"wp","href":"https:\/\/api.w.org\/{rel}","templated":true}]}}