{"id":39442,"date":"2018-01-28T22:56:05","date_gmt":"2018-01-29T04:56:05","guid":{"rendered":"http:\/\/www.lospoliticosveracruz.com.mx\/?p=39442"},"modified":"2018-01-28T22:46:37","modified_gmt":"2018-01-29T04:46:37","slug":"ely-y-anilu","status":"publish","type":"post","link":"https:\/\/lospoliticosveracruz.com.mx\/?p=39442","title":{"rendered":"Ely y Anil\u00fa"},"content":{"rendered":"<p dir=\"ltr\"><strong>Salvador Mu\u00f1oz<\/strong><\/p>\n<p dir=\"ltr\"><em>Los Pol\u00edticos<\/em><\/p>\n<p>&nbsp;<\/p>\n<p>&nbsp;<\/p>\n<p dir=\"ltr\">\u00bfPor qu\u00e9 usted, que es m\u00e1s popular que Maru Pinete Vargas, no participa?, es la pregunta que le hacen a Elizabeth Morales la tarde de ayer que acompa\u00f1\u00f3 junto con Anil\u00fa Ingram, al registro de Juan Nicol\u00e1s Callejas Rold\u00e1n como precandidato al Senado.<\/p>\n<p dir=\"ltr\">Esa pregunta es la misma que quiz\u00e1s muchos pri\u00edstas y no militantes se hicieron despu\u00e9s de que las dos figuras del PRI que destacaban m\u00e1s como potenciales candidatas a dicho cargo, \u201cacuerparan\u201d al diputado local y cabeza de manada del PRI en la LXIV Legislatura.<\/p>\n<p dir=\"ltr\">\u00bfPor qu\u00e9 no Ely\u2026 por qu\u00e9 no Anil\u00fa?<\/p>\n<p dir=\"ltr\">Lo que a continuaci\u00f3n ponemos no es m\u00e1s que el desvar\u00edo de quien no tiene nada qu\u00e9 hacer en domingo y por ende, tiene la validez de un billete con la cara del Peje:<\/p>\n<p dir=\"ltr\">II<\/p>\n<p dir=\"ltr\">A m\u00ed no me queda la menor duda que tanto Elizabeth Morales como Anil\u00fa Ingram han hecho un capital pol\u00edtico a lo largo de su carrera pol\u00edtica que las puede colocar como contendientes en cualquier cargo; a ello agregue que escenarios como en los que se desenvuelven (Issste y Sedesol) lo enriquecen a\u00fan m\u00e1s. Sin embargo, si la pol\u00edtica fuera una ciencia exacta, los c\u00e1lculos quiz\u00e1s arrojen que su participaci\u00f3n aun con todo y capital podr\u00eda significar otro descalabro en su transitar pol\u00edtico, y si bien, la participaci\u00f3n en cargos de elecci\u00f3n popular implica ca\u00eddas y triunfos, el \u201cscore\u201d en estos momentos no les favorece.<\/p>\n<p dir=\"ltr\">III<\/p>\n<p dir=\"ltr\">Agregue algo m\u00e1s\u2026 \u00bfpor qu\u00e9 Ely Morales y Anil\u00fa Ingram flanquean a Callejas Rold\u00e1n? Recuerden que en el registro de Pinete Vargas se hizo acompa\u00f1ar por Agust\u00edn y Alfredo Herrera Beltr\u00e1n. Est\u00e1 de m\u00e1s decir hermanos de qui\u00e9n son. De cierto modo, tanto Anil\u00fa como Ely abanderan o representan al Gobierno federal. Hasta se pudiera decir que Callejas cuenta con el respaldo de Los Pinos y algo muy importante: cuenta con una estructura que deber\u00e1 hacer v\u00e1lida: la de los maestros\u2026 y si aplicamos esta misma l\u00f3gica, entonces, \u00bfqui\u00e9n respalda a Pinete Vargas? Siendo malvados, dir\u00edamos que atr\u00e1s de su registro, est\u00e1 Fidel Herrera Beltr\u00e1n, pero siendo objetivos, dir\u00edamos que Pinete Vargas estuvo acompa\u00f1ada por su pareja y su \u201ccu\u00f1ao\u201d, no m\u00e1s.<\/p>\n<p dir=\"ltr\">Agreguemos a ello el mensaje de Pinete Vargas, palabras m\u00e1s, palabras menos: es tiempo de dar responder a su partido.<\/p>\n<p dir=\"ltr\">Si la memoria no me falla, es una triunfadora que hasta el momento no sabe lo que es la derrota en las urnas.<\/p>\n<p dir=\"ltr\">IV<\/p>\n<p dir=\"ltr\">Luego entonces, Elizabeth y Anil\u00fa Ingram \u00bfqu\u00e9 har\u00e1n? No creo que una vez de acompa\u00f1ar a Juan Nicol\u00e1s junior se crucen de brazos; e independientemente de apoyar, trabajar y reforzar a su partido, al proyecto, al candidato, es seguro que las volvamos a ver como candidatas a una \u201cpluri\u201d&#8230; quiz\u00e1s Ely Morales en una local, en aras de aprovechar la experiencia legislativa federal y hasta hacer lo que dej\u00f3 de hacer el mismo Juan Nicol\u00e1s Callejas hasta el momento, en su paso por la LXIV Legislatura. Quiz\u00e1s Anil\u00fa Ingram en una curul federal, que le permita ampliar su experiencia y aprovechar el roce federal logrado en su paso por la Sedesol\u2026 o al rev\u00e9s\u2026 o juntas\u2026<\/p>\n<p dir=\"ltr\">Al final, han de disculpar Callejas Rold\u00e1n y Pinete Vargas, pero aun sin jugar, les veo m\u00e1s futuro a Ely y Anil\u00fa, que a ellos como candidatos al Senado.<\/p>\n<p>&nbsp;<\/p>\n<p dir=\"ltr\"><a href=\"mailto:smcainito@gmail.com\" target=\"_blank\" rel=\"noopener noreferrer\">smcainito@gmail.com<\/a><\/p>\n<p>&nbsp;<\/p>\n","protected":false},"excerpt":{"rendered":"<p>Salvador Mu\u00f1oz Los Pol\u00edticos &nbsp; &nbsp; \u00bfPor qu\u00e9 usted, que es m\u00e1s popular que Maru Pinete Vargas, no participa?, es la pregunta que le hacen a Elizabeth Morales la tarde de ayer que acompa\u00f1\u00f3 junto con Anil\u00fa Ingram, al registro de Juan Nicol\u00e1s Callejas Rold\u00e1n como precandidato al Senado. Esa pregunta es la misma que [&hellip;]<\/p>\n","protected":false},"author":2,"featured_media":0,"comment_status":"open","ping_status":"open","sticky":false,"template":"","format":"standard","meta":{"_jetpack_newsletter_access":"","_jetpack_dont_email_post_to_subs":false,"_jetpack_newsletter_tier_id":0,"_jetpack_memberships_contains_paywalled_content":false,"_jetpack_memberships_contains_paid_content":false,"footnotes":""},"categories":[70],"tags":[133,3895,2757],"class_list":["post-39442","post","type-post","status-publish","format-standard","hentry","category-de-opinion","tag-elizabeth-morales","tag-juan-nicolas-callejas-roldan","tag-maria-del-carmen-pinete-vargas"],"jetpack_featured_media_url":"","jetpack_sharing_enabled":true,"jetpack_shortlink":"https:\/\/wp.me\/p4Qcd3-aga","_links":{"self":[{"href":"https:\/\/lospoliticosveracruz.com.mx\/index.php?rest_route=\/wp\/v2\/posts\/39442","targetHints":{"allow":["GET"]}}],"collection":[{"href":"https:\/\/lospoliticosveracruz.com.mx\/index.php?rest_route=\/wp\/v2\/posts"}],"about":[{"href":"https:\/\/lospoliticosveracruz.com.mx\/index.php?rest_route=\/wp\/v2\/types\/post"}],"author":[{"embeddable":true,"href":"https:\/\/lospoliticosveracruz.com.mx\/index.php?rest_route=\/wp\/v2\/users\/2"}],"replies":[{"embeddable":true,"href":"https:\/\/lospoliticosveracruz.com.mx\/index.php?rest_route=%2Fwp%2Fv2%2Fcomments&post=39442"}],"version-history":[{"count":1,"href":"https:\/\/lospoliticosveracruz.com.mx\/index.php?rest_route=\/wp\/v2\/posts\/39442\/revisions"}],"predecessor-version":[{"id":39443,"href":"https:\/\/lospoliticosveracruz.com.mx\/index.php?rest_route=\/wp\/v2\/posts\/39442\/revisions\/39443"}],"wp:attachment":[{"href":"https:\/\/lospoliticosveracruz.com.mx\/index.php?rest_route=%2Fwp%2Fv2%2Fmedia&parent=39442"}],"wp:term":[{"taxonomy":"category","embeddable":true,"href":"https:\/\/lospoliticosveracruz.com.mx\/index.php?rest_route=%2Fwp%2Fv2%2Fcategories&post=39442"},{"taxonomy":"post_tag","embeddable":true,"href":"https:\/\/lospoliticosveracruz.com.mx\/index.php?rest_route=%2Fwp%2Fv2%2Ftags&post=39442"}],"curies":[{"name":"wp","href":"https:\/\/api.w.org\/{rel}","templated":true}]}}