{"id":39723,"date":"2018-02-08T22:55:23","date_gmt":"2018-02-09T04:55:23","guid":{"rendered":"http:\/\/www.lospoliticosveracruz.com.mx\/?p=39723"},"modified":"2018-02-08T21:37:28","modified_gmt":"2018-02-09T03:37:28","slug":"el-caminito-de-julen","status":"publish","type":"post","link":"https:\/\/lospoliticosveracruz.com.mx\/?p=39723","title":{"rendered":"El caminito de Julen"},"content":{"rendered":"<p dir=\"ltr\"><strong>Salvador Mu\u00f1oz<\/strong><\/p>\n<p dir=\"ltr\"><em>Los Pol\u00edticos<\/em><\/p>\n<p><b>\u00a0<\/b><\/p>\n<p dir=\"ltr\">En estos \u00faltimos d\u00edas he tenido oportunidad de transitar por la carretera Xalapa-Coatepec. Es perfecta\u2026 salvo por dos ligeros detalles.<\/p>\n<p dir=\"ltr\">El primero, al llegar a la glorieta para incorporarse a dicha carretera por Circuito Presidentes se genera un embotellamiento en horas pico, que si bien, hay el respeto total al famoso 1&#215;1, el asunto se complica cuando los autom\u00f3viles que circulan por la calle Bolivia o para mayor ubicaci\u00f3n, viniendo desde el DIF estatal, vienen hechos la mocha, lo que impide la fluidez en Circuito Presidentes que tienen que estar a las vivas para incorporarse a la carretera que reci\u00e9n hizo el entonces titular de la SIOP, Julen Rementer\u00eda, que ayer por la noche, dio las gracias y dej\u00f3 el cargo.<\/p>\n<p dir=\"ltr\">El segundo detalle. Ya de regreso de Coatepec, viene uno a toda madre circulando por esa carretera a la que ya le pusieron unos reductores de velocidad en dos zonas porque hay quienes conducen como alma que lleva el Diablo y se dieron en la torre. Entonces, cuando uno pasa m\u00e1s o menos por los primeros moteles que hay en esa zona, ya cerca de Xalapa, \u00a1zaz! se encuentra de golpe y porrazo con un puesto de revisi\u00f3n de Seguridad P\u00fablica abarcando media carretera.<\/p>\n<p dir=\"ltr\">El asunto se complica porque si uno se quiere incorporar al carril de alta velocidad o para que se entienda, el que est\u00e1 pegado al camell\u00f3n, vienen otros carros con mayor velocidad que obliga a esperar un chance para incorporarse y pasar ese puesto de revisi\u00f3n\u2026<\/p>\n<p dir=\"ltr\">Estoy de acuerdo\u2026 en estas circunstancias de vialidad, ni un pito toca la SIOP pero quienes s\u00ed, Tr\u00e1nsito y Seguridad P\u00fablica. El primero, para ver la manera de que la circulaci\u00f3n que corre desde el DIF estatal fluya igual pero permita que la de Circuito Presidentes se incorpore con mayor celeridad. El segundo, en primera instancia, buscando otro lugar que no genere \u201cruido\u201d sobre la carretera y sobre todo, resguarde la seguridad de sus propios elementos ante un eventual descuido de alguien que de repente, como yo, se encuentre de golpe con que hay un puesto de revisi\u00f3n de Seguridad P\u00fablica.<\/p>\n<p dir=\"ltr\">En lo dem\u00e1s, en serio que hasta da gusto ir a echarse un caldito de sierra, arroz y camarones con los amigos de Coatepec, porque esa carretera en verdad es un paseo.<\/p>\n<p dir=\"ltr\">Y ya encarrerados, \u00bfpues qu\u00e9 decir del libramiento de Cardel? Para un neur\u00f3tico de los tiempos, utilizar esa v\u00eda alterna para trasladarse al puerto jarocho, es como un b\u00e1lsamo, porque por lo regular, opt\u00e1bamos mejor cruzar la ciudad que rodearla porque si bien, s\u00f3lo nos encontr\u00e1bamos con un sem\u00e1foro, a veces se hac\u00eda interminable estar esperando la luz verde para circular. En el peor de los casos, al cruzar la ciudad, la Mujer ten\u00eda que chutarse mi Loter\u00eda hist\u00e9rica cuando voy de copiloto: \u00a1La moto! \u00a1el perro! \u00a1La bici! \u00a1El taxi! \u00a1La viejita! \u00a1La v\u00eda! Estoy seguro que debe catalogarse como habilidad el hecho de sacar de quicio a la Mujer antes de salir de Cardel\u2026<\/p>\n<p dir=\"ltr\">Tengo pendiente Misantla\u2026 despu\u00e9s de que se diera a conocer que la carretera sufri\u00f3 un deslave o algo as\u00ed y que la SIOP inform\u00f3 que ya estaban d\u00e1ndole su \u201crefacci\u00f3n\u201d, hasta el momento, ya no han dicho \u201cesta carretera es m\u00eda\u201d; a lo mejor porque la cambiaron por \u201cesa candidatura es m\u00eda\u201d.<\/p>\n<p dir=\"ltr\">No me sorprende que Julen deje la secretar\u00eda aun cuando desde mi muy particular punto de vista, ven\u00eda realizando un buen trabajo, de \u00e9sos que se siente, o en este caso, se recorre, pero se tiene entendido que era parte del pacto entre el Gobernador y el panista\u2026<\/p>\n<p dir=\"ltr\">\u00bfCu\u00e1l pacto? \u00a1Ni idea! Pero eso es lo que dicen\u2026 a menos que se refieran a lo ocurrido hace seis a\u00f1os, cuando fue candidato tambi\u00e9n a Senador junto con Fernando Yunes M\u00e1rquez y Rementer\u00eda del Puerto se qued\u00f3 en la orillita cuando se dio el trinomio Yu-Yu-Yu. Ahora, pareciera, pudiera ir por la revancha, \u00a1total! \u00a1ya conoce el caminito! pues en muchos de los tramos, si no los hizo, los inici\u00f3&#8230;<\/p>\n<p><b>\u00a0<\/b><\/p>\n<p dir=\"ltr\"><a href=\"mailto:smcainito@gmail.com\" target=\"_blank\" rel=\"noopener noreferrer\">smcainito@gmail.com<\/a><\/p>\n<p>&nbsp;<\/p>\n","protected":false},"excerpt":{"rendered":"<p>Salvador Mu\u00f1oz Los Pol\u00edticos \u00a0 En estos \u00faltimos d\u00edas he tenido oportunidad de transitar por la carretera Xalapa-Coatepec. Es perfecta\u2026 salvo por dos ligeros detalles. El primero, al llegar a la glorieta para incorporarse a dicha carretera por Circuito Presidentes se genera un embotellamiento en horas pico, que si bien, hay el respeto total al [&hellip;]<\/p>\n","protected":false},"author":2,"featured_media":0,"comment_status":"open","ping_status":"open","sticky":false,"template":"","format":"standard","meta":{"_jetpack_newsletter_access":"","_jetpack_dont_email_post_to_subs":false,"_jetpack_newsletter_tier_id":0,"_jetpack_memberships_contains_paywalled_content":false,"_jetpack_memberships_contains_paid_content":false,"footnotes":""},"categories":[70],"tags":[7603,7229,277,1569,428,342],"class_list":["post-39723","post","type-post","status-publish","format-standard","hentry","category-de-opinion","tag-cardel","tag-carreteras","tag-coatepec","tag-julen-rementeria-del-puerto","tag-miguel-angel-yunes-linares","tag-siop"],"jetpack_featured_media_url":"","jetpack_sharing_enabled":true,"jetpack_shortlink":"https:\/\/wp.me\/p4Qcd3-akH","_links":{"self":[{"href":"https:\/\/lospoliticosveracruz.com.mx\/index.php?rest_route=\/wp\/v2\/posts\/39723","targetHints":{"allow":["GET"]}}],"collection":[{"href":"https:\/\/lospoliticosveracruz.com.mx\/index.php?rest_route=\/wp\/v2\/posts"}],"about":[{"href":"https:\/\/lospoliticosveracruz.com.mx\/index.php?rest_route=\/wp\/v2\/types\/post"}],"author":[{"embeddable":true,"href":"https:\/\/lospoliticosveracruz.com.mx\/index.php?rest_route=\/wp\/v2\/users\/2"}],"replies":[{"embeddable":true,"href":"https:\/\/lospoliticosveracruz.com.mx\/index.php?rest_route=%2Fwp%2Fv2%2Fcomments&post=39723"}],"version-history":[{"count":1,"href":"https:\/\/lospoliticosveracruz.com.mx\/index.php?rest_route=\/wp\/v2\/posts\/39723\/revisions"}],"predecessor-version":[{"id":39724,"href":"https:\/\/lospoliticosveracruz.com.mx\/index.php?rest_route=\/wp\/v2\/posts\/39723\/revisions\/39724"}],"wp:attachment":[{"href":"https:\/\/lospoliticosveracruz.com.mx\/index.php?rest_route=%2Fwp%2Fv2%2Fmedia&parent=39723"}],"wp:term":[{"taxonomy":"category","embeddable":true,"href":"https:\/\/lospoliticosveracruz.com.mx\/index.php?rest_route=%2Fwp%2Fv2%2Fcategories&post=39723"},{"taxonomy":"post_tag","embeddable":true,"href":"https:\/\/lospoliticosveracruz.com.mx\/index.php?rest_route=%2Fwp%2Fv2%2Ftags&post=39723"}],"curies":[{"name":"wp","href":"https:\/\/api.w.org\/{rel}","templated":true}]}}