{"id":39741,"date":"2018-02-15T21:07:55","date_gmt":"2018-02-16T03:07:55","guid":{"rendered":"http:\/\/www.lospoliticosveracruz.com.mx\/?p=39741"},"modified":"2018-02-15T22:19:03","modified_gmt":"2018-02-16T04:19:03","slug":"las-gueras-del-pri","status":"publish","type":"post","link":"https:\/\/lospoliticosveracruz.com.mx\/?p=39741","title":{"rendered":"Las g\u00fceras del PRI"},"content":{"rendered":"<p><strong>Salvador Mu\u00f1oz<\/strong><\/p>\n<p><em>Los Pol\u00edticos<\/em><br \/>\nYa bajaron a una rubia&#8230; \u00bfse abrir\u00e1 la posibilidad de bajar a una g\u00fcera para subir a otra g\u00fcera? Me explico: apenas el pasado nueve de este mes, la amiga Arabella Ca\u00f1as S\u00e1enz agradec\u00eda a quienes la apoyaron en su incursi\u00f3n como aspirante a la Diputaci\u00f3n local por el Distrito XI (Xalapa), porque \u00e9sta se vino para abajo cuando \u201cme requirieron la cuota y el Padrino\u201d. Por eso, dice, se retira de la contienda. \u00bfQui\u00e9n entra en su lugar? A m\u00ed no me crea, pero hablan de Reynaldo Quirarte Mora, el empresario hotelero, de quien se dice que para que aceptara tal, fue convencido directamente por el mism\u00edsimo presidente del partido, Am\u00e9rico Z\u00fa\u00f1iga Mart\u00ednez&#8230; aunque creo que todo indica que se pintar\u00e1 de verde.<br \/>\nEn estos momentos, cuando todo parec\u00eda para el PRI un ligero levant\u00f3n con el anuncio con bombos y platillos de que Pepe Yunes Zorrilla era el \u00fanico candidato a la Gubernatura por Veracruz de informar al INE sus aportaciones de simpatizantes y militantes, lista de proveedores, avisos de contrataci\u00f3n y agenda de eventos, \u00a1se les fue Paco Garrido!<br \/>\nBueno, eso es lo que se dice en corrillos. La noticia no tendr\u00eda relevancia salvo por un ligero detalle&#8230; la supuesta conversaci\u00f3n que se da entre Pepe Yunes y Am\u00e9rico Z\u00fa\u00f1iga despu\u00e9s de que se entera el candidato de que hoy, el cafetero, ya es yunista por tercera ocasi\u00f3n, pero ahora en el bando azul. Recuerden que Paco Garrido en el 2015 se destap\u00f3 para ser candidato del AVE en pos de la Gubernatura de dos a\u00f1os, aunque despu\u00e9s dijo que si el PRI postulaba a H\u00e9ctor Yunes Landa, le brindar\u00eda su apoyo al chole\u00f1o. Despu\u00e9s, cuando Pepe Yunes inicia su camino en pos de la candidatura por la Gubernatura del 2018, se deja ver a Paco Garrido a su lado&#8230; hoy, nos cuentan, va por su tercer Yunes.<br \/>\n\u00bfY la pl\u00e1tica de Pepe y Am\u00e9rico? Se las cuento como me la contaron:<br \/>\n\u2014\u00a1Se nos est\u00e1n yendo! \u2014le dice Pepe al presidente del PRI\u2014. \u00bfPor qu\u00e9?<br \/>\nLa respuesta, cruda, real o qui\u00e9n sabe:<br \/>\n\u2014All\u00e1 les dan m\u00e1s lana&#8230;<br \/>\nIncluso, ya hasta se cuenta un chiste en el PRI. Dicen que cuando invitan a dirigir la presidencia del partido a Am\u00e9rico Z\u00fa\u00f1iga, le piden por favor que la haga de \u201coperador\u201d, pero \u00e9l entendi\u00f3 mal y a la fecha, la sigue haciendo de \u201corador\u201d en los eventos de Pepe&#8230;<br \/>\n\u00bfY las otras g\u00fceras?<br \/>\nA m\u00ed me hacen bolas con los tiempos electorales&#8230; hasta donde tengo entendido, falta que el PVEM, el otro aliado del PRI, muestre sus cartas para los dem\u00e1s cargos de representaci\u00f3n popular con excepci\u00f3n de la Gubernatura.<br \/>\nEs all\u00ed donde podr\u00eda torcer el rabo la marrana si el PVEM pide una candidatura para el Senado y bajan a la G\u00fcera Pinete \u00a1por la G\u00fcera Yuri!<br \/>\nLas mentes calenturientas de quienes gustan de la pol\u00edtica con sus amarres, movimientos, enroques y dem\u00e1s, podr\u00edan jurar que si se diera esto, tendr\u00eda que ser una jugada maestra de Fidel Herrera Beltr\u00e1n: Quitar a la cu\u00f1ada para meter a la amiga.<br \/>\nYa ac\u00e1 en este mismo espacio pusimos a la imaginaci\u00f3n del lector la posibilidad de ver a la cantante Yuri como candidata y lo que podr\u00eda significar en votos, en este caso especial al PVEM&#8230; por favor, s\u00f3lo visualice a Yazm\u00edn Copete, Roc\u00edo Nahle y Yuri&#8230; \u00bfpor qui\u00e9n cree que votar\u00eda el grueso de la poblaci\u00f3n? S\u00ed, tambi\u00e9n lo pienso.<br \/>\nInsisto: Si Yuri arrastrara o jalara con su popularidad a Pepe Yunes, Callejas y al Verde, se podr\u00eda estar abriendo una posibilidad en la que insisto, no deja de ser producto de la mente calenturienta de quien escribe, y pudiera entrar como \u201cSenador pluri\u201d por la respectiva circuncisi\u00f3n o circunscripci\u00f3n, Javier Herrera Borunda&#8230; y todo esto con un simple sube y baja de G\u00fceras&#8230; si al menos cupiera esa posibilidad.<br \/>\nsmcainito@gmail.com<\/p>\n","protected":false},"excerpt":{"rendered":"<p>Salvador Mu\u00f1oz Los Pol\u00edticos Ya bajaron a una rubia&#8230; \u00bfse abrir\u00e1 la posibilidad de bajar a una g\u00fcera para subir a otra g\u00fcera? Me explico: apenas el pasado nueve de este mes, la amiga Arabella Ca\u00f1as S\u00e1enz agradec\u00eda a quienes la apoyaron en su incursi\u00f3n como aspirante a la Diputaci\u00f3n local por el Distrito XI [&hellip;]<\/p>\n","protected":false},"author":2,"featured_media":0,"comment_status":"open","ping_status":"open","sticky":false,"template":"","format":"standard","meta":{"_jetpack_newsletter_access":"","_jetpack_dont_email_post_to_subs":false,"_jetpack_newsletter_tier_id":0,"_jetpack_memberships_contains_paywalled_content":false,"_jetpack_memberships_contains_paid_content":false,"footnotes":""},"categories":[70],"tags":[539,2984,570,5373,4591],"class_list":["post-39741","post","type-post","status-publish","format-standard","hentry","category-de-opinion","tag-americo-zuniga-martinez","tag-paco-garrido","tag-pepe-yunes","tag-reynaldo-quirarte-mora","tag-yuri"],"jetpack_featured_media_url":"","jetpack_sharing_enabled":true,"jetpack_shortlink":"https:\/\/wp.me\/p4Qcd3-akZ","_links":{"self":[{"href":"https:\/\/lospoliticosveracruz.com.mx\/index.php?rest_route=\/wp\/v2\/posts\/39741","targetHints":{"allow":["GET"]}}],"collection":[{"href":"https:\/\/lospoliticosveracruz.com.mx\/index.php?rest_route=\/wp\/v2\/posts"}],"about":[{"href":"https:\/\/lospoliticosveracruz.com.mx\/index.php?rest_route=\/wp\/v2\/types\/post"}],"author":[{"embeddable":true,"href":"https:\/\/lospoliticosveracruz.com.mx\/index.php?rest_route=\/wp\/v2\/users\/2"}],"replies":[{"embeddable":true,"href":"https:\/\/lospoliticosveracruz.com.mx\/index.php?rest_route=%2Fwp%2Fv2%2Fcomments&post=39741"}],"version-history":[{"count":3,"href":"https:\/\/lospoliticosveracruz.com.mx\/index.php?rest_route=\/wp\/v2\/posts\/39741\/revisions"}],"predecessor-version":[{"id":39819,"href":"https:\/\/lospoliticosveracruz.com.mx\/index.php?rest_route=\/wp\/v2\/posts\/39741\/revisions\/39819"}],"wp:attachment":[{"href":"https:\/\/lospoliticosveracruz.com.mx\/index.php?rest_route=%2Fwp%2Fv2%2Fmedia&parent=39741"}],"wp:term":[{"taxonomy":"category","embeddable":true,"href":"https:\/\/lospoliticosveracruz.com.mx\/index.php?rest_route=%2Fwp%2Fv2%2Fcategories&post=39741"},{"taxonomy":"post_tag","embeddable":true,"href":"https:\/\/lospoliticosveracruz.com.mx\/index.php?rest_route=%2Fwp%2Fv2%2Ftags&post=39741"}],"curies":[{"name":"wp","href":"https:\/\/api.w.org\/{rel}","templated":true}]}}