{"id":39851,"date":"2018-02-18T14:55:12","date_gmt":"2018-02-18T20:55:12","guid":{"rendered":"http:\/\/www.lospoliticosveracruz.com.mx\/?p=39851"},"modified":"2018-02-18T14:55:12","modified_gmt":"2018-02-18T20:55:12","slug":"juvecan-la-lucha-continua","status":"publish","type":"post","link":"https:\/\/lospoliticosveracruz.com.mx\/?p=39851","title":{"rendered":"Juvecan, la lucha contin\u00faa"},"content":{"rendered":"<p>En las instalaciones del DIF municipal de Coatepec, el Grupo Juvecan (Juntas Venciendo el C\u00e1ncer) celebr\u00f3 este s\u00e1bado como cada quince d\u00edas, su reuni\u00f3n donde se le dio la bienvenida a una nueva integrante, quien di\u00f3 su testimonio junto con dos compa\u00f1eras m\u00e1s, que han tenido complicaciones con este mal.<\/p>\n<p>En esta ocasi\u00f3n, estuvo presente una fisioterapeuta para conocer el Grupo y ponerse al servicio de Juvecan-Coatepec y se aprovech\u00f3\u00a0para que ense\u00f1ara algunos ejercicios.\u00a0El ingeniero Omar, un entusiasta colaborador en nuestra lucha contra el c\u00e1ncer, hizo el compromiso\u00a0de hacer una grabaci\u00f3n de los mismos para tener material de v\u00eddeo disponible para cuando se necesite.<br \/>\nDel mismo modo, Juvecan-Coatepec\u00a0hace\u00a0la invitaci\u00f3n\u00a0a la\u00a0pl\u00e1tica que el pr\u00f3ximo s\u00e1bado 24 de febrero, a las 10 horas\u00a0en la preparatoria Ram\u00edrez Caba\u00f1as,en Coatepec, se ha de brindar en torno a este mal que aqueja a mujeres y hombres.<\/p>\n","protected":false},"excerpt":{"rendered":"<p>En las instalaciones del DIF municipal de Coatepec, el Grupo Juvecan (Juntas Venciendo el C\u00e1ncer) celebr\u00f3 este s\u00e1bado como cada quince d\u00edas, su reuni\u00f3n donde se le dio la bienvenida a una nueva integrante, quien di\u00f3 su testimonio junto con dos compa\u00f1eras m\u00e1s, que han tenido complicaciones con este mal. En esta ocasi\u00f3n, estuvo presente [&hellip;]<\/p>\n","protected":false},"author":2,"featured_media":0,"comment_status":"open","ping_status":"open","sticky":false,"template":"","format":"standard","meta":{"_jetpack_newsletter_access":"","_jetpack_dont_email_post_to_subs":false,"_jetpack_newsletter_tier_id":0,"_jetpack_memberships_contains_paywalled_content":false,"_jetpack_memberships_contains_paid_content":false,"footnotes":""},"categories":[72],"tags":[296,277,6046],"class_list":["post-39851","post","type-post","status-publish","format-standard","hentry","category-palomazos","tag-cancer","tag-coatepec","tag-juvecan"],"jetpack_featured_media_url":"","jetpack_sharing_enabled":true,"jetpack_shortlink":"https:\/\/wp.me\/p4Qcd3-amL","_links":{"self":[{"href":"https:\/\/lospoliticosveracruz.com.mx\/index.php?rest_route=\/wp\/v2\/posts\/39851","targetHints":{"allow":["GET"]}}],"collection":[{"href":"https:\/\/lospoliticosveracruz.com.mx\/index.php?rest_route=\/wp\/v2\/posts"}],"about":[{"href":"https:\/\/lospoliticosveracruz.com.mx\/index.php?rest_route=\/wp\/v2\/types\/post"}],"author":[{"embeddable":true,"href":"https:\/\/lospoliticosveracruz.com.mx\/index.php?rest_route=\/wp\/v2\/users\/2"}],"replies":[{"embeddable":true,"href":"https:\/\/lospoliticosveracruz.com.mx\/index.php?rest_route=%2Fwp%2Fv2%2Fcomments&post=39851"}],"version-history":[{"count":1,"href":"https:\/\/lospoliticosveracruz.com.mx\/index.php?rest_route=\/wp\/v2\/posts\/39851\/revisions"}],"predecessor-version":[{"id":39852,"href":"https:\/\/lospoliticosveracruz.com.mx\/index.php?rest_route=\/wp\/v2\/posts\/39851\/revisions\/39852"}],"wp:attachment":[{"href":"https:\/\/lospoliticosveracruz.com.mx\/index.php?rest_route=%2Fwp%2Fv2%2Fmedia&parent=39851"}],"wp:term":[{"taxonomy":"category","embeddable":true,"href":"https:\/\/lospoliticosveracruz.com.mx\/index.php?rest_route=%2Fwp%2Fv2%2Fcategories&post=39851"},{"taxonomy":"post_tag","embeddable":true,"href":"https:\/\/lospoliticosveracruz.com.mx\/index.php?rest_route=%2Fwp%2Fv2%2Ftags&post=39851"}],"curies":[{"name":"wp","href":"https:\/\/api.w.org\/{rel}","templated":true}]}}