{"id":39923,"date":"2018-02-21T09:55:35","date_gmt":"2018-02-21T15:55:35","guid":{"rendered":"http:\/\/www.lospoliticosveracruz.com.mx\/?p=39923"},"modified":"2018-02-21T09:55:35","modified_gmt":"2018-02-21T15:55:35","slug":"cultura-arte-y-lectura-en-xalapa","status":"publish","type":"post","link":"https:\/\/lospoliticosveracruz.com.mx\/?p=39923","title":{"rendered":"Cultura, arte y lectura en Xalapa"},"content":{"rendered":"<div class=\"x_gmail_quote\">\n<div dir=\"ltr\">\n<div id=\"x_m_-1710323931575493404divtagdefaultwrapper\" dir=\"ltr\">\n<p class=\"x_m_-1710323931575493404MsoNoSpacing\"><strong>Luis Alberto Romero<\/strong><\/p>\n<p class=\"x_m_-1710323931575493404MsoNoSpacing\"><em>Hora Cero<\/em><\/p>\n<p class=\"x_m_-1710323931575493404MsoNoSpacing\">\n<p class=\"x_m_-1710323931575493404MsoNoSpacing\">\n<p class=\"x_m_-1710323931575493404MsoNoSpacing\"><u><\/u>\u00a0<u><\/u><\/p>\n<p class=\"x_m_-1710323931575493404MsoNoSpacing\">La capital de Veracruz tiene una incuestionable vocaci\u00f3n por la cultura y las artes; cuenta\u00a0\u00a0con importantes espacios destinados a pr\u00e1cticamente todas las expresiones culturales.<u><\/u><u><\/u><\/p>\n<p class=\"x_m_-1710323931575493404MsoNoSpacing\">Al margen de las expresiones y salas dedicadas a las actividades art\u00edsticas independientes, iniciativas y esfuerzos de particulares, en Xalapa encontramos una interesante oferta: el Instituto Veracruzano de la Cultura, por ejemplo, cuenta con el Teatro del Estado \u201cGeneral Ignacio de la Llave\u201d, con la Pinacoteca \u201cDiego Rivera\u201d, el Jard\u00edn de las Esculturas, la Galer\u00eda de Arte Contempor\u00e1neo, y el \u00c1gora de la Ciudad, entre otros espacios.<u><\/u><u><\/u><\/p>\n<p class=\"x_m_-1710323931575493404MsoNoSpacing\">La Universidad Veracruzana tambi\u00e9n ofrece actividades y eventos de\u00a0\u00a0alt\u00edsimo nivel, como recitales, exposiciones, talleres y cursos. La Direcci\u00f3n del \u00c1rea Acad\u00e9mica de Artes, por ejemplo, est\u00e1 por iniciar el seminario-taller \u201cUn acercamiento a la arteterapia\u201d.<u><\/u><u><\/u><\/p>\n<p class=\"x_m_-1710323931575493404MsoNoSpacing\">La Orquesta Sinf\u00f3nica de Xalapa es una de las mejores del pa\u00eds y da prestigio a la capital veracruzana como una ciudad donde se cultivan las artes y la cultura.<u><\/u><u><\/u><\/p>\n<p class=\"x_m_-1710323931575493404MsoNoSpacing\">Xalapa, adem\u00e1s, es sede de la Feria Internacional del Libro Universitario, que cada a\u00f1o organiza la m\u00e1xima casa de estudios de Veracruz. En 2018, por cierto, este importante evento se desarrollar\u00e1 del 27 de abril al 6 de mayo. Hace m\u00e1s de 20 a\u00f1os, la FILU, como se le conoce actualmente, convoc\u00f3 a 27 editoriales; hoy son m\u00e1s de 500 sellos de 15 pa\u00edses, lo cual nos habla de la seriedad con que se ha tomado esta feria que fomenta la lectura.<u><\/u><u><\/u><\/p>\n<p class=\"x_m_-1710323931575493404MsoNoSpacing\">Todo eso y mucho m\u00e1s tiene Xalapa en el \u00e1mbito cultural.<u><\/u><u><\/u><\/p>\n<p class=\"x_m_-1710323931575493404MsoNoSpacing\">Por otro lado, la mayor\u00eda de los centros de estudios superiores, comenzando por el principal, que es la UV, tienen actividades de fomento a las artes, la cultura y la lectura.<u><\/u><u><\/u><\/p>\n<p class=\"x_m_-1710323931575493404MsoNoSpacing\">En dicho escenario de promoci\u00f3n cultural, llama la atenci\u00f3n el trabajo que se realiza desde el ayuntamiento local, donde son frecuentes las convocatorias a todo tipo de actividades; recientemente, por ejemplo, se present\u00f3 la iniciativa \u201cXalapa lee en libertad\u201d, del escritor Paco Ignacio Taibo II; y se anunci\u00f3 que durante toda la administraci\u00f3n municipal se mantendr\u00e1 la \u201cBrigada para leer en libertad\u201d, que fomenta la lectura, los libros al alcance de todos.<u><\/u><u><\/u><\/p>\n<p class=\"x_m_-1710323931575493404MsoNoSpacing\">Las autoridades municipales anunciaron tambi\u00e9n que las librer\u00edas que deseen participar en ese esfuerzo no tendr\u00e1n que pagar un solo centavo para trabajar en los espacios p\u00fablicos, lo cual es importante, dado que esas facilidades permitir\u00e1n que la poblaci\u00f3n pueda adquirir libros a precios m\u00e1s bajos, sobre todo tomando en cuenta que los libreros que cubren las cuotas municipales por el uso de suelo terminaban por trasladar ese cobro a los compradores finales.<u><\/u><u><\/u><\/p>\n<p class=\"x_m_-1710323931575493404MsoNoSpacing\">No se trata de un tema menor; es un esfuerzo por promover la lectura o al menos facilitar las condiciones para que la poblaci\u00f3n tenga acceso a los libros.<u><\/u><u><\/u><\/p>\n<p class=\"x_m_-1710323931575493404MsoNoSpacing\">En nuestro pa\u00eds, de acuerdo con el m\u00f3dulo de lectura levantado el a\u00f1o pasado por el Instituto Nacional de Estad\u00edstica, Geograf\u00eda e Inform\u00e1tica, el promedio anual de libros le\u00eddos por la poblaci\u00f3n adulta es de 3.8, muy inferior al que registran naciones como Argentina, Colombia, Brasil o Chile, y ni que decir de los n\u00fameros que presentan los pa\u00edses desarrollados.<u><\/u><u><\/u><\/p>\n<p class=\"x_m_-1710323931575493404MsoNoSpacing\">Al Ayuntamiento de Xalapa se le pueden criticar o se\u00f1alar algunos desatinos propios del inicio de la administraci\u00f3n \u2013desde el tema de los ambulantes hasta el relacionado con el corte de la energ\u00eda el\u00e9ctrica al inmueble municipal o el retraso en los pagos de n\u00f3mina\u2013; sin embargo, en el rubro de la promoci\u00f3n cultural y el fomento a la lectura, ha sido evidente el esfuerzo y la disposici\u00f3n. @luisromero85<u><\/u><u><\/u><\/p>\n<\/div>\n<\/div>\n<\/div>\n<p>&nbsp;<\/p>\n","protected":false},"excerpt":{"rendered":"<p>Luis Alberto Romero Hora Cero \u00a0 La capital de Veracruz tiene una incuestionable vocaci\u00f3n por la cultura y las artes; cuenta\u00a0\u00a0con importantes espacios destinados a pr\u00e1cticamente todas las expresiones culturales. Al margen de las expresiones y salas dedicadas a las actividades art\u00edsticas independientes, iniciativas y esfuerzos de particulares, en Xalapa encontramos una interesante oferta: el [&hellip;]<\/p>\n","protected":false},"author":2,"featured_media":0,"comment_status":"open","ping_status":"open","sticky":false,"template":"","format":"standard","meta":{"_jetpack_newsletter_access":"","_jetpack_dont_email_post_to_subs":false,"_jetpack_newsletter_tier_id":0,"_jetpack_memberships_contains_paywalled_content":false,"_jetpack_memberships_contains_paid_content":false,"footnotes":""},"categories":[70],"tags":[3386,2585,316,9093,10826,8761,96],"class_list":["post-39923","post","type-post","status-publish","format-standard","hentry","category-de-opinion","tag-cultura","tag-feria-internacional-del-libro-universitario","tag-ivec","tag-lectura","tag-orquesta-sinfonica-de-xalapa","tag-paco-ignacio-taibo","tag-xalapa"],"jetpack_featured_media_url":"","jetpack_sharing_enabled":true,"jetpack_shortlink":"https:\/\/wp.me\/p4Qcd3-anV","_links":{"self":[{"href":"https:\/\/lospoliticosveracruz.com.mx\/index.php?rest_route=\/wp\/v2\/posts\/39923","targetHints":{"allow":["GET"]}}],"collection":[{"href":"https:\/\/lospoliticosveracruz.com.mx\/index.php?rest_route=\/wp\/v2\/posts"}],"about":[{"href":"https:\/\/lospoliticosveracruz.com.mx\/index.php?rest_route=\/wp\/v2\/types\/post"}],"author":[{"embeddable":true,"href":"https:\/\/lospoliticosveracruz.com.mx\/index.php?rest_route=\/wp\/v2\/users\/2"}],"replies":[{"embeddable":true,"href":"https:\/\/lospoliticosveracruz.com.mx\/index.php?rest_route=%2Fwp%2Fv2%2Fcomments&post=39923"}],"version-history":[{"count":1,"href":"https:\/\/lospoliticosveracruz.com.mx\/index.php?rest_route=\/wp\/v2\/posts\/39923\/revisions"}],"predecessor-version":[{"id":39924,"href":"https:\/\/lospoliticosveracruz.com.mx\/index.php?rest_route=\/wp\/v2\/posts\/39923\/revisions\/39924"}],"wp:attachment":[{"href":"https:\/\/lospoliticosveracruz.com.mx\/index.php?rest_route=%2Fwp%2Fv2%2Fmedia&parent=39923"}],"wp:term":[{"taxonomy":"category","embeddable":true,"href":"https:\/\/lospoliticosveracruz.com.mx\/index.php?rest_route=%2Fwp%2Fv2%2Fcategories&post=39923"},{"taxonomy":"post_tag","embeddable":true,"href":"https:\/\/lospoliticosveracruz.com.mx\/index.php?rest_route=%2Fwp%2Fv2%2Ftags&post=39923"}],"curies":[{"name":"wp","href":"https:\/\/api.w.org\/{rel}","templated":true}]}}