{"id":40959,"date":"2018-04-01T22:51:44","date_gmt":"2018-04-02T03:51:44","guid":{"rendered":"http:\/\/www.lospoliticosveracruz.com.mx\/?p=40959"},"modified":"2018-04-01T22:51:44","modified_gmt":"2018-04-02T03:51:44","slug":"las-candidatas-sufren-violencia","status":"publish","type":"post","link":"https:\/\/lospoliticosveracruz.com.mx\/?p=40959","title":{"rendered":"Las candidatas sufren violencia"},"content":{"rendered":"<p><b>Brenda Caballero<\/b><\/p>\n<p><i>N\u00fameros Rojos<\/i><\/p>\n<p>&nbsp;<br \/>\nUna vez un var\u00f3n me dijo: \u00bfPor qu\u00e9 escribes solamente que las mujeres sufren violencia pol\u00edtica? \u00bfSab\u00edas que a los hombres tambi\u00e9n nos violentan pol\u00edticamente?<br \/>\n\u2014Es verdad \u2014le dije\u2014. Tanto hombres como mujeres sufren violencia pol\u00edtica, pero las condiciones en que se manifiesta es diferente.<br \/>\n\u2014\u00bfC\u00f3mo puede ser diferente? \u2014Sigui\u00f3 dici\u00e9ndome\u2014. \u00bfNo se supone que ya hay cuota de g\u00e9nero, y por lo tanto, tienen las mismas oportunidades de llegar?<br \/>\nDespu\u00e9s de varios minutos de discusi\u00f3n, pues \u00e9l aseguraba que \u201cas\u00ed era la pol\u00edtica y \u00e9se era el costo que se ten\u00eda que pagar\u201d y despu\u00e9s de varios ejemplos, entendi\u00f3 que la violencia pol\u00edtica contra las mujeres es diferente, pues \u00e9sta busca impedir la participaci\u00f3n de las mujeres por cuestiones de g\u00e9nero, es decir, por ser mujeres. Esta situaci\u00f3n es muy preocupante, y no solamente se presenta en Veracruz o en el pa\u00eds, sino en todo el mundo.<br \/>\nLa violencia pol\u00edtica contra las mujeres o tambi\u00e9n llamada violencia y acoso pol\u00edtico contra las mujeres es un problema real que estamos viviendo y que afecta a la democracia, a los derechos humanos y por supuesto a la igualdad de g\u00e9nero, pues adem\u00e1s de ser un delito electoral, puede llegar a ser una ofensa criminal.<br \/>\nAunque tambi\u00e9n se enfoca en las mujeres que trabajan en espacios gubernamentales, en esta ocasi\u00f3n nos enfocaremos a las candidatas, pues estamos en pleno proceso electoral.<br \/>\nPor desgracia, muchas mujeres son v\u00edctimas de ella, principalmente de sus dirigentes de partidos pol\u00edticos, de las coaliciones que forman con otros partidos con los que hacen alianza y tambi\u00e9n de la sociedad en general; basta ver los comentarios en las redes sociales en donde no se critican sus propuestas ni su ideolog\u00eda partidista, sino a ellas como mujeres inmersas en la pol\u00edtica, agredi\u00e9ndolas, hostig\u00e1ndolas, coaccion\u00e1ndolas y hasta intimid\u00e1ndolas.<br \/>\nPara entender la diferencia entre la violencia hacia los pol\u00edticos y la violencia pol\u00edtica contra las mujeres, citar\u00e9 a las investigadoras en el tema, Mona Lena Krook y Juliana Restrepo San\u00edn donde refieren que \u201cviolencia en la pol\u00edtica\u201d es un s\u00edntoma de altos \u00edndices de violencia en la sociedad con la \u201cviolencia contra las mujeres en la pol\u00edtica\u201d, que aunque tiene algunas caracter\u00edsticas de la violencia contra los pol\u00edticos, a \u00e9sta la influyen otros factores como autores, los espacios, motivaciones, tiempo y formas de violencia. Por ejemplo: la violencia hacia los pol\u00edticos solamente se produce en espacios p\u00fablicos, y puede ser por descalificaciones de sus opositores pol\u00edticos, pero tambi\u00e9n sufrir violencia de delincuentes criminales.<br \/>\nEn la violencia pol\u00edtica contra las mujeres, aparte de que pueden sufrir lo mismo que los varones, tambi\u00e9n se extiende en los espacios privados que son seguros para los hombres, como sus oficinas, asambleas pol\u00edticas, eventos oficiales, y hasta en sus casas por sus familiares. Y lo peor, despu\u00e9s de las elecciones y si son ganadoras, al tomar protesta y ejercer el cargo, la siguen sufriendo.<br \/>\nEn Yucat\u00e1n, el Colectivo Mujeres Todas ha presentado un violent\u00f3metro electoral para estas elecciones 2018 entre lo que destaca:<br \/>\nSI PERMITES LA VIOLENCIA, SEGUIR\u00c1 AUMENTANDO:<br \/>\nCuestionar la capacidad econ\u00f3mica para la campa\u00f1a; que no te proporcionen los requisitos sobre los candidatos; que se burlen de tus aspiraciones pol\u00edticas; descalificaci\u00f3n antes de tiempo sin raz\u00f3n; negarte acceso a asambleas partidistas y dificultar el registro de la aspirante.<br \/>\nSI LA VIOLENCIA SE VUELVE M\u00c1S AGRESIVA ES URGENTE PEDIR AYUDA Y DENUNCIAR:<br \/>\nNo entregar o retardar constancias de vecindad y de militancia; descalificarte por ser mujer; ofrecerte dinero a cambio de tu renuncia; hostigar a tus simpatizantes; no te autoricen espacios p\u00fablicos para promoverte; que amenacen tu seguridad y pongan en peligro tu vida y la de tu familia; agredirte f\u00edsicamente; privaci\u00f3n de la libertad; da\u00f1o a tu propiedad, de tu familia o simpatizantes.<br \/>\nES IMPORTANTE DENUNCIAR:<br \/>\nPedirte firmar pactos de Unidad, sin defensa posterior; te exijan firmar por disciplina, y que no puedas impugnar resultados; que no te reconozcan tu activismo y militancia; descalificarte por defender temas sobre derechos sexuales y reproductivos; condicionarte apoyos por favores sexuales; campa\u00f1as de rumores y ofensas en redes sociales; negar tu participaci\u00f3n por tus preferencias sexuales.<br \/>\nAhora bien, no todo acto violento contra una mujer pol\u00edtica constituye violencia contra la mujer, ni los hombres son los \u00fanicos que pueden cometerla; tambi\u00e9n tenemos a mujeres que adoptan estereotipos patriarcales y que violentan a otras mujeres, sin embargo ante ella es necesario que las mujeres denuncien y no se queden calladas.<br \/>\nLa soluci\u00f3n contra la violencia pol\u00edtica contra las mujeres no solamente debe de estar en el estado, sino tambi\u00e9n en la sociedad civil.<br \/>\ncaballero_brenda@hotmail.com<br \/>\n@NumerosRojos_BC<\/p>\n","protected":false},"excerpt":{"rendered":"<p>Brenda Caballero N\u00fameros Rojos &nbsp; Una vez un var\u00f3n me dijo: \u00bfPor qu\u00e9 escribes solamente que las mujeres sufren violencia pol\u00edtica? \u00bfSab\u00edas que a los hombres tambi\u00e9n nos violentan pol\u00edticamente? \u2014Es verdad \u2014le dije\u2014. Tanto hombres como mujeres sufren violencia pol\u00edtica, pero las condiciones en que se manifiesta es diferente. \u2014\u00bfC\u00f3mo puede ser diferente? \u2014Sigui\u00f3 [&hellip;]<\/p>\n","protected":false},"author":2,"featured_media":0,"comment_status":"open","ping_status":"open","sticky":false,"template":"","format":"standard","meta":{"_jetpack_newsletter_access":"","_jetpack_dont_email_post_to_subs":false,"_jetpack_newsletter_tier_id":0,"_jetpack_memberships_contains_paywalled_content":false,"_jetpack_memberships_contains_paid_content":false,"footnotes":""},"categories":[70],"tags":[11324,11323,11322],"class_list":["post-40959","post","type-post","status-publish","format-standard","hentry","category-de-opinion","tag-colectivo-mujeres-todas","tag-juliana-restrepo","tag-mona-lena-krook"],"jetpack_featured_media_url":"","jetpack_sharing_enabled":true,"jetpack_shortlink":"https:\/\/wp.me\/p4Qcd3-aED","_links":{"self":[{"href":"https:\/\/lospoliticosveracruz.com.mx\/index.php?rest_route=\/wp\/v2\/posts\/40959","targetHints":{"allow":["GET"]}}],"collection":[{"href":"https:\/\/lospoliticosveracruz.com.mx\/index.php?rest_route=\/wp\/v2\/posts"}],"about":[{"href":"https:\/\/lospoliticosveracruz.com.mx\/index.php?rest_route=\/wp\/v2\/types\/post"}],"author":[{"embeddable":true,"href":"https:\/\/lospoliticosveracruz.com.mx\/index.php?rest_route=\/wp\/v2\/users\/2"}],"replies":[{"embeddable":true,"href":"https:\/\/lospoliticosveracruz.com.mx\/index.php?rest_route=%2Fwp%2Fv2%2Fcomments&post=40959"}],"version-history":[{"count":2,"href":"https:\/\/lospoliticosveracruz.com.mx\/index.php?rest_route=\/wp\/v2\/posts\/40959\/revisions"}],"predecessor-version":[{"id":40964,"href":"https:\/\/lospoliticosveracruz.com.mx\/index.php?rest_route=\/wp\/v2\/posts\/40959\/revisions\/40964"}],"wp:attachment":[{"href":"https:\/\/lospoliticosveracruz.com.mx\/index.php?rest_route=%2Fwp%2Fv2%2Fmedia&parent=40959"}],"wp:term":[{"taxonomy":"category","embeddable":true,"href":"https:\/\/lospoliticosveracruz.com.mx\/index.php?rest_route=%2Fwp%2Fv2%2Fcategories&post=40959"},{"taxonomy":"post_tag","embeddable":true,"href":"https:\/\/lospoliticosveracruz.com.mx\/index.php?rest_route=%2Fwp%2Fv2%2Ftags&post=40959"}],"curies":[{"name":"wp","href":"https:\/\/api.w.org\/{rel}","templated":true}]}}