{"id":40995,"date":"2018-04-02T22:46:20","date_gmt":"2018-04-03T03:46:20","guid":{"rendered":"http:\/\/www.lospoliticosveracruz.com.mx\/?p=40995"},"modified":"2018-04-02T22:46:20","modified_gmt":"2018-04-03T03:46:20","slug":"la-madrina-noreya","status":"publish","type":"post","link":"https:\/\/lospoliticosveracruz.com.mx\/?p=40995","title":{"rendered":"La madrina Noreya"},"content":{"rendered":"<p><strong>Salvador Mu\u00f1oz<\/strong><\/p>\n<p><em>Los Pol\u00edticos<\/em><\/p>\n<p>&nbsp;<\/p>\n<p>&nbsp;<\/p>\n<p>Antes de ser uno de los mejores restaurantes que hay en Xalapa, La Chipola era hace muchos a\u00f1os una vecindad que recib\u00eda a j\u00f3venes que ven\u00edan a cursar la preparatoria as\u00ed como la universidad o eran normalistas. La se\u00f1ora Lolita era la encargada de recibirlos. All\u00e1, en ese lugar, lleg\u00f3 hace ya algunos ayeres, Noreya Portilla Gumecindo, sin \u201cr\u201d, ante la insistencia de los correctores que se la ponen&#8230; Gumecindo.<\/p>\n<p>Se da un tiempo para una charla al mediod\u00eda&#8230; luego, ir\u00eda a la colonia Lomas Verdes a un recorrido. Es candidata a diputada federal de la alianza PAN-PRD y Movimiento Ciudadano por el Distrito VIII Xalapa rural, lo que le hace tener que cubrir 22 municipios. S\u00f3lo toma una naranjada y le pregunto si es proporcional todas las comidas que ha hecho en precampa\u00f1a y en este inicio de campa\u00f1a con su peso. Se r\u00ede. Cuenta que ayer estuvo en Naolinco y si bien, les ofrecieron un rico desayuno, con lo que se camin\u00f3, bien pudiera decirse que no, no es proporcional&#8230; la caminata fue intensa.<\/p>\n<p>Me sorprende cuando me dice que es la tercera ocasi\u00f3n en la que participa en una contienda electoral como candidata&#8230; pensaba que lo hab\u00eda hecho solamente en el 2013 por la alcald\u00eda, donde 190 votos hicieron la diferencia para que hubiera alcalde y no alcaldesa. Cuenta que en el 2000, se acercaron a su padre, don Francisco Portilla Z\u00e1rate, y le ofrecieron ser candidato. El se\u00f1or agradeci\u00f3 la oferta pero la rechaz\u00f3 a la vez que dec\u00eda: \u201cpero tengo muchos hijos&#8230;\u201d y Noreya, quien estando en Xalapa, ya sab\u00eda de la pol\u00edtica, alz\u00f3 la mano y ah\u00ed inici\u00f3 su carrera como candidata a la alcald\u00eda a los 22 a\u00f1os, reci\u00e9n desempacada de la carrera de Econom\u00eda, y si bien no gan\u00f3, fue regidora en ese trienio.<\/p>\n<p>\u00bfPero \u201ctengo muchos hijos\u201d? Aclara Noreya que don Francisco y su mami Emilia dieron vida a 10 hijos, siete varones y tres mujeres, y a pesar de ser una familia muy numerosa, s\u00f3lo Lizbeth (alcaldesa de Juchique de Ferrer) y ella est\u00e1n inmersas en la pol\u00edtica.<\/p>\n<p>Por cierto, lo prol\u00edfico le viene a don Francisco de familia porque tuvo diez hermanos que igual, multiplicaron a los parientes que da gusto. Todo lo contrario a Noreya, quien no tiene hijos&#8230;<\/p>\n<p>\u2014\u00bfEres soltera?<\/p>\n<p>\u2014No, tengo pareja&#8230;<\/p>\n<p>\u2014En tu perfil de Facebook marca \u201cSoltera\u201d&#8230;<\/p>\n<p>Vuelve a sonre\u00edr y me asegura que ha de cambiar el perfil.<\/p>\n<p>Y si bien, Noreya no tiene hijos, lo que le sobran \u00a1son ahijados! Cuenta que desde que fue regidora, empez\u00f3 a ser madrina que de Bautizo, que de Primera Comuni\u00f3n y hasta de Confirmaci\u00f3n, lo que haciendo cuentas le arroja unos 70 ahijados \u201csin contar a los que fueron de graduaci\u00f3n escolar\u201d y confiesa que luego se llega a encontrar j\u00f3venes que la saludan al grito de \u201c\u00a1madrina!\u201d y es cuando se da cuenta que muchos de esos ni\u00f1os ya crecieron.<\/p>\n<p>Y haciendo cuentas, le digo que del 2000 al 2013, hay una brecha muy amplia.. \u00bfpor qu\u00e9 no particip\u00f3 en ese lapso? Responde que si bien, de manera directa no lo hizo, particip\u00f3 apoyando a otros candidatos, entre ellos a su propia hermana (2004), en una elecci\u00f3n presidencial (2006), as\u00ed como ech\u00e1ndole la mano al hermano de un cu\u00f1ado suyo (2007)&#8230; en pocas palabras, de la actividad pol\u00edtica no se ha desprendido.<\/p>\n<p>Hace un espacio&#8230; recuerda que hace dos a\u00f1os s\u00ed par\u00f3 un poco&#8230; iba a iniciar la campa\u00f1a de Miguel \u00c1ngel Yunes Linares, cuando do\u00f1a Emilia, su madre, falleci\u00f3. Recuerda que antes del desenlace, la llam\u00f3 y entendiendo su actividad en la pol\u00edtica, le dijo que siempre fuera rec\u00edproca con la gente, que se identificara con ellos, pero sobre todo, m\u00e1s que nunca, hubiera m\u00e1s unidad con sus hermanos, con sus familias, que se reunieran&#8230; y as\u00ed se ha hecho.<\/p>\n<p>Me platica de sus propuestas y proyectos como candidata a diputada federal y tambi\u00e9n de cuando fue jefa de la Unidad Administrativa en la secretar\u00eda de Gobierno. Lleg\u00f3 y se encontr\u00f3 un boquete&#8230; no, no un boquete, sino un socav\u00f3n administrativo&#8230; pero de eso, ya ser\u00e1 en otra ocasi\u00f3n que platiquemos&#8230; tiene una cita, tiene que caminar por Lomas Verdes y eso apenas es el principio&#8230;<\/p>\n<p>smcainito@gmail.com<\/p>\n","protected":false},"excerpt":{"rendered":"<p>Salvador Mu\u00f1oz Los Pol\u00edticos &nbsp; &nbsp; Antes de ser uno de los mejores restaurantes que hay en Xalapa, La Chipola era hace muchos a\u00f1os una vecindad que recib\u00eda a j\u00f3venes que ven\u00edan a cursar la preparatoria as\u00ed como la universidad o eran normalistas. La se\u00f1ora Lolita era la encargada de recibirlos. All\u00e1, en ese lugar, [&hellip;]<\/p>\n","protected":false},"author":2,"featured_media":0,"comment_status":"open","ping_status":"open","sticky":false,"template":"","format":"standard","meta":{"_jetpack_newsletter_access":"","_jetpack_dont_email_post_to_subs":false,"_jetpack_newsletter_tier_id":0,"_jetpack_memberships_contains_paywalled_content":false,"_jetpack_memberships_contains_paid_content":false,"footnotes":""},"categories":[70],"tags":[11330,2327,11331,266,107],"class_list":["post-40995","post","type-post","status-publish","format-standard","hentry","category-de-opinion","tag-la-chipola","tag-movimiento-ciudadano","tag-norella-portilla-gumecindo","tag-pan","tag-prd"],"jetpack_featured_media_url":"","jetpack_sharing_enabled":true,"jetpack_shortlink":"https:\/\/wp.me\/p4Qcd3-aFd","_links":{"self":[{"href":"https:\/\/lospoliticosveracruz.com.mx\/index.php?rest_route=\/wp\/v2\/posts\/40995","targetHints":{"allow":["GET"]}}],"collection":[{"href":"https:\/\/lospoliticosveracruz.com.mx\/index.php?rest_route=\/wp\/v2\/posts"}],"about":[{"href":"https:\/\/lospoliticosveracruz.com.mx\/index.php?rest_route=\/wp\/v2\/types\/post"}],"author":[{"embeddable":true,"href":"https:\/\/lospoliticosveracruz.com.mx\/index.php?rest_route=\/wp\/v2\/users\/2"}],"replies":[{"embeddable":true,"href":"https:\/\/lospoliticosveracruz.com.mx\/index.php?rest_route=%2Fwp%2Fv2%2Fcomments&post=40995"}],"version-history":[{"count":1,"href":"https:\/\/lospoliticosveracruz.com.mx\/index.php?rest_route=\/wp\/v2\/posts\/40995\/revisions"}],"predecessor-version":[{"id":40996,"href":"https:\/\/lospoliticosveracruz.com.mx\/index.php?rest_route=\/wp\/v2\/posts\/40995\/revisions\/40996"}],"wp:attachment":[{"href":"https:\/\/lospoliticosveracruz.com.mx\/index.php?rest_route=%2Fwp%2Fv2%2Fmedia&parent=40995"}],"wp:term":[{"taxonomy":"category","embeddable":true,"href":"https:\/\/lospoliticosveracruz.com.mx\/index.php?rest_route=%2Fwp%2Fv2%2Fcategories&post=40995"},{"taxonomy":"post_tag","embeddable":true,"href":"https:\/\/lospoliticosveracruz.com.mx\/index.php?rest_route=%2Fwp%2Fv2%2Ftags&post=40995"}],"curies":[{"name":"wp","href":"https:\/\/api.w.org\/{rel}","templated":true}]}}