{"id":41082,"date":"2018-04-05T10:36:50","date_gmt":"2018-04-05T15:36:50","guid":{"rendered":"http:\/\/www.lospoliticosveracruz.com.mx\/el-naufragio-electoral-en-poza-rica\/"},"modified":"2018-04-05T10:36:50","modified_gmt":"2018-04-05T15:36:50","slug":"el-naufragio-electoral-en-poza-rica","status":"publish","type":"post","link":"https:\/\/lospoliticosveracruz.com.mx\/?p=41082","title":{"rendered":"El naufragio electoral en Poza Rica"},"content":{"rendered":"<div><strong>Livia D\u00edaz<\/strong><\/div>\n<div><em>Jornada Huasteca<\/em><\/div>\n<div><\/div>\n<div><\/div>\n<div>Despu\u00e9s que la plataforma para el Premio Nacional de Periodismo comparti\u00f3 en redes la invitaci\u00f3n a la presentaci\u00f3n del libro colectivo de periodistas \u00abel naugragio electoral\u00bb, como que me la cre\u00ed.<\/div>\n<div>Es que, hacer un no poema para el libro y dejarlo ah\u00ed como una botella en el mar, es una cosa, pero leerlo en p\u00fablico el jueves 5 de abril a las 18.00 horas en la USBI de Poza Rica, s\u00e9 que me va a gustar.<\/div>\n<div>Supongo ser\u00e1 por \u00fanica vez, en esta ocasi\u00f3n, en este lugar en donde me adopt\u00e9 desde que enterr\u00e9 a mi primer muerto. El autor del libro Jos\u00e9 Luis Ortega Vidal, quien nos invit\u00f3 de okupas a otros 18, estar\u00e1 a nuestro lado en su tierra natal, y tambi\u00e9n, espero, para contarnos como logr\u00f3 ponernos de acuerdo. Lo que nos viene bien a los tundeteclas.<\/div>\n<div>Es que a\u00fan ahora, esto de que periodistas de distintos giros, edades, generaciones, plataformas, t\u00e9cnicas, medios, ideolog\u00edas, especialidades, origen, trayectoria, se agrupen, asocien y sean c\u00f3mplices, es dif\u00edcil y no s\u00f3lo en M\u00e9xico.<\/div>\n<div>En mi caso es de poes\u00eda pol\u00edtica, y en un espacio breve en que remat\u00e9 silencios entre versos y estrofas. Usando algunos recursos de la poes\u00eda virtual, como poner puntos entre las estrofas.<\/div>\n<div><\/div>\n<div><strong>EL LIBRO ES \u00daTIL<\/strong><\/div>\n<div>El lector encontrar\u00e1 el proceso electoral pasado, el naufragio electoral del 2016-2017; la nave en que viaj\u00f3 el elector y sus islas.<\/div>\n<div>No se trata de burlarse el cambio de partido en el gobierno; tampoco de mostrar a Veracruz en vitrina (como si eso se pudiera.) Ni de lucirnos con las plumas y las fotograf\u00edas.<\/div>\n<div>Silvia Sig\u00fcenza, Guadalupe Mar, Esperanza Arias, Cecilia Bocanegra, Yolanda Tenorio, Africa V\u00e1zquez, Livia D\u00edaz, Pablo Jair Ortega, Alberto Morales, Jos\u00e9 Antonio Ortega, Julio Argumedo, Miguel Angel Rueda, Luis Ch\u00e1vez, Enrique Quiroz, Atticuss Licona, Margarito Escudero y Jos\u00e9 Luis Ortega Vidal, colaboramos, y\u00a0 Rafael Ant\u00fanez nos gui\u00f3 en el camino editorial en un estado en que estamos a\u00fan, con el dolor transido y en que todos, aunque nadie lo diga, pusimos pecho.<\/div>\n<div><\/div>\n<div>@editorahuasteca<\/div>\n<p>&nbsp;<\/p>\n","protected":false},"excerpt":{"rendered":"<p>Livia D\u00edaz Jornada Huasteca Despu\u00e9s que la plataforma para el Premio Nacional de Periodismo comparti\u00f3 en redes la invitaci\u00f3n a la presentaci\u00f3n del libro colectivo de periodistas \u00abel naugragio electoral\u00bb, como que me la cre\u00ed. Es que, hacer un no poema para el libro y dejarlo ah\u00ed como una botella en el mar, es una [&hellip;]<\/p>\n","protected":false},"author":2,"featured_media":0,"comment_status":"open","ping_status":"open","sticky":false,"template":"","format":"standard","meta":{"_jetpack_newsletter_access":"","_jetpack_dont_email_post_to_subs":false,"_jetpack_newsletter_tier_id":0,"_jetpack_memberships_contains_paywalled_content":false,"_jetpack_memberships_contains_paid_content":false,"footnotes":""},"categories":[70],"tags":[11370,2769],"class_list":["post-41082","post","type-post","status-publish","format-standard","hentry","category-de-opinion","tag-el-naufragio-electoral-en-poza-rica","tag-jose-luis-ortega-vidal"],"jetpack_featured_media_url":"","jetpack_sharing_enabled":true,"jetpack_shortlink":"https:\/\/wp.me\/p4Qcd3-aGC","_links":{"self":[{"href":"https:\/\/lospoliticosveracruz.com.mx\/index.php?rest_route=\/wp\/v2\/posts\/41082","targetHints":{"allow":["GET"]}}],"collection":[{"href":"https:\/\/lospoliticosveracruz.com.mx\/index.php?rest_route=\/wp\/v2\/posts"}],"about":[{"href":"https:\/\/lospoliticosveracruz.com.mx\/index.php?rest_route=\/wp\/v2\/types\/post"}],"author":[{"embeddable":true,"href":"https:\/\/lospoliticosveracruz.com.mx\/index.php?rest_route=\/wp\/v2\/users\/2"}],"replies":[{"embeddable":true,"href":"https:\/\/lospoliticosveracruz.com.mx\/index.php?rest_route=%2Fwp%2Fv2%2Fcomments&post=41082"}],"version-history":[{"count":1,"href":"https:\/\/lospoliticosveracruz.com.mx\/index.php?rest_route=\/wp\/v2\/posts\/41082\/revisions"}],"predecessor-version":[{"id":41083,"href":"https:\/\/lospoliticosveracruz.com.mx\/index.php?rest_route=\/wp\/v2\/posts\/41082\/revisions\/41083"}],"wp:attachment":[{"href":"https:\/\/lospoliticosveracruz.com.mx\/index.php?rest_route=%2Fwp%2Fv2%2Fmedia&parent=41082"}],"wp:term":[{"taxonomy":"category","embeddable":true,"href":"https:\/\/lospoliticosveracruz.com.mx\/index.php?rest_route=%2Fwp%2Fv2%2Fcategories&post=41082"},{"taxonomy":"post_tag","embeddable":true,"href":"https:\/\/lospoliticosveracruz.com.mx\/index.php?rest_route=%2Fwp%2Fv2%2Ftags&post=41082"}],"curies":[{"name":"wp","href":"https:\/\/api.w.org\/{rel}","templated":true}]}}