{"id":41084,"date":"2018-04-05T10:55:29","date_gmt":"2018-04-05T15:55:29","guid":{"rendered":"http:\/\/www.lospoliticosveracruz.com.mx\/?p=41084"},"modified":"2018-04-05T10:55:29","modified_gmt":"2018-04-05T15:55:29","slug":"la-desaparicion-forzada-en-veracruz","status":"publish","type":"post","link":"https:\/\/lospoliticosveracruz.com.mx\/?p=41084","title":{"rendered":"La desaparici\u00f3n forzada en Veracruz"},"content":{"rendered":"<p class=\"x_m_2094742946622302405MsoNoSpacing\"><strong>Luis Alberto Romero<\/strong><\/p>\n<p class=\"x_m_2094742946622302405MsoNoSpacing\"><em>Hora Cero<\/em><\/p>\n<p class=\"x_m_2094742946622302405MsoNoSpacing\"><b><u><\/u><\/b><u><\/u>\u00a0<u><\/u><\/p>\n<p class=\"x_m_2094742946622302405MsoNoSpacing\">Cuando se habla de los excesos en que habr\u00edan incurrido ex funcionarios de la administraci\u00f3n de Javier Duarte en Veracruz generalmente el tema termina en los desv\u00edos de recursos, en los miles de millones de pesos que \u201cdesaparecieron\u201d de las cuentas gubernamentales; y en actos similares de corrupci\u00f3n. Sin embargo, hay un tema que es tan o m\u00e1s grave a\u00fan que el robo de recursos: la desaparici\u00f3n forzada.<u><\/u><u><\/u><\/p>\n<p class=\"x_m_2094742946622302405MsoNoSpacing\">La desaparici\u00f3n forzada es \u201cel arresto, la detenci\u00f3n, el secuestro o cualquier otra forma de privaci\u00f3n de la libertad que sean obra de agentes del Estado o por personas o grupos de personas que act\u00faan con la autorizaci\u00f3n, el apoyo o la aquiescencia del Estado, seguida de la negativa a reconocer dicha privaci\u00f3n de libertad o del ocultamiento de la suerte o el paradero de la persona desaparecida, sustray\u00e9ndola a la protecci\u00f3n de la ley\u201d, de acuerdo con la Convenci\u00f3n Internacional para la Protecci\u00f3n de todas las Personas contra las Desapariciones Forzadas\u201d.<u><\/u><u><\/u><\/p>\n<p class=\"x_m_2094742946622302405MsoNoSpacing\">Es un tema, el de la desaparici\u00f3n forzada, que significa un verdadero infierno para los familiares de las personas desaparecidas y en ello habr\u00edan incurrido ex colaboradores del pasado gobierno estatal.<u><\/u><u><\/u><\/p>\n<p class=\"x_m_2094742946622302405MsoNoSpacing\">Al iniciar febrero del presente a\u00f1o, por ejemplo, se inform\u00f3 que la procuradur\u00eda veracruzana abri\u00f3 124 carpetas de investigaci\u00f3n por la desaparici\u00f3n forzada de m\u00e1s de 200 personas de 52 municipios de la entidad.<u><\/u><u><\/u><\/p>\n<p class=\"x_m_2094742946622302405MsoNoSpacing\">Trascendi\u00f3, de igual manera, que ese delito fue cometido por parte de elementos de la polic\u00eda estatal.<u><\/u><u><\/u><\/p>\n<p class=\"x_m_2094742946622302405MsoNoSpacing\">El pasado 15 de febrero, los medios informativos consignaron la vinculaci\u00f3n a proceso de 19 integrantes de la Secretar\u00eda de Seguridad P\u00fabica del Gobierno del Estado; entre ellos se encontraban el ex titular de dicha dependencia, Arturo Berm\u00fadez Zurita, considerado como un inamovible en el gabinete de Javier Duarte; el ex director de penales, \u00d3scar S\u00e1nchez Tirado; y el ex director de la Fuerza Civil, Roberto Gonz\u00e1lez Meza, al igual que otros 19 ex elementos de la corporaci\u00f3n.<u><\/u><u><\/u><\/p>\n<p class=\"x_m_2094742946622302405MsoNoSpacing\">Todos ellos estar\u00edan vinculados a casos de desapariciones forzadas en Veracruz.<u><\/u><u><\/u><\/p>\n<p class=\"x_m_2094742946622302405MsoNoSpacing\">De forma m\u00e1s reciente, el pasado 3 de abril, otros dos ex funcionarios, \u00e9stos de la Fiscal\u00eda General del Estado, fueron capturados por el mismo delito.<u><\/u><u><\/u><\/p>\n<p class=\"x_m_2094742946622302405MsoNoSpacing\">En un operativo desarrollado en la zona de la avenida Araucarias, en Xalapa, elementos de la Polic\u00eda Ministerial echaron el guante al ex director de Servicios Periciales y a la ex delegada regional de la Polic\u00eda Ministerial en la capital veracruzana, Gilberto Aguirre y Carlota Zamudio, quienes fueron internados en Pacho Viejo.<u><\/u><u><\/u><\/p>\n<p class=\"x_m_2094742946622302405MsoNoSpacing\">Se trata de ex colaboradores del ex fiscal Luis \u00c1ngel Bravo Contreras, a quienes se se\u00f1ala por haber participado, presuntamente, en el ocultamiento y alteraci\u00f3n del hallazgo de los cuerpos localizados en el punto conocido como La Barranca de la Aurora, en Emiliano Zapata, municipio conurbado con Xalapa que alberga las instalaciones de la Academia Estatal de Polic\u00eda de El Lencero.<u><\/u><u><\/u><\/p>\n<p class=\"x_m_2094742946622302405MsoNoSpacing\">Ese lugar, La Barranca de la Aurora, es donde habr\u00edan sido arrojados las v\u00edctimas de desaparici\u00f3n forzada, al menos 19 personas, en enero de 2016.<u><\/u><u><\/u><\/p>\n<p class=\"x_m_2094742946622302405MsoNoSpacing\">Ese, dec\u00eda, ha sido un verdadero calvario para las familias de cientos de personas desaparecidas durante la administraci\u00f3n de Javier Duarte, que pasar\u00e1 a la historia como la peor y la m\u00e1s corrupta de Veracruz.<u><\/u><u><\/u><\/p>\n<p class=\"x_m_2094742946622302405MsoNoSpacing\">Lo importante, a fin de cuentas, es que el combate a la corrupci\u00f3n, a la impunidad y a la delincuencia que operaba desde el gobierno estatal no se limita a las acusaciones y denuncias por desv\u00edos de recursos, sino que se extiende a otros il\u00edcitos igual o m\u00e1s graves que el robo de recursos p\u00fablicos. En esos temas, por cierto, la fiscal\u00eda estatal ha logrado un destacable avance.<\/p>\n<p class=\"x_m_2094742946622302405MsoNoSpacing\">@luisromero85<u><\/u><u><\/u><\/p>\n<p>&nbsp;<\/p>\n","protected":false},"excerpt":{"rendered":"<p>Luis Alberto Romero Hora Cero \u00a0 Cuando se habla de los excesos en que habr\u00edan incurrido ex funcionarios de la administraci\u00f3n de Javier Duarte en Veracruz generalmente el tema termina en los desv\u00edos de recursos, en los miles de millones de pesos que \u201cdesaparecieron\u201d de las cuentas gubernamentales; y en actos similares de corrupci\u00f3n. Sin [&hellip;]<\/p>\n","protected":false},"author":2,"featured_media":0,"comment_status":"open","ping_status":"open","sticky":false,"template":"","format":"standard","meta":{"_jetpack_newsletter_access":"","_jetpack_dont_email_post_to_subs":false,"_jetpack_newsletter_tier_id":0,"_jetpack_memberships_contains_paywalled_content":false,"_jetpack_memberships_contains_paid_content":false,"footnotes":""},"categories":[70],"tags":[960,11372,1035,11371,260,11373,496,9073],"class_list":["post-41084","post","type-post","status-publish","format-standard","hentry","category-de-opinion","tag-arturo-bermudez-zurita","tag-carlota-zamudio","tag-desaparicion-forzada","tag-gilberto-aguirre","tag-javier-duarte-de-ochoa","tag-la-barranca-de-la-aurora","tag-luis-angel-bravo-contreras","tag-policia-estatal-de-veracruz"],"jetpack_featured_media_url":"","jetpack_sharing_enabled":true,"jetpack_shortlink":"https:\/\/wp.me\/p4Qcd3-aGE","_links":{"self":[{"href":"https:\/\/lospoliticosveracruz.com.mx\/index.php?rest_route=\/wp\/v2\/posts\/41084","targetHints":{"allow":["GET"]}}],"collection":[{"href":"https:\/\/lospoliticosveracruz.com.mx\/index.php?rest_route=\/wp\/v2\/posts"}],"about":[{"href":"https:\/\/lospoliticosveracruz.com.mx\/index.php?rest_route=\/wp\/v2\/types\/post"}],"author":[{"embeddable":true,"href":"https:\/\/lospoliticosveracruz.com.mx\/index.php?rest_route=\/wp\/v2\/users\/2"}],"replies":[{"embeddable":true,"href":"https:\/\/lospoliticosveracruz.com.mx\/index.php?rest_route=%2Fwp%2Fv2%2Fcomments&post=41084"}],"version-history":[{"count":1,"href":"https:\/\/lospoliticosveracruz.com.mx\/index.php?rest_route=\/wp\/v2\/posts\/41084\/revisions"}],"predecessor-version":[{"id":41085,"href":"https:\/\/lospoliticosveracruz.com.mx\/index.php?rest_route=\/wp\/v2\/posts\/41084\/revisions\/41085"}],"wp:attachment":[{"href":"https:\/\/lospoliticosveracruz.com.mx\/index.php?rest_route=%2Fwp%2Fv2%2Fmedia&parent=41084"}],"wp:term":[{"taxonomy":"category","embeddable":true,"href":"https:\/\/lospoliticosveracruz.com.mx\/index.php?rest_route=%2Fwp%2Fv2%2Fcategories&post=41084"},{"taxonomy":"post_tag","embeddable":true,"href":"https:\/\/lospoliticosveracruz.com.mx\/index.php?rest_route=%2Fwp%2Fv2%2Ftags&post=41084"}],"curies":[{"name":"wp","href":"https:\/\/api.w.org\/{rel}","templated":true}]}}