{"id":41142,"date":"2018-04-09T08:59:48","date_gmt":"2018-04-09T13:59:48","guid":{"rendered":"http:\/\/www.lospoliticosveracruz.com.mx\/?p=41142"},"modified":"2018-04-08T23:06:38","modified_gmt":"2018-04-09T04:06:38","slug":"la-batalla-por-el-senado","status":"publish","type":"post","link":"https:\/\/lospoliticosveracruz.com.mx\/?p=41142","title":{"rendered":"La batalla por el Senado"},"content":{"rendered":"<p class=\"x_m_-781848342232719838MsoNoSpacing\"><b>Luis Alberto Romero<\/b><\/p>\n<p class=\"x_m_-781848342232719838MsoNoSpacing\"><em>Hora Cero<\/em><b><br \/>\n<\/b><b><\/b><u><\/u>\u00a0<u><\/u><\/p>\n<p>&nbsp;<\/p>\n<p class=\"x_m_-781848342232719838MsoNoSpacing\">A poco m\u00e1s de una semana del arranque del proselitismo por parte de los aspirantes al Senado y a las diputaciones federales por Veracruz,\u00a0\u00a0podr\u00edamos decir que en el terreno medi\u00e1tico el Partido Acci\u00f3n Nacional inici\u00f3 esa \u00faltima etapa del proceso con mucha m\u00e1s presencia y fuerza que sus adversarios de Morena y del PRI.<u><\/u><u><\/u><\/p>\n<p class=\"x_m_-781848342232719838MsoNoSpacing\">Con base en anuncios espectaculares en puntos estrat\u00e9gicos, Julen Rementer\u00eda del Puerto se observa con mucha mayor presencia que cualquier otro candidato al Senado por la entidad.<u><\/u><u><\/u><\/p>\n<p class=\"x_m_-781848342232719838MsoNoSpacing\">El ex presidente municipal de Veracruz y ex titular de la Secretar\u00eda de Infraestructura y Obras P\u00fablicas del gobierno del estado aparece como la figura m\u00e1s importante de la coalici\u00f3n \u201cPor M\u00e9xico al Frente\u201d en el estado. Hasta ahora, Yazm\u00edn Copete Zapot, quien va en la segunda f\u00f3rmula de PAN-PRD-MC, pareciera aparecer s\u00f3lo de forma testimonial debido a que el partido que le impulsa luce a la sombra del panismo veracruzano.<u><\/u><u><\/u><\/p>\n<p class=\"x_m_-781848342232719838MsoNoSpacing\">El PRD est\u00e1 lejos de ser la gran fuerza opositora que fue hace dos d\u00e9cadas; hoy es un partido m\u00e1s institucional que el PRI y pareciera m\u00e1s un ap\u00e9ndice de Acci\u00f3n Nacional que una fuerza pol\u00edtica con vida propia. Aun as\u00ed, es muy probable que la campa\u00f1a panista lleve a Copete Zapot al Senado, dados los buenos n\u00fameros de la coalici\u00f3n en las encuestas que se han dado a conocer hasta el momento.<u><\/u><u><\/u><\/p>\n<p class=\"x_m_-781848342232719838MsoNoSpacing\">En el Movimiento de Regeneraci\u00f3n Nacional, mientras tanto, es claro que la figura de Andr\u00e9s Manuel L\u00f3pez Obrador ser\u00e1 determinante en el rumbo de la elecci\u00f3n por las curules en la C\u00e1mara Alta.<u><\/u><u><\/u><\/p>\n<p class=\"x_m_-781848342232719838MsoNoSpacing\">Con anuncios espectaculares, los abanderados de Morena, Roc\u00edo Nahle Garc\u00eda y Ricardo Ahued Bardahuil, se promocionan acompa\u00f1ando a su l\u00edder nacional y candidato presidencial. Nada raro, tomando en cuenta que ese partido y sus candidatos a gobernador, a senadores y a diputados locales y federales dependen en gran medida de la imagen y de la intenci\u00f3n del voto a favor de AMLO.<u><\/u><u><\/u><\/p>\n<p class=\"x_m_-781848342232719838MsoNoSpacing\">Los de Morena conf\u00edan en la fuerza y la presencia que tienen sus candidatos al Senado en el sur del estado y en la capital de la entidad. La figura del ex alcalde de Xalapa aporta, tanto o m\u00e1s que quien aparece en la primera f\u00f3rmula al Senado.<u><\/u><u><\/u><\/p>\n<p class=\"x_m_-781848342232719838MsoNoSpacing\"><u><\/u>\u00a0<u><\/u><\/p>\n<p class=\"x_m_-781848342232719838MsoNoSpacing\"><u><\/u>\u00a0<u><\/u><\/p>\n<p class=\"x_m_-781848342232719838MsoNoSpacing\"><b>Callejas, la resignaci\u00f3n<u><\/u><u><\/u><\/b><\/p>\n<p class=\"x_m_-781848342232719838MsoNoSpacing\">En el PRI, las cosas son muy diferentes; a falta de figuras electoralmente rentables, el tricolor recurri\u00f3 a la vieja f\u00f3rmula de las cuotas por sectores y decidi\u00f3 postular en la primera f\u00f3rmula al Senado al ex dirigente de la Secci\u00f3n 32 del SNTE, Juan Nicol\u00e1s Callejas Rold\u00e1n.<u><\/u><u><\/u><\/p>\n<p class=\"x_m_-781848342232719838MsoNoSpacing\">El problema es que el heredero del cacicazgo magisterial de Callejas Arroyo pr\u00e1cticamente ha pasado inadvertido en los primeros d\u00edas de la campa\u00f1a.<u><\/u><u><\/u><\/p>\n<p class=\"x_m_-781848342232719838MsoNoSpacing\">Lo peor para Callejas Rold\u00e1n es que al interior de su propio equipo de campa\u00f1a prevalece un ambiente de des\u00e1nimo; el olor a la derrota se percibe en la modesta casa de campa\u00f1a que inaugur\u00f3 de forma reciente. Es como una escuadra de f\u00fatbol cuyos jugadores dejaron de correr por que al minuto 15 del primer tiempo ya pierden 4 goles a 0.<u><\/u><u><\/u><\/p>\n<p class=\"x_m_-781848342232719838MsoNoSpacing\">La resignaci\u00f3n priista parece evidente y por ello, se dice, no hay acci\u00f3n ni proselitismo.<u><\/u><u><\/u><\/p>\n<p class=\"x_m_-781848342232719838MsoNoSpacing\">Pareciera que el candidato priista al Senado espera un milagro, algo que en pol\u00edtica no existe.<u><\/u><u><\/u><\/p>\n<p class=\"x_m_-781848342232719838MsoNoSpacing\">Callejas Rold\u00e1n carece de discurso y por lo visto tambi\u00e9n de estrategia;\u00a0\u00a0por otro lado, el tema de la supuesta estructura\u00a0\u00a0que le apoyar\u00eda es observado con desconfianza por que el mito del voto corporativo hace a\u00f1os que fue superado.<u><\/u><u><\/u><\/p>\n<p class=\"x_m_-781848342232719838MsoNoSpacing\">Lo \u00fanico bueno de la campa\u00f1a de Callejas Rold\u00e1n es que en la contienda al Senado s\u00f3lo hay tres f\u00f3rmulas; si hubiera otra opci\u00f3n, el diputado local con licencia correr\u00eda el riesgo de irse al cuarto lugar. @luisromero85<u><\/u><u><\/u><\/p>\n<p>&nbsp;<\/p>\n","protected":false},"excerpt":{"rendered":"<p>Luis Alberto Romero Hora Cero \u00a0 &nbsp; A poco m\u00e1s de una semana del arranque del proselitismo por parte de los aspirantes al Senado y a las diputaciones federales por Veracruz,\u00a0\u00a0podr\u00edamos decir que en el terreno medi\u00e1tico el Partido Acci\u00f3n Nacional inici\u00f3 esa \u00faltima etapa del proceso con mucha m\u00e1s presencia y fuerza que sus [&hellip;]<\/p>\n","protected":false},"author":2,"featured_media":0,"comment_status":"open","ping_status":"open","sticky":false,"template":"","format":"standard","meta":{"_jetpack_newsletter_access":"","_jetpack_dont_email_post_to_subs":false,"_jetpack_newsletter_tier_id":0,"_jetpack_memberships_contains_paywalled_content":false,"_jetpack_memberships_contains_paid_content":false,"footnotes":""},"categories":[70],"tags":[1130,1026,266,251,11392,711],"class_list":["post-41142","post","type-post","status-publish","format-standard","hentry","category-de-opinion","tag-julen-rementeria","tag-morena","tag-pan","tag-pri","tag-proselitismo","tag-senado"],"jetpack_featured_media_url":"","jetpack_sharing_enabled":true,"jetpack_shortlink":"https:\/\/wp.me\/p4Qcd3-aHA","_links":{"self":[{"href":"https:\/\/lospoliticosveracruz.com.mx\/index.php?rest_route=\/wp\/v2\/posts\/41142","targetHints":{"allow":["GET"]}}],"collection":[{"href":"https:\/\/lospoliticosveracruz.com.mx\/index.php?rest_route=\/wp\/v2\/posts"}],"about":[{"href":"https:\/\/lospoliticosveracruz.com.mx\/index.php?rest_route=\/wp\/v2\/types\/post"}],"author":[{"embeddable":true,"href":"https:\/\/lospoliticosveracruz.com.mx\/index.php?rest_route=\/wp\/v2\/users\/2"}],"replies":[{"embeddable":true,"href":"https:\/\/lospoliticosveracruz.com.mx\/index.php?rest_route=%2Fwp%2Fv2%2Fcomments&post=41142"}],"version-history":[{"count":2,"href":"https:\/\/lospoliticosveracruz.com.mx\/index.php?rest_route=\/wp\/v2\/posts\/41142\/revisions"}],"predecessor-version":[{"id":41144,"href":"https:\/\/lospoliticosveracruz.com.mx\/index.php?rest_route=\/wp\/v2\/posts\/41142\/revisions\/41144"}],"wp:attachment":[{"href":"https:\/\/lospoliticosveracruz.com.mx\/index.php?rest_route=%2Fwp%2Fv2%2Fmedia&parent=41142"}],"wp:term":[{"taxonomy":"category","embeddable":true,"href":"https:\/\/lospoliticosveracruz.com.mx\/index.php?rest_route=%2Fwp%2Fv2%2Fcategories&post=41142"},{"taxonomy":"post_tag","embeddable":true,"href":"https:\/\/lospoliticosveracruz.com.mx\/index.php?rest_route=%2Fwp%2Fv2%2Ftags&post=41142"}],"curies":[{"name":"wp","href":"https:\/\/api.w.org\/{rel}","templated":true}]}}