{"id":41237,"date":"2018-04-10T22:37:52","date_gmt":"2018-04-11T03:37:52","guid":{"rendered":"http:\/\/www.lospoliticosveracruz.com.mx\/?p=41237"},"modified":"2018-04-10T22:37:52","modified_gmt":"2018-04-11T03:37:52","slug":"manzur-y-amlo-pepe-y-el-bronco","status":"publish","type":"post","link":"https:\/\/lospoliticosveracruz.com.mx\/?p=41237","title":{"rendered":"Manzur y AMLO; Pepe y el Bronco"},"content":{"rendered":"<p><strong>Salvador Mu\u00f1oz<\/strong><\/p>\n<p><em>Los Pol\u00edticos<\/em><\/p>\n<p>&nbsp;<\/p>\n<p>&nbsp;<\/p>\n<p>Contaba el tocayo Salvador Manzur que estando en plena campa\u00f1a para la alcald\u00eda de Boca, en uno de los tantos recorridos que hac\u00eda, lleg\u00f3 a una colonia cuando ya permeaba la tarde-noche. Una valla de personas se aprestaba a saludarlo y la mayor\u00eda de ellas eran mujeres. Una a una iba saludando a esas damas con un besito en la mejilla, como el chiste del gallito: \u201ccompermisito gallinita, compermisito gallinita, compermisito gallinita, compermisito gallinita\u201d&#8230; en una de \u00e9sas, el tocayo Manzur dio un besito, pero algo sinti\u00f3 raro; entonces recapitul\u00f3, rebobin\u00f3 y se sorprendi\u00f3, igual que el receptor del \u00f3sculo&#8230; s\u00ed, porque no fue receptora, que si bien, era un joven homosexual, era seguro que no esperaba el saludo as\u00ed del candidato. Salvador Manzur se ri\u00f3 y sigui\u00f3 dando besitos, pero ya casi por inercia, empez\u00f3 a dar primero la mano y checar antes a qui\u00e9n le daba el picorete.<br \/>\nEsto viene a cuento por el tremendo beso que le plantaron a Andr\u00e9s Manuel L\u00f3pez Obrador durante un recorrido. El \u201cfaje\u201d de la se\u00f1ora exhibi\u00f3 que el candidato de Morena es capaz de despertar las pasiones m\u00e1s fogosas en las mujeres, y puede pasar este hecho como un mero cuento para el anecdotario, pero as\u00ed como dicen que hay Peje-zombies, \u00bfpor qu\u00e9 no pensar en PRI-zombies? \u00bfPAN-zombies? que puedan jugarle una mala pasada a L\u00f3pez Obrador&#8230; bastar\u00eda recordar a Cuauht\u00e9moc C\u00e1rdenas en La Parroquia cuando llegaron a \u201csaludarlo\u201d unos travest\u00eds.<br \/>\nInsisto&#8230; la an\u00e9cdota del tocayo fue circunstancial&#8230; pero qu\u00e9 pasa si un hombre, un travest\u00ed o un homosexual le dan tremendo beso a L\u00f3pez Obrador&#8230; se lo dejo de tarea a los encargados de la seguridad del candidato.<\/p>\n<p>II<\/p>\n<p>Un \u201cDesconocido\u201d llama a mi celular por la tarde&#8230; como tengo dos que tres conocidos \u201cmamilas\u201d que tienen bajo reserva su n\u00famero telef\u00f3nico, respondo pero no se trata de ninguno de ellos. Al otro lado de la l\u00ednea, una voz de mujer inicia un breve interrogatorio, que por mera curiosidad, me permito escuchar antes de colgar.<br \/>\nMe pregunta si conozco a Pepe Yunes; me da una cifra que realmente no alcanzo a digerir que es la cantidad de recursos que baj\u00f3 como Senador para Veracruz; igual me da una cantidad de obras que apoy\u00f3, pero por la celeridad de la encuesta, tampoco capto. Por \u00faltimo, despu\u00e9s de redondear con un \u201cdespu\u00e9s de todo lo que le dije y ha hecho Pepe Yunes (palabras m\u00e1s palabras menos) \u00bfvotar\u00eda por \u00e9l?\u201d<\/p>\n<p>II<\/p>\n<p>Amanecimos bronqueados este martes, y no precisamente por echar bronca porque al parecer al alcalde de Xalapa lo que le sobran son pretextos para cumplir con uno de los principios b\u00e1sicos que demanda cualquier ciudadano: el servicio de limpia p\u00fablica. Tenemos dos semanas y el contenedor de basura ya no soporta m\u00e1s desechos, tanto, que ahora algunos hijos de su mal dormir, optan por dejarlos afuera. Amanecimos bronqueados porque Jaime Rodr\u00edguez Calder\u00f3n, mejor conocido como El Bronco, ha de aparecer en las boletas para competir por Los Pinos. Hay molestia e indignaci\u00f3n en algunos porque mientras hubo personas como Marichuy Patricio Mart\u00ednez, quien hizo juego limpio, nom\u00e1s no le alcanz\u00f3 ser contemplada como candidata por los elevados requisitos que le piden a un ciudadano de a devis, y al Bronco, quien hizo trampa, le abren las puertas al juego de la democracia.<\/p>\n<p>En lo particular, el Bronco no me ocupa&#8230; \u00bfpor qu\u00e9? creo que tiene rato que se desinfl\u00f3, y all\u00e1 en Nuevo Le\u00f3n lo saben a la perfecci\u00f3n.<\/p>\n<p>En su momento, Rodr\u00edguez Calder\u00f3n fue un \u00edcono de la fortaleza ciudadana y muchos lo veneraban, tanto, que se convirti\u00f3 en \u00eddolo de los mismos pol\u00edticos, como fue el caso de Gerardo Buganza Salmer\u00f3n y H\u00e9ctor Yunes Landa, si la memoria no me falla, que presum\u00edan sendas fotos al lado del entonces Gobernador electo. Al final, el chiste de los neoleonenses era que esperaban que El Bronco fuera candidato a la Presidencia, con tal de que no regresara al estado.<\/p>\n<p>\u00bfY por qu\u00e9 no me ocupo del Bronco? por una sencilla raz\u00f3n: no me interesa como propuesta electoral.<\/p>\n<p>smcainito@gmail.com<\/p>\n","protected":false},"excerpt":{"rendered":"<p>Salvador Mu\u00f1oz Los Pol\u00edticos &nbsp; &nbsp; Contaba el tocayo Salvador Manzur que estando en plena campa\u00f1a para la alcald\u00eda de Boca, en uno de los tantos recorridos que hac\u00eda, lleg\u00f3 a una colonia cuando ya permeaba la tarde-noche. Una valla de personas se aprestaba a saludarlo y la mayor\u00eda de ellas eran mujeres. Una a [&hellip;]<\/p>\n","protected":false},"author":2,"featured_media":0,"comment_status":"open","ping_status":"open","sticky":false,"template":"","format":"standard","meta":{"_jetpack_newsletter_access":"","_jetpack_dont_email_post_to_subs":false,"_jetpack_newsletter_tier_id":0,"_jetpack_memberships_contains_paywalled_content":false,"_jetpack_memberships_contains_paid_content":false,"footnotes":""},"categories":[70],"tags":[618,2825,570,419],"class_list":["post-41237","post","type-post","status-publish","format-standard","hentry","category-de-opinion","tag-andres-manuel-lopez-obrador","tag-el-bronco","tag-pepe-yunes","tag-salvador-manzur"],"jetpack_featured_media_url":"","jetpack_sharing_enabled":true,"jetpack_shortlink":"https:\/\/wp.me\/p4Qcd3-aJ7","_links":{"self":[{"href":"https:\/\/lospoliticosveracruz.com.mx\/index.php?rest_route=\/wp\/v2\/posts\/41237","targetHints":{"allow":["GET"]}}],"collection":[{"href":"https:\/\/lospoliticosveracruz.com.mx\/index.php?rest_route=\/wp\/v2\/posts"}],"about":[{"href":"https:\/\/lospoliticosveracruz.com.mx\/index.php?rest_route=\/wp\/v2\/types\/post"}],"author":[{"embeddable":true,"href":"https:\/\/lospoliticosveracruz.com.mx\/index.php?rest_route=\/wp\/v2\/users\/2"}],"replies":[{"embeddable":true,"href":"https:\/\/lospoliticosveracruz.com.mx\/index.php?rest_route=%2Fwp%2Fv2%2Fcomments&post=41237"}],"version-history":[{"count":2,"href":"https:\/\/lospoliticosveracruz.com.mx\/index.php?rest_route=\/wp\/v2\/posts\/41237\/revisions"}],"predecessor-version":[{"id":41241,"href":"https:\/\/lospoliticosveracruz.com.mx\/index.php?rest_route=\/wp\/v2\/posts\/41237\/revisions\/41241"}],"wp:attachment":[{"href":"https:\/\/lospoliticosveracruz.com.mx\/index.php?rest_route=%2Fwp%2Fv2%2Fmedia&parent=41237"}],"wp:term":[{"taxonomy":"category","embeddable":true,"href":"https:\/\/lospoliticosveracruz.com.mx\/index.php?rest_route=%2Fwp%2Fv2%2Fcategories&post=41237"},{"taxonomy":"post_tag","embeddable":true,"href":"https:\/\/lospoliticosveracruz.com.mx\/index.php?rest_route=%2Fwp%2Fv2%2Ftags&post=41237"}],"curies":[{"name":"wp","href":"https:\/\/api.w.org\/{rel}","templated":true}]}}