{"id":41708,"date":"2018-04-29T22:55:25","date_gmt":"2018-04-30T03:55:25","guid":{"rendered":"http:\/\/www.lospoliticosveracruz.com.mx\/?p=41708"},"modified":"2018-04-29T21:10:55","modified_gmt":"2018-04-30T02:10:55","slug":"mujeres-y-candidatos","status":"publish","type":"post","link":"https:\/\/lospoliticosveracruz.com.mx\/?p=41708","title":{"rendered":"Mujeres y Candidatos"},"content":{"rendered":"<p><strong>Brenda Caballero<\/strong><\/p>\n<p><em>N\u00fameros Rojos<\/em><\/p>\n<p>&nbsp;<\/p>\n<p>&nbsp;<\/p>\n<p>Eran aproximadamente las diez, cuando ella caminaba tranquilamente por la acera de la Prolongaci\u00f3n Jim\u00e9nez Sur de la colonia Adolfo L\u00f3pez Mateos en el Puerto de Veracruz, mientras ve\u00eda su celular. Posiblemente mandaba un mensaje de que ya iba a casa. Cinco segundos bastaron para que ella sintiera un jal\u00f3n de cabello e inmediatamente una llave china en el cuello, lo que le hizo casi desmayarse y no poder oponerse ante el jal\u00f3n hacia el lote bald\u00edo y oscuro.<\/p>\n<p>De inmediato vinieron los golpes para someterla\u2026 uno tras otro\u2026 en la cara, los brazos, en las piernas y el vientre. \u00bfPor qu\u00e9 tanto odio? A pesar de pedirle que parara, \u00e9l no la escuchaba y entonces vinieron las mordidas\u2026 por todo el cuerpo. A pesar de ello, no lograba callarla.<\/p>\n<p>Su cuerpo adormecido por el dolor ya no sinti\u00f3 cuando la penetr\u00f3 y termin\u00f3. A\u00fan despu\u00e9s, los golpes siguieron\u2026 ahora fueron patadas. Ella ten\u00eda que callarse para que \u00e9l escapara.<\/p>\n<p>Dolor, indignaci\u00f3n, coraje, rabia y hasta ganas de vomitar sent\u00ed al ver el video que circula en redes.<\/p>\n<p>Precisamente esos veintid\u00f3s segundos muestran la inseguridad con la que vivimos las mujeres, no solamente en Veracruz, sino en todo el pa\u00eds.<\/p>\n<p>Ahora escucho comentarios en redes como: \u00a1ven\u00eda distra\u00edda con el celular! \u00a1Deber\u00eda haberle pegado en los huevos y salir corriendo! \u00a1No deber\u00eda caminar sola a altas horas de la noche! O hasta sugerencias como la de que \u201clas mujeres deber\u00edan aprender artes marciales para defenderse\u201d. Y dir\u00edamos por all\u00ed \u201c\u00bfcon qu\u00e9 ojo$?\u201d \u00bfAcaso somos culpables de toparnos con una bestia que se dice ven\u00eda alcoholizada? \u00bfSu estado de ebriedad le da derecho a tomar a una mujer que circula por la calle que puede ser usted o yo o alguien de su familia?<\/p>\n<p>El culpable ya ha sido identificado y detenido por las autoridades estatales. Pero \u00bfCu\u00e1ntos \u201cAdanes\u201d siguen a\u00fan sueltos a la \u201ccaza\u201d de otra mujer?<\/p>\n<p>En M\u00e9xico, el 51.4 por ciento de la poblaci\u00f3n somos mujeres; en Veracruz, el 51.8 por ciento, y por desgracia a cualquiera nos puede suceder. Pero \u00bfa qui\u00e9n le importa lo que nos suceda?<\/p>\n<p>Este cuestionamiento me lo hac\u00eda precisamente porque ayer que iniciaban campa\u00f1as los cuatro candidatos a la gubernatura, no escuch\u00e9 propuestas para prevenir la violencia contra las mujeres; tan s\u00f3lo un par de palabras del candidato de la Coalici\u00f3n Por un Veracruz Mejor, Jos\u00e9 Yunes Zorrilla y de Ricardo Anaya con Miguel \u00c1ngel Yunes M\u00e1rquez, candidato de la Coalici\u00f3n por Veracruz al Frente.<\/p>\n<p>Ojal\u00e1 y los candidatos tengan presentes a las mujeres, pero no s\u00f3lo porque representamos el 52 por ciento del padr\u00f3n electoral, sino porque estamos en una situaci\u00f3n cr\u00edtica de violencia extrema.<\/p>\n<p>Desde este espacio, hago un llamado a los candidatos para que sus propuestas tengan enfoque de g\u00e9nero y no s\u00f3lo se la pasen con denostaciones y acusaciones, pues eso no evita la violencia\u2026 al contrario.<\/p>\n<p>Por cierto, \u00bfde qui\u00e9n ser\u00e1 la camioneta Nissan Tipo NP300 con caja met\u00e1lica que ayer domingo entr\u00f3 a toda velocidad al estacionamiento de la Unidad Habitacional donde vivo y tom\u00f3 fotos a mi camioneta? Ni en casa estamos seguras\u2026<\/p>\n<p>caballero_brenda@hotmail.com<\/p>\n<p>@NumerosRojos_BC<\/p>\n","protected":false},"excerpt":{"rendered":"<p>Brenda Caballero N\u00fameros Rojos &nbsp; &nbsp; Eran aproximadamente las diez, cuando ella caminaba tranquilamente por la acera de la Prolongaci\u00f3n Jim\u00e9nez Sur de la colonia Adolfo L\u00f3pez Mateos en el Puerto de Veracruz, mientras ve\u00eda su celular. Posiblemente mandaba un mensaje de que ya iba a casa. Cinco segundos bastaron para que ella sintiera un [&hellip;]<\/p>\n","protected":false},"author":2,"featured_media":0,"comment_status":"open","ping_status":"open","sticky":false,"template":"","format":"standard","meta":{"_jetpack_newsletter_access":"","_jetpack_dont_email_post_to_subs":false,"_jetpack_newsletter_tier_id":0,"_jetpack_memberships_contains_paywalled_content":false,"_jetpack_memberships_contains_paid_content":false,"footnotes":""},"categories":[70],"tags":[2305,195,463],"class_list":["post-41708","post","type-post","status-publish","format-standard","hentry","category-de-opinion","tag-mujeres","tag-veracruz","tag-violencia"],"jetpack_featured_media_url":"","jetpack_sharing_enabled":true,"jetpack_shortlink":"https:\/\/wp.me\/p4Qcd3-aQI","_links":{"self":[{"href":"https:\/\/lospoliticosveracruz.com.mx\/index.php?rest_route=\/wp\/v2\/posts\/41708","targetHints":{"allow":["GET"]}}],"collection":[{"href":"https:\/\/lospoliticosveracruz.com.mx\/index.php?rest_route=\/wp\/v2\/posts"}],"about":[{"href":"https:\/\/lospoliticosveracruz.com.mx\/index.php?rest_route=\/wp\/v2\/types\/post"}],"author":[{"embeddable":true,"href":"https:\/\/lospoliticosveracruz.com.mx\/index.php?rest_route=\/wp\/v2\/users\/2"}],"replies":[{"embeddable":true,"href":"https:\/\/lospoliticosveracruz.com.mx\/index.php?rest_route=%2Fwp%2Fv2%2Fcomments&post=41708"}],"version-history":[{"count":1,"href":"https:\/\/lospoliticosveracruz.com.mx\/index.php?rest_route=\/wp\/v2\/posts\/41708\/revisions"}],"predecessor-version":[{"id":41709,"href":"https:\/\/lospoliticosveracruz.com.mx\/index.php?rest_route=\/wp\/v2\/posts\/41708\/revisions\/41709"}],"wp:attachment":[{"href":"https:\/\/lospoliticosveracruz.com.mx\/index.php?rest_route=%2Fwp%2Fv2%2Fmedia&parent=41708"}],"wp:term":[{"taxonomy":"category","embeddable":true,"href":"https:\/\/lospoliticosveracruz.com.mx\/index.php?rest_route=%2Fwp%2Fv2%2Fcategories&post=41708"},{"taxonomy":"post_tag","embeddable":true,"href":"https:\/\/lospoliticosveracruz.com.mx\/index.php?rest_route=%2Fwp%2Fv2%2Ftags&post=41708"}],"curies":[{"name":"wp","href":"https:\/\/api.w.org\/{rel}","templated":true}]}}