{"id":42417,"date":"2018-05-26T07:39:20","date_gmt":"2018-05-26T12:39:20","guid":{"rendered":"http:\/\/www.lospoliticosveracruz.com.mx\/?p=42417"},"modified":"2018-05-26T07:39:20","modified_gmt":"2018-05-26T12:39:20","slug":"la-amistad-en-el-proceso-electoral","status":"publish","type":"post","link":"https:\/\/lospoliticosveracruz.com.mx\/?p=42417","title":{"rendered":"La amistad en el Proceso Electoral"},"content":{"rendered":"<p style=\"font-weight: 400;\"><strong>Brenda Caballero<\/strong><\/p>\n<p style=\"font-weight: 400;\"><em>N\u00fameros Rojos<\/em><\/p>\n<p style=\"font-weight: 400;\">Despu\u00e9s de trabajar arduamente, dos amigos decidieron irse a tomar una chela. El asunto se prolong\u00f3 y las chelas se convirtieron en botellas. Ya entrados en copas, empezaron a platicar del proceso electoral, y por supuesto de sus candidatos. La pl\u00e1tica subi\u00f3 de tono y se torn\u00f3 en discusi\u00f3n. De all\u00ed vinieron los insultos, las ofensas y terminaron a golpes. No conforme con ello, uno corri\u00f3 a su casa a traer un machete y sali\u00f3 en la b\u00fasqueda de su amigo.<\/p>\n<p style=\"font-weight: 400;\">Al otro d\u00eda, en el peri\u00f3dico se le\u00eda: \u201cmachete\u00f3 a su amigo porque no quer\u00eda votar por su candidato\u201d.<\/p>\n<p style=\"font-weight: 400;\">Cualquier semejanza con alguna historia que usted conozca, es puritita coincidencia.<\/p>\n<p style=\"font-weight: 400;\">\u00bfCu\u00e1ntos amigos han perdido en estas elecciones? Pregunto a mis amigos de Facebook en referencia al Proceso Electoral y Federal que estamos viviendo. De inmediato contestan, tres, ocho y la lista sigue.<\/p>\n<p style=\"font-weight: 400;\">No es por nada, pero casi le puedo asegurar que hasta roces familiares ha tenido, y todo\u2026 \u00a1por los candidatos! Ah\u00ed tiene a mi t\u00edo todos los d\u00edas mand\u00e1ndome fotos y videos de su candidato. Como si llenar mi whatsapp de su publicidad cambiara mi forma de pensar.<\/p>\n<p style=\"font-weight: 400;\">Las redes sociales, en especial Facebook, si usted est\u00e1 en desacuerdo con alg\u00fan candidato o su propuesta, publica su opini\u00f3n entre sus amigos, para que de inmediato alguno le conteste y se genera toda una serie de comentarios que hasta se quebranta la amistad. Incluso el \u201centercamiento\u201d se vuelve personal.<\/p>\n<p style=\"font-weight: 400;\">\u00bfA cu\u00e1ntos \u201camigos\u201d ya ha bloqueado de sus redes sociales por sus afinidades partidistas? \u00bfCu\u00e1ntos mensajes ha dejado de ver en whatsapp porque siempre le mandan mensajes sobre alg\u00fan candidato con la idea de cambiarle su preferencia electoral?<\/p>\n<p style=\"font-weight: 400;\">Estamos de acuerdo\u2026 m\u00e1s all\u00e1 de proyectos, propuestas, esquemas de trabajo, en realidad, lo que hay en torno a un candidato, es esperanza\u2026 s\u00f3lo que cada quien tiene una esperanza distinta\u2026 \u00a1y es v\u00e1lido! Pero disgustarse por un candidato o candidata que ni siquiera es de su familia, de su c\u00edrculo cercano, su \u00edntimo, \u00a1ni al caso! No debemos dejar que la pasi\u00f3n nos domine.<\/p>\n<p style=\"font-weight: 400;\">Recuerde que siempre generar\u00e1 pasi\u00f3n el hablar de pol\u00edtica,\u00a0\u00a0religi\u00f3n y futbol. Y la historia nos puede contar de guerras, s\u00ed, de guerras entre naciones por estos temas donde la tolerancia no tiene espacio ni lugar para un solo triunfador y muchos derrotados.<\/p>\n<p style=\"font-weight: 400;\">El proceso electoral pasar\u00e1 y definitivamente no quedar\u00e1 el candidato que muchos quer\u00edan, pero esto es Democracia.<\/p>\n<p style=\"font-weight: 400;\">El refr\u00e1n dice: \u201cEn la cama y en la c\u00e1rcel se conoce a los amigos\u201d; sin embargo, hoy en d\u00eda, tendr\u00edamos que agregarle que\u00a0\u00a0al amigo tambi\u00e9n se le conoce en tiempos electorales.<\/p>\n<p style=\"font-weight: 400;\">II<\/p>\n<p style=\"font-weight: 400;\">Con esto queda comprobado que los ciudadanos son m\u00e1s apasionados que los pol\u00edticos, pues \u00e9stos puede darse la mano, saludarse de besito y hasta compartir los alimentos.<\/p>\n<p style=\"font-weight: 400;\">Recordemos que\u00a0\u00a0muchos pri\u00edstas ya son de Morena, y hasta plurinominales ser\u00e1n. Situaci\u00f3n extraordinaria porque despu\u00e9s de ser del PRI, del Verde, y del PAN, ya hicieron todos los amarres posibles en el estado y la federaci\u00f3n para pertenecer al partido de Andr\u00e9s Manuel L\u00f3pez Obrador.<\/p>\n<p style=\"font-weight: 400;\">III<\/p>\n<p style=\"font-weight: 400;\">Hace cuatro d\u00edas abri\u00f3 su cuenta de Twitter Beatriz Guti\u00e9rrez M\u00fcller. Al d\u00eda de ayer a las 20:20 horas, ya ten\u00eda 40 mil veintiocho seguidores y tan s\u00f3lo hab\u00eda hecho 3 tuis. Seguramente alg\u00fan asesor del candidato le indic\u00f3 que era urgente que abriera la cuenta la se\u00f1ora Beatriz, pues ya las esposas de los dem\u00e1s candidatos, ya le llevan ventaja.<\/p>\n<p style=\"font-weight: 400;\">Tal parece que tuitear\u00e1 puro amor, pues dentro de un mensaje escribe: \u201dSean felices todo lo que puedan\u201d Y vuelvo a preguntar, \u00bfporque no le hacen caso sus seguidores?<\/p>\n<p style=\"font-weight: 400;\">\n<p style=\"font-weight: 400;\"><a href=\"mailto:caballero_brenda@hotmail.com\">caballero_brenda@hotmail.com<\/a><\/p>\n<p style=\"font-weight: 400;\">@NumerosRojos_BC<\/p>\n","protected":false},"excerpt":{"rendered":"<p>Brenda Caballero N\u00fameros Rojos Despu\u00e9s de trabajar arduamente, dos amigos decidieron irse a tomar una chela. El asunto se prolong\u00f3 y las chelas se convirtieron en botellas. Ya entrados en copas, empezaron a platicar del proceso electoral, y por supuesto de sus candidatos. La pl\u00e1tica subi\u00f3 de tono y se torn\u00f3 en discusi\u00f3n. De all\u00ed [&hellip;]<\/p>\n","protected":false},"author":2,"featured_media":0,"comment_status":"open","ping_status":"open","sticky":false,"template":"","format":"standard","meta":{"_jetpack_newsletter_access":"","_jetpack_dont_email_post_to_subs":false,"_jetpack_newsletter_tier_id":0,"_jetpack_memberships_contains_paywalled_content":false,"_jetpack_memberships_contains_paid_content":false,"footnotes":""},"categories":[70],"tags":[618,8261,2687,721,1026],"class_list":["post-42417","post","type-post","status-publish","format-standard","hentry","category-de-opinion","tag-andres-manuel-lopez-obrador","tag-beatriz-gutierrez-muller","tag-brenda-caballero","tag-elecciones","tag-morena"],"jetpack_featured_media_url":"","jetpack_sharing_enabled":true,"jetpack_shortlink":"https:\/\/wp.me\/p4Qcd3-b29","_links":{"self":[{"href":"https:\/\/lospoliticosveracruz.com.mx\/index.php?rest_route=\/wp\/v2\/posts\/42417","targetHints":{"allow":["GET"]}}],"collection":[{"href":"https:\/\/lospoliticosveracruz.com.mx\/index.php?rest_route=\/wp\/v2\/posts"}],"about":[{"href":"https:\/\/lospoliticosveracruz.com.mx\/index.php?rest_route=\/wp\/v2\/types\/post"}],"author":[{"embeddable":true,"href":"https:\/\/lospoliticosveracruz.com.mx\/index.php?rest_route=\/wp\/v2\/users\/2"}],"replies":[{"embeddable":true,"href":"https:\/\/lospoliticosveracruz.com.mx\/index.php?rest_route=%2Fwp%2Fv2%2Fcomments&post=42417"}],"version-history":[{"count":1,"href":"https:\/\/lospoliticosveracruz.com.mx\/index.php?rest_route=\/wp\/v2\/posts\/42417\/revisions"}],"predecessor-version":[{"id":42419,"href":"https:\/\/lospoliticosveracruz.com.mx\/index.php?rest_route=\/wp\/v2\/posts\/42417\/revisions\/42419"}],"wp:attachment":[{"href":"https:\/\/lospoliticosveracruz.com.mx\/index.php?rest_route=%2Fwp%2Fv2%2Fmedia&parent=42417"}],"wp:term":[{"taxonomy":"category","embeddable":true,"href":"https:\/\/lospoliticosveracruz.com.mx\/index.php?rest_route=%2Fwp%2Fv2%2Fcategories&post=42417"},{"taxonomy":"post_tag","embeddable":true,"href":"https:\/\/lospoliticosveracruz.com.mx\/index.php?rest_route=%2Fwp%2Fv2%2Ftags&post=42417"}],"curies":[{"name":"wp","href":"https:\/\/api.w.org\/{rel}","templated":true}]}}