{"id":43711,"date":"2018-07-13T09:24:44","date_gmt":"2018-07-13T14:24:44","guid":{"rendered":"http:\/\/www.lospoliticosveracruz.com.mx\/?p=43711"},"modified":"2018-07-13T09:24:44","modified_gmt":"2018-07-13T14:24:44","slug":"congruencia-senores","status":"publish","type":"post","link":"https:\/\/lospoliticosveracruz.com.mx\/?p=43711","title":{"rendered":"Congruencia se\u00f1ores"},"content":{"rendered":"<p align=\"JUSTIFY\"><strong><span style=\"font-size: medium;\"><span lang=\"es-ES\">Naldy Rodr\u00edguez<\/span><\/span><\/strong><\/p>\n<p align=\"JUSTIFY\"><em>Transparencia 3.0<\/em><\/p>\n<p align=\"JUSTIFY\">\n<p align=\"JUSTIFY\"><span style=\"font-size: medium;\"><span lang=\"es-ES\">Hace dos a\u00f1os se le\u00eda el siguiente titular en un medio nacional: \u201cYunes Linares pide la intervenci\u00f3n de Pe\u00f1a Nieto en Veracruz\u201d. Y en el resumen explicaba que el entonces gobernador electo advert\u00eda que Javier Duarte pretend\u00eda blindar su salida al nombrar al Fiscal Anticorrupci\u00f3n as\u00ed como a los integrantes del Tribunal especializado en la materia, adem\u00e1s del Contralor.<\/span><\/span><\/p>\n<p align=\"JUSTIFY\"><span style=\"font-size: medium;\"><span lang=\"es-ES\">Efectivamente, Duarte, acusado de desviar miles de millones de pesos de las arcas p\u00fablicas y de delitos de lesa humanidad, trat\u00f3 de blindarse imponiendo gente a modo en la estructura del Sistema Anticorrupci\u00f3n.<\/span><\/span><\/p>\n<p align=\"JUSTIFY\"><span style=\"font-size: medium;\"><span lang=\"es-ES\">Tambi\u00e9n lo pretend\u00eda hacer dejando de comisionado del IVAI a Gabriel Deantes. El proceso logr\u00f3 detenerse minutos antes de la sesi\u00f3n legislativa en la que saldr\u00eda votado y designado (con una mayor\u00eda pri\u00edsta en ese momento). <\/span><\/span><\/p>\n<p align=\"JUSTIFY\"><span style=\"font-size: medium;\"><span lang=\"es-ES\">Unos d\u00edas antes, Javier Duarte hab\u00eda conseguido la mayor\u00eda calificada, haciendo uso hasta de suplentes, para designar a tres nuevos magistrados en el Poder Judicial por un per\u00edodo de 10 a\u00f1os. Se trat\u00f3 de Patricia Montelongo Guerrero, Lizbeth Hern\u00e1ndez Ribb\u00f3n y Francisco Portilla Bonilla.<\/span><\/span><\/p>\n<p align=\"JUSTIFY\"><span style=\"font-size: medium;\"><span lang=\"es-ES\">En ese momento de intransigencia, la bancada del PAN en el Congreso local se alz\u00f3 como una fuerza opositora, digna, que recibi\u00f3 el respaldo de muchos ciudadanos, incluidos periodistas que vimos con buenos ojos que intentaran impedir ese blindaje.<\/span><\/span><\/p>\n<p align=\"JUSTIFY\"><span style=\"font-size: medium;\"><span lang=\"es-ES\">Gracias a la presi\u00f3n social y medi\u00e1tica, lleg\u00f3 la transici\u00f3n pol\u00edtica en el poder. Miguel \u00c1ngel Yunes abanderado por el PAN y el PRD se alz\u00f3 con el triunfo en las urnas despu\u00e9s de 86 a\u00f1os de hegemon\u00eda del PRI. Muchos avizoraban un cambio, ten\u00edan grandes esperanzas en un nuevo gobierno y en un Congreso plural e incluyente.<\/span><\/span><\/p>\n<p align=\"JUSTIFY\"><span style=\"font-size: medium;\"><span lang=\"es-ES\">La transici\u00f3n era necesaria en Veracruz, de otra forma tal vez no habr\u00eda llegado la detenci\u00f3n del ex gobernador y algunos miembros de su camarilla. <\/span><\/span><\/p>\n<p align=\"JUSTIFY\"><span style=\"font-size: medium;\"><span lang=\"es-ES\">Sin embargo, en solo a\u00f1o y medio de ese nuevo gobierno y congreso se repitieron los errores: la imposici\u00f3n en el IVAI (aunque solo pudieron hacerlo con un \u201ccomisionado provisional\u201d) y personas cercanas a dos de los poderes en Veracruz fueron asignados como integrantes del nuevo Tribunal anticorrupci\u00f3n nada menos que por diez a\u00f1os. <\/span><\/span><\/p>\n<p align=\"JUSTIFY\"><span style=\"font-size: medium;\"><span lang=\"es-ES\">Ahora quieren seguir la misma t\u00f3nica con el nombramiento del Fiscal Anticorrupci\u00f3n, que ser\u00e1 inamovible por cinco a\u00f1os; as\u00ed como con la designaci\u00f3n de magistrados en el Poder Judicial, pero ahora no ser\u00e1n tres sino 12. <\/span><\/span><\/p>\n<p align=\"JUSTIFY\"><span style=\"font-size: medium;\"><span lang=\"es-ES\">Como se\u00f1ala el Art\u00edculo 59 de la Constituci\u00f3n de Veracruz, los magistrados ser\u00e1n nombrados por el Congreso, a propuesta del Gobernador del Estado, con la aprobaci\u00f3n de las dos terceras partes del total de sus integrantes. Eso no est\u00e1 a discusi\u00f3n, s\u00f3lo se pide congruencia. Si como gobernador electo pidi\u00f3 que no se asignara a gente cercana a Duarte en \u201cpuestos claves\u201d, como gobernador en funciones debe aplicar la misma f\u00f3rmula. <\/span><\/span><\/p>\n<p align=\"JUSTIFY\"><span style=\"font-size: medium;\"><span lang=\"es-ES\">Como en aquel momento hist\u00f3rico para el estado, hoy es necesaria la alternancia en el poder para poder llegar a la rendici\u00f3n de cuentas.<\/span><\/span><\/p>\n<p align=\"JUSTIFY\">\u201c<span style=\"font-size: medium;\"><span lang=\"es-ES\">Hay que escuchar la voz popular. No se nieguen a hacerlo\u201d, se\u00f1al\u00f3 Yunes Linares el 27 de junio de 2016. Coincido con las palabras que expres\u00f3 hace dos a\u00f1os el gobernador panista.<\/span><\/span><\/p>\n<p align=\"JUSTIFY\"><span style=\"font-size: medium;\"><span lang=\"es-ES\">La ciudadan\u00eda debe estar por encima de intereses de grupo, cotos de poder y visos de autoritarismo. <\/span><\/span><\/p>\n<p><span lang=\"es-ES\">Twitter @ydlan<\/span><\/p>\n<p><span lang=\"es-ES\"><a>Transparencia3.0@hotmail.com<\/a><\/span><\/p>\n","protected":false},"excerpt":{"rendered":"<p>Naldy Rodr\u00edguez Transparencia 3.0 Hace dos a\u00f1os se le\u00eda el siguiente titular en un medio nacional: \u201cYunes Linares pide la intervenci\u00f3n de Pe\u00f1a Nieto en Veracruz\u201d. Y en el resumen explicaba que el entonces gobernador electo advert\u00eda que Javier Duarte pretend\u00eda blindar su salida al nombrar al Fiscal Anticorrupci\u00f3n as\u00ed como a los integrantes del [&hellip;]<\/p>\n","protected":false},"author":2,"featured_media":0,"comment_status":"open","ping_status":"open","sticky":false,"template":"","format":"standard","meta":{"_jetpack_newsletter_access":"","_jetpack_dont_email_post_to_subs":false,"_jetpack_newsletter_tier_id":0,"_jetpack_memberships_contains_paywalled_content":false,"_jetpack_memberships_contains_paid_content":false,"footnotes":""},"categories":[70],"tags":[1711,1884,985,1510,5281,195],"class_list":["post-43711","post","type-post","status-publish","format-standard","hentry","category-de-opinion","tag-fiscal-anticorrupcion","tag-gabriel-deantes","tag-ivai","tag-miguel-angel-yunes","tag-naldy-rodriguez","tag-veracruz"],"jetpack_featured_media_url":"","jetpack_sharing_enabled":true,"jetpack_shortlink":"https:\/\/wp.me\/p4Qcd3-bn1","_links":{"self":[{"href":"https:\/\/lospoliticosveracruz.com.mx\/index.php?rest_route=\/wp\/v2\/posts\/43711","targetHints":{"allow":["GET"]}}],"collection":[{"href":"https:\/\/lospoliticosveracruz.com.mx\/index.php?rest_route=\/wp\/v2\/posts"}],"about":[{"href":"https:\/\/lospoliticosveracruz.com.mx\/index.php?rest_route=\/wp\/v2\/types\/post"}],"author":[{"embeddable":true,"href":"https:\/\/lospoliticosveracruz.com.mx\/index.php?rest_route=\/wp\/v2\/users\/2"}],"replies":[{"embeddable":true,"href":"https:\/\/lospoliticosveracruz.com.mx\/index.php?rest_route=%2Fwp%2Fv2%2Fcomments&post=43711"}],"version-history":[{"count":1,"href":"https:\/\/lospoliticosveracruz.com.mx\/index.php?rest_route=\/wp\/v2\/posts\/43711\/revisions"}],"predecessor-version":[{"id":43712,"href":"https:\/\/lospoliticosveracruz.com.mx\/index.php?rest_route=\/wp\/v2\/posts\/43711\/revisions\/43712"}],"wp:attachment":[{"href":"https:\/\/lospoliticosveracruz.com.mx\/index.php?rest_route=%2Fwp%2Fv2%2Fmedia&parent=43711"}],"wp:term":[{"taxonomy":"category","embeddable":true,"href":"https:\/\/lospoliticosveracruz.com.mx\/index.php?rest_route=%2Fwp%2Fv2%2Fcategories&post=43711"},{"taxonomy":"post_tag","embeddable":true,"href":"https:\/\/lospoliticosveracruz.com.mx\/index.php?rest_route=%2Fwp%2Fv2%2Ftags&post=43711"}],"curies":[{"name":"wp","href":"https:\/\/api.w.org\/{rel}","templated":true}]}}