{"id":43753,"date":"2018-07-16T22:50:13","date_gmt":"2018-07-17T03:50:13","guid":{"rendered":"http:\/\/www.lospoliticosveracruz.com.mx\/?p=43753"},"modified":"2018-07-16T21:25:47","modified_gmt":"2018-07-17T02:25:47","slug":"fiscal-anticorrupcion-bajo-sospecha","status":"publish","type":"post","link":"https:\/\/lospoliticosveracruz.com.mx\/?p=43753","title":{"rendered":"Fiscal Anticorrupci\u00f3n bajo sospecha"},"content":{"rendered":"<p dir=\"ltr\"><strong>Salvador Mu\u00f1oz<\/strong><\/p>\n<p dir=\"ltr\"><em>Los Pol\u00edticos<\/em><\/p>\n<p>&nbsp;<\/p>\n<p dir=\"ltr\">La bajante de una nota de un portal de noticias no deja de ser tendenciosa. Dice, con respecto al nombramiento del Fiscal Anticorrupci\u00f3n y la intenci\u00f3n de Cuitl\u00e1huac Garc\u00eda de que tal se d\u00e9 con la siguiente Legislatura y no en \u00e9sta: \u201cYunes Linares hizo \u00a0la misma solicitud hace dos a\u00f1os y no se design\u00f3 entonces\u201d.<\/p>\n<p dir=\"ltr\">Digo que es \u201ctendenciosa\u201d porque da con esa bajante, un poder que lejos estuvo de tener el entonces Gobernador electo Miguel \u00c1ngel Yunes Linares. Se enga\u00f1a con la verdad al lector.<\/p>\n<p dir=\"ltr\">Es cierto, Yunes Linares hizo tal petici\u00f3n, pero la LXIII Legislatura no lo pel\u00f3 y aprovechando su mayor\u00eda, previamente, all\u00e1 por mayo del 2016, aprob\u00f3 la Ley Estatal Anticorrupci\u00f3n que contemplaba medidas como crear la Fiscal\u00eda Especial Anticorrupci\u00f3n, un Comit\u00e9 Coordinador, presupuesto fijo, y una legislaci\u00f3n local acorde con los lineamientos federales, todo a partir de diciembre de 2016.<\/p>\n<p dir=\"ltr\">En una sociedad que cada vez lee menos las notas y m\u00e1s los titulares, con esa bajante, se va enga\u00f1ada.<\/p>\n<p dir=\"ltr\">All\u00e1, a mediados de julio de ese 2016, todo estaba puesto para que el primer fiscal anticorrupci\u00f3n fuera Francisco \u201cPacotilla\u201d Portilla Bonilla, pero de \u00faltima hora, la comisi\u00f3n de Procuraci\u00f3n de Justicia del Congreso local retir\u00f3 la propuesta\u2026<\/p>\n<p dir=\"ltr\">A lo mejor se acuerdan que por esas fechas, a punto estuvo un integrante de los 400 Pueblos de descalabrar a Ricardo Anaya, cuando \u00e9l, Miguel \u00c1ngel Yunes (en su car\u00e1cter de candidato ganador de las elecciones), y Santiago Creel, visitaron el Congreso local para precisamente tratar ese asunto. El Palacio de Encanto estaba sitiado por dicha organizaci\u00f3n que encabeza(ba) C\u00e9sar del \u00c1ngel Fuentes.<\/p>\n<p dir=\"ltr\">No s\u00e9 si motivado por la agresi\u00f3n que sufrieran los panistas o porque de plano, hubo el conocimiento por parte de los diputados de que estaban haciendo algo chueco (o ambas), pero se par\u00f3 el nombramiento del Fiscal Anticorrupci\u00f3n.<\/p>\n<p dir=\"ltr\">Dos meses despu\u00e9s, a trav\u00e9s de la Suprema Corte de Justicia de la Naci\u00f3n, se echar\u00eda abajo la Ley Estatal Anticorrupci\u00f3n y todo lo que de ella emanara, basada la sentencia en una tesis simple: los congresos locales no pueden crear sistemas anticorrupci\u00f3n antes de que est\u00e9n aprobadas las leyes secundarias del Sistema Nacional Anticorrupci\u00f3n\u2026 es decir, a\u00fan no estaba aprobada la federal cuando ya en Veracruz, parec\u00eda que \u201cse hac\u00eda una legislaci\u00f3n a modo\u201d, dijeran desde Los Pinos.<\/p>\n<p dir=\"ltr\">S\u00ed, la petici\u00f3n de Miguel \u00c1ngel Yunes Linares en ese momento era por temor a que se designara como Fiscal Anticorrupci\u00f3n \u201ca un c\u00f3mplice\u201d de Javier Duarte de Ochoa. Aunque no era el \u00fanico caso: ah\u00ed estaba Gabriel Deantes m\u00e1s puesto que un calcet\u00edn para aterrizar en el IVAI.<\/p>\n<p dir=\"ltr\">A lo m\u00e1s, el \u201ctemor\u201d que hoy pudieran tener los que llegan este diciembre al poder, es que su Fiscal Anticorrupci\u00f3n no sea af\u00edn a sus intereses. Es natural\u2026 como cuando un Director T\u00e9cnico llega a un equipo de futbol con un equipo que \u00e9l no design\u00f3, y s\u00ed, puede jugar una temporada con \u00e9l pero al siguiente torneo, si puede, lo cambia totalmente por los que \u00e9l cree que pueden jugar bajo su esquema\u2026<\/p>\n<p dir=\"ltr\">A prop\u00f3sito de lo declarado hace unos d\u00edas por el Gobernador Miguel \u00c1ngel Yunes Linares, de que \u00e9l estaba facultado para proponer magistrados y el Congreso local, para designar Fiscal Anticorrupci\u00f3n, un amigo escribi\u00f3: \u201clegalmente correcto; pol\u00edticamente incorrecto\u201d. El silogismo tendr\u00eda que resolverse entonces as\u00ed: \u00bfaplicar la pol\u00edtica pero no la Ley?<\/p>\n<p dir=\"ltr\">Al final, todo se sujeta a hacer lo que dicta la Ley. El Fiscal Anticorrupci\u00f3n se le vino abajo a Duarte porque su desarrollo y ejecuci\u00f3n fue ilegal. Ahora, el \u00fanico pretexto que tendr\u00eda el Congreso de Veracruz para no designar al Fiscal es que el PRI hiciera alianza con Morena, evitando que entrara en el orden del d\u00eda para evitar su discusi\u00f3n&#8230; lo que de darse, se confirmar\u00edan las sospechas: el PRI-Mor es una realidad que ha de gobernar Veracruz.<\/p>\n<p>&nbsp;<\/p>\n<p dir=\"ltr\"><span style=\"color: #008000;\"><a style=\"color: #008000;\" href=\"mailto:smcainito@gmail.com\" target=\"_blank\" rel=\"noopener noreferrer\" data-auth=\"NotApplicable\">smcainito@gmail.com<\/a><\/span><\/p>\n","protected":false},"excerpt":{"rendered":"<p>Salvador Mu\u00f1oz Los Pol\u00edticos &nbsp; La bajante de una nota de un portal de noticias no deja de ser tendenciosa. Dice, con respecto al nombramiento del Fiscal Anticorrupci\u00f3n y la intenci\u00f3n de Cuitl\u00e1huac Garc\u00eda de que tal se d\u00e9 con la siguiente Legislatura y no en \u00e9sta: \u201cYunes Linares hizo \u00a0la misma solicitud hace dos [&hellip;]<\/p>\n","protected":false},"author":2,"featured_media":0,"comment_status":"open","ping_status":"open","sticky":false,"template":"","format":"standard","meta":{"_jetpack_newsletter_access":"","_jetpack_dont_email_post_to_subs":false,"_jetpack_newsletter_tier_id":0,"_jetpack_memberships_contains_paywalled_content":false,"_jetpack_memberships_contains_paid_content":false,"footnotes":""},"categories":[70],"tags":[1711,12114,260,428],"class_list":["post-43753","post","type-post","status-publish","format-standard","hentry","category-de-opinion","tag-fiscal-anticorrupcion","tag-francisco-portilla-bonilla","tag-javier-duarte-de-ochoa","tag-miguel-angel-yunes-linares"],"jetpack_featured_media_url":"","jetpack_sharing_enabled":true,"jetpack_shortlink":"https:\/\/wp.me\/p4Qcd3-bnH","_links":{"self":[{"href":"https:\/\/lospoliticosveracruz.com.mx\/index.php?rest_route=\/wp\/v2\/posts\/43753","targetHints":{"allow":["GET"]}}],"collection":[{"href":"https:\/\/lospoliticosveracruz.com.mx\/index.php?rest_route=\/wp\/v2\/posts"}],"about":[{"href":"https:\/\/lospoliticosveracruz.com.mx\/index.php?rest_route=\/wp\/v2\/types\/post"}],"author":[{"embeddable":true,"href":"https:\/\/lospoliticosveracruz.com.mx\/index.php?rest_route=\/wp\/v2\/users\/2"}],"replies":[{"embeddable":true,"href":"https:\/\/lospoliticosveracruz.com.mx\/index.php?rest_route=%2Fwp%2Fv2%2Fcomments&post=43753"}],"version-history":[{"count":2,"href":"https:\/\/lospoliticosveracruz.com.mx\/index.php?rest_route=\/wp\/v2\/posts\/43753\/revisions"}],"predecessor-version":[{"id":43755,"href":"https:\/\/lospoliticosveracruz.com.mx\/index.php?rest_route=\/wp\/v2\/posts\/43753\/revisions\/43755"}],"wp:attachment":[{"href":"https:\/\/lospoliticosveracruz.com.mx\/index.php?rest_route=%2Fwp%2Fv2%2Fmedia&parent=43753"}],"wp:term":[{"taxonomy":"category","embeddable":true,"href":"https:\/\/lospoliticosveracruz.com.mx\/index.php?rest_route=%2Fwp%2Fv2%2Fcategories&post=43753"},{"taxonomy":"post_tag","embeddable":true,"href":"https:\/\/lospoliticosveracruz.com.mx\/index.php?rest_route=%2Fwp%2Fv2%2Ftags&post=43753"}],"curies":[{"name":"wp","href":"https:\/\/api.w.org\/{rel}","templated":true}]}}