{"id":43892,"date":"2018-07-22T23:00:07","date_gmt":"2018-07-23T04:00:07","guid":{"rendered":"http:\/\/www.lospoliticosveracruz.com.mx\/?p=43892"},"modified":"2018-07-22T21:33:08","modified_gmt":"2018-07-23T02:33:08","slug":"fanny-vs-ivan","status":"publish","type":"post","link":"https:\/\/lospoliticosveracruz.com.mx\/?p=43892","title":{"rendered":"Fanny \u201cvs\u201d Iv\u00e1n"},"content":{"rendered":"<p dir=\"ltr\"><strong>Salvador Mu\u00f1oz<\/strong><\/p>\n<p dir=\"ltr\"><em>Los Pol\u00edticos<\/em><\/p>\n<p dir=\"ltr\">El inter\u00e9s de la fauna period\u00edstica junto con sus apuestas por saber qui\u00e9n ha de llegar a la Coordinaci\u00f3n de Comunicaci\u00f3n Social de Gobierno del Estado se pudiera considerar hasta cierto punto, comprensible como tambi\u00e9n lo es la pretensi\u00f3n por m\u00e9ritos partidistas, period\u00edsticos y hasta oportunistas, de a quienes citan para tal cargo as\u00ed como los que se hacen citar para verse como \u201ccandidatos\u201d.<\/p>\n<p dir=\"ltr\">Ya hemos mencionado aqu\u00ed el nombre de Fanny Y\u00e9pez de quien yo ten\u00eda entendido que fue parte activa de la difusi\u00f3n de las actividades del candidato Cuitl\u00e1huac Garc\u00eda Jim\u00e9nez\u2026 y digo que \u201cten\u00eda entendido\u201d porque tras anterior comentario en este espacio, amigos de Morena me citan que Fanny Y\u00e9pez no fue la \u00fanica, sino tambi\u00e9n el Maestro Iv\u00e1n Joseph Luna Landa particip\u00f3 muy de cerca en la labor de campa\u00f1a de Cuitl\u00e1huac Garc\u00eda.<\/p>\n<p dir=\"ltr\">En el equipo de Garc\u00eda Jim\u00e9nez las apuestas est\u00e1n divididas pero ligeramente a favor de Iv\u00e1n Pepe ya que quienes conformaron esta escuadra, son j\u00f3venes y ex compa\u00f1eros de Facultad de Luna Landa. Aunque por fuera, la empat\u00eda es a favor de Fanny Y\u00e9pez quien cuenta con el apoyo de compa\u00f1eros de la prensa que a trav\u00e9s de sus columnas y comentarios, se lo hacen saber.<\/p>\n<p dir=\"ltr\">Dicen los Fanny-lovers que Iv\u00e1n Luna \u201cya se anda presentando como coordinador\u201d; y aunque los \u201cIvaniebers\u201d dicen lo mismo de Fanny, la verdad no me la he topado para constatarlo. Me refiero a Fanny porque tengo gusto de conocerla ya hace a\u00f1os. A Iv\u00e1n, estuvimos en una comida s\u00f3lo en una ocasi\u00f3n.<\/p>\n<p dir=\"ltr\">No obstante, el hecho de que haya m\u00e1s nombres que citen como potenciales coordinadores de Comunicaci\u00f3n Social del gobierno estatal, pone nervioso a Iv\u00e1n que, cada vez que se acerca un periodista buscando a Cuitl\u00e1huac, lo ve con desconfianza, como diciendo: \u201cme quieres tumbar la chamba\u201d.<\/p>\n<p dir=\"ltr\">Lo que tambi\u00e9n comentan es que en esta gira que realiza Garc\u00eda Jim\u00e9nez por varios puntos del estado, ni Fanny ni Iv\u00e1n lo han acompa\u00f1ado.<\/p>\n<p dir=\"ltr\">En el Puerto jarocho, la prensa tiene sus propios favoritos y encabeza la lista, como citamos en columna anterior, Rosa Mar\u00eda Hern\u00e1ndez Espejo. Se suma a ella, Silverio Quevedo Elox (\u00a1pendientes las chelas!), columnista de Imagen; V\u00edctor Hugo Cisneros, ex reportero de Imagen y jefe de prensa de Roc\u00edo Nahle; y Manolo Victorio, de Avan Radio.<\/p>\n<p dir=\"ltr\">A diferencia de los que se candidatean en Xalapa, los porte\u00f1os est\u00e1n serenos, no se alebrestan y cierran filas\u2026 bueno, al menos en lo que se sabe, Rosa Mar\u00eda, Silverio y Manolo no se pelean y se desean suerte.<\/p>\n<p dir=\"ltr\">En Xalapa, se ha conformado un grupo en torno al columnista Pepe Valencia, que si bien, nadie le quita a\u00f1os de labor period\u00edstica, est\u00e1 en franca desventaja con la mayor\u00eda de los citados en l\u00edneas anteriores, aunque no se le puede negar su falta de ganas, porque ya se mueve con su grupo por ac\u00e1, ya se mueve por all\u00e1; ya invita a periodistas a unirse a su proyecto, ya invita a columnistas tambi\u00e9n, aunque se encuentra a una que otra y otro que est\u00e1 apoyando a Fanny Y\u00e9pez.<\/p>\n<p dir=\"ltr\">Por supuesto, tanto Fanny como Iv\u00e1n tiran a la grande pero sin perder de vista la segunda y tercera opci\u00f3n: la coordinaci\u00f3n de prensa del Congreso local, que igual se ha de renovar, as\u00ed como la direcci\u00f3n de RTV.<\/p>\n<p dir=\"ltr\">Y mientras se vive una rebatinga por la Coordinaci\u00f3n de Comunicaci\u00f3n Social, parte de la fauna period\u00edstica busca otros escenarios, otros balcones, otras palestras para el gobierno que se viene\u2026 y ya se ven en grupo o en solitario desfilando de un lado a otro buscando plataformas que les permitan hacerse presentes, sea por radio, televisi\u00f3n, internet\u2026 \u00a1o las tres juntas! pero sin suerte.<\/p>\n<p dir=\"ltr\">Faltan cinco meses o menos, mientras, a seguir haciendo apuestas.<\/p>\n<p dir=\"ltr\"><span style=\"color: #008000;\"><a style=\"color: #008000;\" href=\"mailto:smcainito@gmail.com\" target=\"_blank\" rel=\"noopener noreferrer\" data-auth=\"NotApplicable\">smcainito@gmail.com<\/a><\/span><\/p>\n","protected":false},"excerpt":{"rendered":"<p>Salvador Mu\u00f1oz Los Pol\u00edticos El inter\u00e9s de la fauna period\u00edstica junto con sus apuestas por saber qui\u00e9n ha de llegar a la Coordinaci\u00f3n de Comunicaci\u00f3n Social de Gobierno del Estado se pudiera considerar hasta cierto punto, comprensible como tambi\u00e9n lo es la pretensi\u00f3n por m\u00e9ritos partidistas, period\u00edsticos y hasta oportunistas, de a quienes citan para [&hellip;]<\/p>\n","protected":false},"author":2,"featured_media":0,"comment_status":"open","ping_status":"open","sticky":false,"template":"","format":"standard","meta":{"_jetpack_newsletter_access":"","_jetpack_dont_email_post_to_subs":false,"_jetpack_newsletter_tier_id":0,"_jetpack_memberships_contains_paywalled_content":false,"_jetpack_memberships_contains_paid_content":false,"footnotes":""},"categories":[70],"tags":[933,1563,3398,12174,4205],"class_list":["post-43892","post","type-post","status-publish","format-standard","hentry","category-de-opinion","tag-comunicacion-social","tag-cuitlahuac-garcia-jimenez","tag-fanny-yepez","tag-ivan-joseph-luna-landa","tag-pepe-valencia"],"jetpack_featured_media_url":"","jetpack_sharing_enabled":true,"jetpack_shortlink":"https:\/\/wp.me\/p4Qcd3-bpW","_links":{"self":[{"href":"https:\/\/lospoliticosveracruz.com.mx\/index.php?rest_route=\/wp\/v2\/posts\/43892","targetHints":{"allow":["GET"]}}],"collection":[{"href":"https:\/\/lospoliticosveracruz.com.mx\/index.php?rest_route=\/wp\/v2\/posts"}],"about":[{"href":"https:\/\/lospoliticosveracruz.com.mx\/index.php?rest_route=\/wp\/v2\/types\/post"}],"author":[{"embeddable":true,"href":"https:\/\/lospoliticosveracruz.com.mx\/index.php?rest_route=\/wp\/v2\/users\/2"}],"replies":[{"embeddable":true,"href":"https:\/\/lospoliticosveracruz.com.mx\/index.php?rest_route=%2Fwp%2Fv2%2Fcomments&post=43892"}],"version-history":[{"count":2,"href":"https:\/\/lospoliticosveracruz.com.mx\/index.php?rest_route=\/wp\/v2\/posts\/43892\/revisions"}],"predecessor-version":[{"id":43894,"href":"https:\/\/lospoliticosveracruz.com.mx\/index.php?rest_route=\/wp\/v2\/posts\/43892\/revisions\/43894"}],"wp:attachment":[{"href":"https:\/\/lospoliticosveracruz.com.mx\/index.php?rest_route=%2Fwp%2Fv2%2Fmedia&parent=43892"}],"wp:term":[{"taxonomy":"category","embeddable":true,"href":"https:\/\/lospoliticosveracruz.com.mx\/index.php?rest_route=%2Fwp%2Fv2%2Fcategories&post=43892"},{"taxonomy":"post_tag","embeddable":true,"href":"https:\/\/lospoliticosveracruz.com.mx\/index.php?rest_route=%2Fwp%2Fv2%2Ftags&post=43892"}],"curies":[{"name":"wp","href":"https:\/\/api.w.org\/{rel}","templated":true}]}}