{"id":43895,"date":"2018-07-23T11:13:37","date_gmt":"2018-07-23T16:13:37","guid":{"rendered":"http:\/\/www.lospoliticosveracruz.com.mx\/?p=43895"},"modified":"2018-07-23T11:13:37","modified_gmt":"2018-07-23T16:13:37","slug":"juvecan-y-el-doctor-segura-al-ritmo-de-serrat-y-napoleon","status":"publish","type":"post","link":"https:\/\/lospoliticosveracruz.com.mx\/?p=43895","title":{"rendered":"Juvecan y el doctor Segura, al ritmo de Serrat y Napole\u00f3n"},"content":{"rendered":"<p>Hoy puede ser un gran d\u00eda&#8230; as\u00ed inici\u00f3 la reuni\u00f3n del Grupo Juvec\u00e1n Coatepec en su s\u00e9ptimo aniversario, celebrado el pasado 21 de julio, en las instalaciones del DIF municipal.<\/p>\n<p>La canci\u00f3n de Joan Manuel Serrat\u00a0enmarc\u00f3 el inicio de la charla-taller \u00abCelebrado la vida\u00bb que 23 asistentes recibieron por parte del Psic\u00f3logo\u00a0\u00a0Rom\u00e1n Segura Maciel, quien hizo din\u00e1micas muy amenas y apropiadas para la celebraci\u00f3n, como\u00a0el hacer\u00a0reflexionar sobre el sentido de pertenencia de grupo y el significado de \u00abponerse y sudar la camiseta\u00bb comprometiendo a las asistentes a una serie de acciones como\u00a0esasistir, ser constantes, participativas, involucrarse m\u00e1s, acompa\u00f1ar y dar acompa\u00f1amiento. Da las siguientes citas: \u00abLa constancia de los prop\u00f3sitos no basta para hacerle a uno feliz, pero es una condici\u00f3n casi indispensable para una vida feliz\u00bb y \u00abT\u00fa decides c\u00f3mo te quieres sentir\u00bb.<br \/>\nY si de cantar se trataba, a coro entonaron \u00abVive\u00bb de Jos\u00e9 Mar\u00eda Napole\u00f3n , lo cual \u00a0identific\u00f3 e hizo sentir m\u00e1s como hermanas\u00a0a las presentes.<\/p>\n<p>Un gran aplauso y un reconocimiento al doctor Rom\u00e1n Segura se llev\u00f3 de las damas quienes pasaron a la celebraci\u00f3n\u00a0de\u00a0la Imposici\u00f3n de Mascadas a seis de las nuevas integrantes y de inmediato, si se trata de ser feliz, igual\u00a0aplicaron el viejo adagio de que \u00abbarriga llena, coraz\u00f3n contento\u00bb&#8230; s\u00ed, todo termin\u00f3 con\u00a0un delicioso almuerzo.<\/p>\n","protected":false},"excerpt":{"rendered":"<p>Hoy puede ser un gran d\u00eda&#8230; as\u00ed inici\u00f3 la reuni\u00f3n del Grupo Juvec\u00e1n Coatepec en su s\u00e9ptimo aniversario, celebrado el pasado 21 de julio, en las instalaciones del DIF municipal. La canci\u00f3n de Joan Manuel Serrat\u00a0enmarc\u00f3 el inicio de la charla-taller \u00abCelebrado la vida\u00bb que 23 asistentes recibieron por parte del Psic\u00f3logo\u00a0\u00a0Rom\u00e1n Segura Maciel, quien [&hellip;]<\/p>\n","protected":false},"author":2,"featured_media":0,"comment_status":"open","ping_status":"open","sticky":false,"template":"","format":"standard","meta":{"_jetpack_newsletter_access":"","_jetpack_dont_email_post_to_subs":false,"_jetpack_newsletter_tier_id":0,"_jetpack_memberships_contains_paywalled_content":false,"_jetpack_memberships_contains_paid_content":false,"footnotes":""},"categories":[72],"tags":[4884,5746,12175,12179,12176,12177],"class_list":["post-43895","post","type-post","status-publish","format-standard","hentry","category-palomazos","tag-cancer-de-mama","tag-dif-municipal","tag-grupo-juvecan-coatepec","tag-hoy-puede-ser-un-gran-dia","tag-joan-manuel-serrat","tag-jose-maria-napoleon"],"jetpack_featured_media_url":"","jetpack_sharing_enabled":true,"jetpack_shortlink":"https:\/\/wp.me\/p4Qcd3-bpZ","_links":{"self":[{"href":"https:\/\/lospoliticosveracruz.com.mx\/index.php?rest_route=\/wp\/v2\/posts\/43895","targetHints":{"allow":["GET"]}}],"collection":[{"href":"https:\/\/lospoliticosveracruz.com.mx\/index.php?rest_route=\/wp\/v2\/posts"}],"about":[{"href":"https:\/\/lospoliticosveracruz.com.mx\/index.php?rest_route=\/wp\/v2\/types\/post"}],"author":[{"embeddable":true,"href":"https:\/\/lospoliticosveracruz.com.mx\/index.php?rest_route=\/wp\/v2\/users\/2"}],"replies":[{"embeddable":true,"href":"https:\/\/lospoliticosveracruz.com.mx\/index.php?rest_route=%2Fwp%2Fv2%2Fcomments&post=43895"}],"version-history":[{"count":1,"href":"https:\/\/lospoliticosveracruz.com.mx\/index.php?rest_route=\/wp\/v2\/posts\/43895\/revisions"}],"predecessor-version":[{"id":43897,"href":"https:\/\/lospoliticosveracruz.com.mx\/index.php?rest_route=\/wp\/v2\/posts\/43895\/revisions\/43897"}],"wp:attachment":[{"href":"https:\/\/lospoliticosveracruz.com.mx\/index.php?rest_route=%2Fwp%2Fv2%2Fmedia&parent=43895"}],"wp:term":[{"taxonomy":"category","embeddable":true,"href":"https:\/\/lospoliticosveracruz.com.mx\/index.php?rest_route=%2Fwp%2Fv2%2Fcategories&post=43895"},{"taxonomy":"post_tag","embeddable":true,"href":"https:\/\/lospoliticosveracruz.com.mx\/index.php?rest_route=%2Fwp%2Fv2%2Ftags&post=43895"}],"curies":[{"name":"wp","href":"https:\/\/api.w.org\/{rel}","templated":true}]}}