{"id":43981,"date":"2018-07-25T22:55:15","date_gmt":"2018-07-26T03:55:15","guid":{"rendered":"http:\/\/www.lospoliticosveracruz.com.mx\/?p=43981"},"modified":"2018-07-25T21:43:40","modified_gmt":"2018-07-26T02:43:40","slug":"amado-yo-zenyazen","status":"publish","type":"post","link":"https:\/\/lospoliticosveracruz.com.mx\/?p=43981","title":{"rendered":"Amado y\/o Zenyazen"},"content":{"rendered":"<div>\n<p dir=\"ltr\"><strong>Salvador Mu\u00f1oz<\/strong><\/p>\n<p dir=\"ltr\"><em>Los Pol\u00edticos<\/em><\/p>\n<p dir=\"ltr\">\u00bfY Margarito?, \u00bfa d\u00f3nde dejas a Margarito? me cuestionan otros morenos, con respecto a las cartas que se manejan para la Coordinaci\u00f3n de Comunicaci\u00f3n Social del Gobierno entrante.<\/p>\n<p dir=\"ltr\">Se refieren a Margarito Escudero Luis, periodista del sur y actual jefe de prensa de la bancada de Morena en el Congreso local.<\/p>\n<p dir=\"ltr\">Sin embargo, otros morenos atajan de inmediato la propuesta argumentando que Margarito es de la camada de Amado Cruz Malpica\u2026 \u201cno es del grupo de Cuitl\u00e1huac\u201d&#8230;<\/p>\n<p dir=\"ltr\">A esa respuesta, los fans de Margarito entonces ubican al periodista sure\u00f1o en la direcci\u00f3n de Comunicaci\u00f3n Social del Congreso\u2026 pero no es el \u00fanico con \u201cfollowers\u201d&#8230; \u00bfy Fanny?<\/p>\n<p dir=\"ltr\">II<\/p>\n<p dir=\"ltr\">\u00bfPor qu\u00e9 dejan afuera de Comunicaci\u00f3n Social del Gobierno entrante a Fanny? Para los morenos que apuestan las canicas por sus respectivos gallos (y gallinas, para ser inclusivos e incisivos), no pas\u00f3 desapercibida la foto que tempranito subi\u00f3 a las redes sociales Iv\u00e1n Joseph Luna Landa bajo el t\u00edtulo de \u201cHasta aqu\u00ed mi reporte Juaqu\u00edn (Sic)\u201d desde los estudios de Televisa Chapultepec\u2026 estaba acompa\u00f1ando a Cuitl\u00e1huac Garc\u00eda Jim\u00e9nez en la entrevista ma\u00f1anera que le hicieron en el programa \u201cDespierta con Loret\u201d.<\/p>\n<p dir=\"ltr\">Claro que en cortito, algunos morenos (y priistas y panistas amigos suyos) coincidieron en que a Iv\u00e1n Pepe se le queman las ansias de matador que en lugar de decir \u201cque Fanny y Margarito quieren la CGCS\u2026 \u00a1Popocat\u00e9petl!\u201d o \u201c\u00a1Chulada de imagen!\u201d, para estar acorde al momento, sale con su \u201cHasta aqu\u00ed mi reporte Juaqu\u00edn\u201d<\/p>\n<p dir=\"ltr\">En fin, lo cierto es que esa foto de Luna Landa, dicen los ivanistas, fue un mensaje para los que andan alborotados por Comunicaci\u00f3n Social\u2026 \u00a1pero queda la del Congreso local y RTV!<\/p>\n<p dir=\"ltr\">III<\/p>\n<p dir=\"ltr\">Fanny lleg\u00f3 hace varios meses \u201ca apoyar\u201d en la bancada de Morena con la difusi\u00f3n de actividades de los legisladores. Dicen los que est\u00e1n cerquita al cubil moreno que el candidato natural a ocupar el cargo que hoy ostenta Sergio Melo, es Margarito Escudero Luis, pero\u2026<\/p>\n<p dir=\"ltr\">El \u201cPero\u201d no es Fanny Y\u00e9pez, cuentan, sino lo que implicar\u00eda en las tribus que se est\u00e1n conformando en Morena desde hace un buen tiempo, que Margarito fuera el jefe de Comunicaci\u00f3n Social por qui\u00e9n realmente estar\u00eda detr\u00e1s de \u00e9l y no es precisamente Amado Cruz\u2026 sino Roc\u00edo Nahle.<\/p>\n<p dir=\"ltr\">Luego entonces, a la disputa incluso por qui\u00e9n dirigir\u00e1 los destinos de la prensa legislativa, no es competencia de Fanny Y\u00e9pez, Margarito Escudero o los que se le sumen, sino de otras cabezas, entre ellas el mismo Cuitl\u00e1huac Garc\u00eda o Manuel Huerta Ladr\u00f3n de Guevara, bajo el sentido de que nadie quiere ceder ni un solo espacio pero tampoco nadie quiere que otro controle o ejerza m\u00e1s poder que el que suponen, han de tener Cuitl\u00e1huac, Manuel o Roc\u00edo\u2026<\/p>\n<p dir=\"ltr\">IV<\/p>\n<p dir=\"ltr\">Bueno, pero para que en un momento dado Margarito se colara a la Coordinaci\u00f3n de Comunicaci\u00f3n legislativa, tendr\u00eda que ser (exagerando, claro, no es que as\u00ed tenga que ser) el Coordinador de la Junta de Coordinaci\u00f3n Pol\u00edtica Amado Cruz Malpica y como Margarito, el sure\u00f1o es el candidato natural para serlo\u2026 salvo un ligero detalle: \u00bfQui\u00e9n es el diputado de Morena que ha sacado la casta en estos \u00faltimos d\u00edas? \u00a1Exacto! Zenyazen Roberto Escobar Garc\u00eda, de quien se dice, es muy \u00edntimo de Cuitl\u00e1huac Garc\u00eda Jim\u00e9nez mientras que el otro, es \u201cNahlista\u201d a morir. La l\u00f3gica es sencilla: el pandero en Veracruz, en diciembre, se supone lo ha de traer Cuitl\u00e1huac, y qu\u00e9 mejor si hace el 1-2 desde el Palacio de Enr\u00edquez al Palacio de Encanto\u2026 mientras, \u201chasta aqu\u00ed mi reporte, Juaqu\u00edn\u201d, dijera Iv\u00e1n Joseph Luna Landa.<\/p>\n<p dir=\"ltr\"><strong>PD Morenita porte\u00f1a<\/strong><\/p>\n<p dir=\"ltr\">No s\u00f3lo en Comunicaci\u00f3n Social del Gobierno y Congreso, as\u00ed como en RTV \u00a0se sueltan nombres y apellidos\u2026 tambi\u00e9n en otras \u00e1reas y uno de esos apellidos es Ruz \u00a1y por partida doble!<\/p>\n<p dir=\"ltr\">Luis Fernando Ruz Bravo fue candidato del Partido del Trabajo en reciente elecci\u00f3n por la diputaci\u00f3n local del Puerto. Al igual que muchos ex militantes del PRI a los que no se les dio oportunidad para participar, Luis Fernando opt\u00f3 por buscarla en el PT y la encontr\u00f3. El Maestro dicen que ya lo tienen en la mira para un cargo acorde a su experiencia.<\/p>\n<p dir=\"ltr\">Otro que de seguro han de ubicar, ser\u00e1 su hijo Fernando Ruz Barros, quien ya sabe lo que es el servicio p\u00fablico en el ayuntamiento jarocho y gobierno federal. En los c\u00edrculos de creadores y art\u00edsticos, se espera que encabece la nueva era del IVEC\u2026<\/p>\n<p dir=\"ltr\"><a href=\"mailto:smcainito@gmail.com\" target=\"_blank\" rel=\"noopener noreferrer\" data-auth=\"NotApplicable\">smcainito@gmail.com<\/a><\/p>\n<\/div>\n<p>&nbsp;<\/p>\n","protected":false},"excerpt":{"rendered":"<p>Salvador Mu\u00f1oz Los Pol\u00edticos \u00bfY Margarito?, \u00bfa d\u00f3nde dejas a Margarito? me cuestionan otros morenos, con respecto a las cartas que se manejan para la Coordinaci\u00f3n de Comunicaci\u00f3n Social del Gobierno entrante. Se refieren a Margarito Escudero Luis, periodista del sur y actual jefe de prensa de la bancada de Morena en el Congreso local. [&hellip;]<\/p>\n","protected":false},"author":2,"featured_media":0,"comment_status":"open","ping_status":"open","sticky":false,"template":"","format":"standard","meta":{"_jetpack_newsletter_access":"","_jetpack_dont_email_post_to_subs":false,"_jetpack_newsletter_tier_id":0,"_jetpack_memberships_contains_paywalled_content":false,"_jetpack_memberships_contains_paid_content":false,"footnotes":""},"categories":[70],"tags":[5618,933,3398,12174,12210],"class_list":["post-43981","post","type-post","status-publish","format-standard","hentry","category-de-opinion","tag-amado-cruz-malpica","tag-comunicacion-social","tag-fanny-yepez","tag-ivan-joseph-luna-landa","tag-margarito-escudero-luis"],"jetpack_featured_media_url":"","jetpack_sharing_enabled":true,"jetpack_shortlink":"https:\/\/wp.me\/p4Qcd3-brn","_links":{"self":[{"href":"https:\/\/lospoliticosveracruz.com.mx\/index.php?rest_route=\/wp\/v2\/posts\/43981","targetHints":{"allow":["GET"]}}],"collection":[{"href":"https:\/\/lospoliticosveracruz.com.mx\/index.php?rest_route=\/wp\/v2\/posts"}],"about":[{"href":"https:\/\/lospoliticosveracruz.com.mx\/index.php?rest_route=\/wp\/v2\/types\/post"}],"author":[{"embeddable":true,"href":"https:\/\/lospoliticosveracruz.com.mx\/index.php?rest_route=\/wp\/v2\/users\/2"}],"replies":[{"embeddable":true,"href":"https:\/\/lospoliticosveracruz.com.mx\/index.php?rest_route=%2Fwp%2Fv2%2Fcomments&post=43981"}],"version-history":[{"count":2,"href":"https:\/\/lospoliticosveracruz.com.mx\/index.php?rest_route=\/wp\/v2\/posts\/43981\/revisions"}],"predecessor-version":[{"id":43986,"href":"https:\/\/lospoliticosveracruz.com.mx\/index.php?rest_route=\/wp\/v2\/posts\/43981\/revisions\/43986"}],"wp:attachment":[{"href":"https:\/\/lospoliticosveracruz.com.mx\/index.php?rest_route=%2Fwp%2Fv2%2Fmedia&parent=43981"}],"wp:term":[{"taxonomy":"category","embeddable":true,"href":"https:\/\/lospoliticosveracruz.com.mx\/index.php?rest_route=%2Fwp%2Fv2%2Fcategories&post=43981"},{"taxonomy":"post_tag","embeddable":true,"href":"https:\/\/lospoliticosveracruz.com.mx\/index.php?rest_route=%2Fwp%2Fv2%2Ftags&post=43981"}],"curies":[{"name":"wp","href":"https:\/\/api.w.org\/{rel}","templated":true}]}}