{"id":44178,"date":"2018-08-02T22:46:39","date_gmt":"2018-08-03T03:46:39","guid":{"rendered":"http:\/\/www.lospoliticosveracruz.com.mx\/?p=44178"},"modified":"2018-08-02T22:46:39","modified_gmt":"2018-08-03T03:46:39","slug":"moreno-y-molina","status":"publish","type":"post","link":"https:\/\/lospoliticosveracruz.com.mx\/?p=44178","title":{"rendered":"Moreno y Molina"},"content":{"rendered":"<p><strong>Salvador Mu\u00f1oz<\/strong><\/p>\n<p><em>Los Pol\u00edticos<\/em><\/p>\n<p>&nbsp;<\/p>\n<p>&nbsp;<\/p>\n<p>Para los ex perredistas que hoy ya son Morenos, hubo un personaje que ten\u00edan en la mira para la secretar\u00eda de Gobierno, antes de que empezara a sonar el nombre de Eric Cisneros Burgos\u2026 se trata de El\u00edas Miguel Moreno Brizuela.<\/p>\n<p>La idea no sonaba tan descabellada si de experiencia y colmillo se trata. El oriundo de Catemaco tiene la milla recorrida en los menesteres pol\u00edticos, tanto, que se quiera o no, es uno de los veracruzanos m\u00e1s recurridos a estas alturas del partido, por parte de panistas, perredistas y pri\u00edstas, que quieren acercarse si no a Cuitl\u00e1huac Garc\u00eda, al menos al Gobierno de Veracruz.<\/p>\n<p>A ciencia cierta, no se sabe si Moreno Brizuela sea invitado a incorporarse al Gabinete de Garc\u00eda Jim\u00e9nez, aunque hay m\u00e1s de dos que hacen \u201cchanguitos\u201d porque as\u00ed sea, entre ellos Agust\u00edn Mantilla Trolle, Enrique Romero Aquino (y por ende, su hermana Dulce) y hasta el neo-moreno Mart\u00edn Cabrera Zavaleta.<\/p>\n<p>En descargo de Moreno Brizuela, no se tiene la certeza que jale con el ex alcalde de Orizaba, a quien se le ha visto muy pegadito a Romero Aquino.<\/p>\n<p>De quien dicen que es seguro que vuelva por sus fueros si es que Moreno Brizuela regresa a Veracruz, ser\u00eda Lutgarda Madrigal Valdez, quien trabaja con el vecino de los Tuxtlas desde hace rato. \u00a1Ojal\u00e1! Es una mujer que adem\u00e1s que hacer y ser pol\u00edtica, destaca m\u00e1s en su labor social dentro de la misma funci\u00f3n p\u00fablica.<\/p>\n<p>Y hablando de damas, no podr\u00eda falta Luz Alicia Moreno Brizuela, su hermana, quien si bien, labora en el Gobierno estatal, no de ahora, sino desde hace ya varios a\u00f1os, podr\u00eda significar para ella un ligero impulso a su actividad profesional.<\/p>\n<p>En el remoto caso de que fuera invitado a participar en este pr\u00f3ximo Gobierno, hay quienes encasillan a El\u00edas Miguel en Protecci\u00f3n Civil por haber transitado por esta \u00e1rea en el gobierno de Marcelo Ebrard, aunque tambi\u00e9n entonces habr\u00eda que destacar su trabajo con Miguel \u00c1ngel Mancera cuando fue Jefe de la Oficina del Jefe de Gobierno del entonces DF.<\/p>\n<p>Aunque tambi\u00e9n hay quienes consideran que si viene a Veracruz, ser\u00eda buen momento para que el M\u00e9dico Cardi\u00f3logo se asentara en la secretar\u00eda de Salud\u2026 \u00a1o hasta en el DIF!<\/p>\n<p>Sin embargo, para algunos amigos del catemaque\u00f1o, consideran que habr\u00e1 que esperar a que llegue Marcelo Ebrard a Relaciones Exteriores, quien quite y de m\u00e9dico, bombero, y jefe, Moreno Brizuela pase a ser todo un Diplom\u00e1tico\u2026<\/p>\n<p>II<\/p>\n<p>Un ejemplo que deber\u00edan de seguir los pri\u00edstas de Veracruz, ya no s\u00e9 si en una de \u00e9sas tambi\u00e9n los del pa\u00eds, es el del \u201cCompayito\u201d Juan Carlos Molina Palacios.<\/p>\n<p>Lejos de lamentarse, de echar culpas y buscar responsables, Molina Palacios estuvo buscando recursos y ayer en Carlos A. Carrillo los plasm\u00f3 en acciones que se han de repetir en ese municipio, y replicar en el resto del estado: el abasto de carne a bajo precio en comunidades rurales. A ello agregue la entrega de quince viviendas subsidiadas para cenecistas que es seguro, cambian el prisma de las cosas para las familias beneficiadas. En pocas palabras, Molina Palacios da paso a la chamba y deja a un lado la grilla.<\/p>\n<p>S\u00ed, habr\u00e1 quienes digan \u201cqu\u00e9 chiste, tiene asegurada la pluri\u201d, pero el chiste est\u00e1 en que no es el \u00fanico que tiene una representaci\u00f3n as\u00ed; hay m\u00e1s y de varios partidos y bastar\u00eda con voltear y preguntarse qu\u00e9 es lo que est\u00e1n haciendo, ya no por los segmentos que en un momento dado pudieran representar, sino por su partido\u2026<\/p>\n<p>Una cosa es segura, Molina Palacios no llegar\u00e1 fr\u00edo en noviembre al Palacio de Encanto.<\/p>\n<p>smcainito@gmail.com<\/p>\n","protected":false},"excerpt":{"rendered":"<p>Salvador Mu\u00f1oz Los Pol\u00edticos &nbsp; &nbsp; Para los ex perredistas que hoy ya son Morenos, hubo un personaje que ten\u00edan en la mira para la secretar\u00eda de Gobierno, antes de que empezara a sonar el nombre de Eric Cisneros Burgos\u2026 se trata de El\u00edas Miguel Moreno Brizuela. La idea no sonaba tan descabellada si de [&hellip;]<\/p>\n","protected":false},"author":2,"featured_media":0,"comment_status":"open","ping_status":"open","sticky":false,"template":"","format":"standard","meta":{"_jetpack_newsletter_access":"","_jetpack_dont_email_post_to_subs":false,"_jetpack_newsletter_tier_id":0,"_jetpack_memberships_contains_paywalled_content":false,"_jetpack_memberships_contains_paid_content":false,"footnotes":""},"categories":[70],"tags":[4356,12299,3256],"class_list":["post-44178","post","type-post","status-publish","format-standard","hentry","category-de-opinion","tag-elias-miguel-moreno-brizuela","tag-eric-cisneros-burgos","tag-juan-carlos-molina-palacios"],"jetpack_featured_media_url":"","jetpack_sharing_enabled":true,"jetpack_shortlink":"https:\/\/wp.me\/p4Qcd3-buy","_links":{"self":[{"href":"https:\/\/lospoliticosveracruz.com.mx\/index.php?rest_route=\/wp\/v2\/posts\/44178","targetHints":{"allow":["GET"]}}],"collection":[{"href":"https:\/\/lospoliticosveracruz.com.mx\/index.php?rest_route=\/wp\/v2\/posts"}],"about":[{"href":"https:\/\/lospoliticosveracruz.com.mx\/index.php?rest_route=\/wp\/v2\/types\/post"}],"author":[{"embeddable":true,"href":"https:\/\/lospoliticosveracruz.com.mx\/index.php?rest_route=\/wp\/v2\/users\/2"}],"replies":[{"embeddable":true,"href":"https:\/\/lospoliticosveracruz.com.mx\/index.php?rest_route=%2Fwp%2Fv2%2Fcomments&post=44178"}],"version-history":[{"count":1,"href":"https:\/\/lospoliticosveracruz.com.mx\/index.php?rest_route=\/wp\/v2\/posts\/44178\/revisions"}],"predecessor-version":[{"id":44179,"href":"https:\/\/lospoliticosveracruz.com.mx\/index.php?rest_route=\/wp\/v2\/posts\/44178\/revisions\/44179"}],"wp:attachment":[{"href":"https:\/\/lospoliticosveracruz.com.mx\/index.php?rest_route=%2Fwp%2Fv2%2Fmedia&parent=44178"}],"wp:term":[{"taxonomy":"category","embeddable":true,"href":"https:\/\/lospoliticosveracruz.com.mx\/index.php?rest_route=%2Fwp%2Fv2%2Fcategories&post=44178"},{"taxonomy":"post_tag","embeddable":true,"href":"https:\/\/lospoliticosveracruz.com.mx\/index.php?rest_route=%2Fwp%2Fv2%2Ftags&post=44178"}],"curies":[{"name":"wp","href":"https:\/\/api.w.org\/{rel}","templated":true}]}}