{"id":44986,"date":"2018-09-17T22:55:08","date_gmt":"2018-09-18T03:55:08","guid":{"rendered":"http:\/\/www.lospoliticosveracruz.com.mx\/?p=44986"},"modified":"2018-09-17T21:56:08","modified_gmt":"2018-09-18T02:56:08","slug":"leno-el-caron-y-eric","status":"publish","type":"post","link":"https:\/\/lospoliticosveracruz.com.mx\/?p=44986","title":{"rendered":"Leno, El Car\u00f3n y Eric"},"content":{"rendered":"<p><strong>Salvador Mu\u00f1oz<\/strong><\/p>\n<p><em>Los Pol\u00edticos<\/em><\/p>\n<p><span style=\"font-weight: 400;\">Cuando el diputado electo por Medell\u00edn de Bravo, Leno Rosales, se\u00f1ala a su hom\u00f3logo de San Andr\u00e9s Tuxtla, Javier Cazar\u00edn (sic) de estar coaccionando a dem\u00e1s de Morena que han de integrar la LXV Legislatura local para que acaten la instrucci\u00f3n, la propuesta, de Eric Cisneros y Cuitl\u00e1huac Garc\u00eda, bajo el riesgo que de no hacerlo, se han olvidar del apoyo del Gobierno del Estado, Rosales Torres deja ambigua \u201cla instrucci\u00f3n\u201d as\u00ed como \u201cla propuesta\u201d, y un poco quiz\u00e1s, la personalidad de <\/span><span style=\"font-weight: 400;\">Juan Javier G\u00f3mez Cazar\u00edn, todo un personaje de la zona de Hueyapan de Ocampo y sobre todo, por dos episodios que recoge la prensa de la zona que a continuaci\u00f3n se exponen:<\/span><\/p>\n<p><span style=\"font-weight: 400;\">II<\/span><\/p>\n<p><span style=\"font-weight: 400;\">En las elecciones para la presidencia municipal de Hueyapan de Ocampo, Juan Javier G\u00f3mez Cazar\u00edn participa como candidato de Morena. Estoy seguro que ya hab\u00edan pasado los comicios, que impugn\u00f3 por cierto, cuando en los medios alguien vio su nombre y lo calific\u00f3 como defraudador.<\/span><\/p>\n<p><span style=\"font-weight: 400;\">En su \u00e9poca como agente de ventas en Coatzacoalcos de la empresa Volkswagen, de acuerdo a se\u00f1alamientos de la abogada Judith Potenciano Ruiz, \u201cse llev\u00f3 al baile\u201d a una clienta, quien pudo aportar 200 mil pesos de una unidad pero por falta de liquidez ya no continu\u00f3 los pagos. El entonces agente de ventas G\u00f3mez Cazar\u00edn le propuso dar el coche a un tercero para que concluyera con los pagos y evitar conflictos legales. Ella entreg\u00f3 la unidad (y en ello los pagos hechos) y al poco tiempo, fue denunciada por la empresa automotriz d\u00e1ndose cuenta que hab\u00eda sido enga\u00f1ada por el vendedor.<\/span><\/p>\n<p><span style=\"font-weight: 400;\">III<\/span><\/p>\n<p><span style=\"font-weight: 400;\">Hace apenas un mes, se cumpli\u00f3 un a\u00f1o de la muerte del periodista C\u00e1ndido R\u00edos junto con otras dos personas. Un video casero que grab\u00f3 d\u00edas previos a su muerte sacudi\u00f3 a las redes sociales. En \u00e9l, lanza acusaciones de corrupci\u00f3n en contra de tres personas de la pol\u00edtica de Hueyapan de Ocampo, aunque el que nos interesa en esta ocasi\u00f3n es <\/span><span style=\"font-weight: 400;\">Juan Javier G\u00f3mez Cazar\u00edn, El Car\u00f3n, hoy, diputado electo de Morena por el Distrito de San Andr\u00e9s Tuxtla, de quien dijo: \u201cYo quisiera que El Car\u00f3n presentara la carpeta de sus obras, de las obras que \u00e9l agarr\u00f3 en Hueyapan de Ocampo, obras totalmente de muy baja calidad y de muy fuerte billete\u201d.<\/span><\/p>\n<p><span style=\"font-weight: 400;\">Por supuesto\u2026 El Car\u00f3n se puso a disposici\u00f3n de las autoridades si as\u00ed lo requer\u00edan, pero el estigma del video lo dej\u00f3 marcado en google.<\/span><\/p>\n<p><span style=\"font-weight: 400;\">IV<\/span><\/p>\n<p><span style=\"font-weight: 400;\">Pero\u2026 \u00bfcu\u00e1l es \u201cla instrucci\u00f3n\u201d y \u201cla propuesta\u201d a las que hace referencia Leno Rosales en su denuncia ante los diputados electos de Morena de todo el pa\u00eds en esa pasada asamblea?<\/span><\/p>\n<p><span style=\"font-weight: 400;\">Al parecer, todo se perfila en impulsar al mismo \u201cCar\u00f3n\u201d G\u00f3mez Cazar\u00edn para encabezar la Junta de Coordinaci\u00f3n Pol\u00edtica en la pr\u00f3xima legislatura donde est\u00e1 de m\u00e1s comentar que quien tendr\u00e1 la sart\u00e9n por el mango ser\u00e1 Morena.<\/span><\/p>\n<p><span style=\"font-weight: 400;\">\u00bfQu\u00e9 implicar\u00eda que el Car\u00f3n fuera el mandam\u00e1s en la LXV Legislatura? Que entonces s\u00ed, el Poder Ejecutivo (para no decir Eric Cisneros) tendr\u00eda una extensi\u00f3n a modo en el Poder Legislativo. Por favor, no nos salgan que ellos s\u00ed van a respetar la divisi\u00f3n de poderes cuando en M\u00e9xico es inolvidable el grito de \u201c\u00a1Es un honor estar con L\u00f3pez Obrador!\u201d por parte de los legisladores de Morena; y en Veracruz, el electo pretende \u201ccorregir\u201d a los diputados \u201cque no entiendan\u201d&#8230;<\/span><\/p>\n<p><span style=\"font-weight: 400;\">\u00bfY Amado Cruz? \u00bfY Juan Manuel Pozos Castro? \u00bfY M\u00f3nica Robles? Bueno, y hasta al mismo Leno \u00bfd\u00f3nde los dejan?<\/span><\/p>\n<p><span style=\"font-weight: 400;\">La respuesta a esto ser\u00e1 tema para otra columna\u2026<\/span><\/p>\n<p>&nbsp;<\/p>\n<p><span style=\"font-weight: 400;\">smcainito@gmail.com<\/span><\/p>\n","protected":false},"excerpt":{"rendered":"<p>Salvador Mu\u00f1oz Los Pol\u00edticos Cuando el diputado electo por Medell\u00edn de Bravo, Leno Rosales, se\u00f1ala a su hom\u00f3logo de San Andr\u00e9s Tuxtla, Javier Cazar\u00edn (sic) de estar coaccionando a dem\u00e1s de Morena que han de integrar la LXV Legislatura local para que acaten la instrucci\u00f3n, la propuesta, de Eric Cisneros y Cuitl\u00e1huac Garc\u00eda, bajo el [&hellip;]<\/p>\n","protected":false},"author":2,"featured_media":0,"comment_status":"open","ping_status":"open","sticky":false,"template":"","format":"standard","meta":{"_jetpack_newsletter_access":"","_jetpack_dont_email_post_to_subs":false,"_jetpack_newsletter_tier_id":0,"_jetpack_memberships_contains_paywalled_content":false,"_jetpack_memberships_contains_paid_content":false,"footnotes":""},"categories":[70],"tags":[12697,1681,12698,12686,11003,12695,12696,12683,11786,1420,2646,122,195],"class_list":["post-44986","post","type-post","status-publish","format-standard","hentry","category-de-opinion","tag-candido-rios","tag-cuitlahuac-garcia","tag-el-caron","tag-eric-cisneros","tag-hueyapan-de-ocampo","tag-juan-javier-gomez-cazarin","tag-judith-potenciano-ruiz","tag-leno-rosales","tag-lxv-legislatura","tag-medellin-de-bravo","tag-salvador-munoz","tag-san-andres-tuxtla","tag-veracruz"],"jetpack_featured_media_url":"","jetpack_sharing_enabled":true,"jetpack_shortlink":"https:\/\/wp.me\/p4Qcd3-bHA","_links":{"self":[{"href":"https:\/\/lospoliticosveracruz.com.mx\/index.php?rest_route=\/wp\/v2\/posts\/44986","targetHints":{"allow":["GET"]}}],"collection":[{"href":"https:\/\/lospoliticosveracruz.com.mx\/index.php?rest_route=\/wp\/v2\/posts"}],"about":[{"href":"https:\/\/lospoliticosveracruz.com.mx\/index.php?rest_route=\/wp\/v2\/types\/post"}],"author":[{"embeddable":true,"href":"https:\/\/lospoliticosveracruz.com.mx\/index.php?rest_route=\/wp\/v2\/users\/2"}],"replies":[{"embeddable":true,"href":"https:\/\/lospoliticosveracruz.com.mx\/index.php?rest_route=%2Fwp%2Fv2%2Fcomments&post=44986"}],"version-history":[{"count":1,"href":"https:\/\/lospoliticosveracruz.com.mx\/index.php?rest_route=\/wp\/v2\/posts\/44986\/revisions"}],"predecessor-version":[{"id":44988,"href":"https:\/\/lospoliticosveracruz.com.mx\/index.php?rest_route=\/wp\/v2\/posts\/44986\/revisions\/44988"}],"wp:attachment":[{"href":"https:\/\/lospoliticosveracruz.com.mx\/index.php?rest_route=%2Fwp%2Fv2%2Fmedia&parent=44986"}],"wp:term":[{"taxonomy":"category","embeddable":true,"href":"https:\/\/lospoliticosveracruz.com.mx\/index.php?rest_route=%2Fwp%2Fv2%2Fcategories&post=44986"},{"taxonomy":"post_tag","embeddable":true,"href":"https:\/\/lospoliticosveracruz.com.mx\/index.php?rest_route=%2Fwp%2Fv2%2Ftags&post=44986"}],"curies":[{"name":"wp","href":"https:\/\/api.w.org\/{rel}","templated":true}]}}