{"id":45056,"date":"2018-09-21T22:55:23","date_gmt":"2018-09-22T03:55:23","guid":{"rendered":"http:\/\/www.lospoliticosveracruz.com.mx\/?p=45056"},"modified":"2018-09-22T08:11:25","modified_gmt":"2018-09-22T13:11:25","slug":"numeros-rojos","status":"publish","type":"post","link":"https:\/\/lospoliticosveracruz.com.mx\/?p=45056","title":{"rendered":"El vuelo de AMLO"},"content":{"rendered":"<p><strong>Brenda Caballero<\/strong><\/p>\n<p><em>N\u00fameros Rojos\u00a0<\/em><\/p>\n<p>Entre tres o cuatro horas estuvo varado el presidente electo Andr\u00e9s Manuel L\u00f3pez Obrador en el aeropuerto de Huatulco, all\u00e1 en Oaxaca.<\/p>\n<p>Muchos ciudadanos externaron su opini\u00f3n respecto a esta situaci\u00f3n que se pudiera resumir en dos puntos:<\/p>\n<p>El primero, celebrado por considerar como un dejo de humildad por parte de L\u00f3pez Obrador, cuando bien pudiera tomar un avi\u00f3n, avioneta o helic\u00f3ptero privado como lo hizo alguna vez en su campa\u00f1a, y emprender su vuelo dejando a los terrenales esperando \u00a1a ver a qu\u00e9 horas!<\/p>\n<p>El segundo, con un dejo de resentimiento social entre algunos que dec\u00edan, resumido as\u00ed, \u201c\u00a1para que vea lo que se siente!\u201d<\/p>\n<p>El retraso del vuelo se asegura que fue por condiciones climatol\u00f3gicas y el mismo Andr\u00e9s Manuel afirmaba que no era por el tr\u00e1fico a\u00e9reo de la Ciudad de M\u00e9xico, lo que aprovech\u00f3 para hablar del pol\u00e9mico tema que quiere llevar a Consulta Popular: el nuevo aeropuerto\u2026 \u00bfen Santa Luc\u00eda o en el Lago de Texcoco?<\/p>\n<p>Si yo le pregunto a usted, es m\u00e1s, si me pregunto a m\u00ed misma, qu\u00e9 elegir\u00eda, en un primer plano, no sabr\u00eda qu\u00e9 responder, porque de aeron\u00e1utica lo \u00fanico que s\u00e9, son las veces que \u201cme da el avi\u00f3n mi esposo\u201d cuando le hablo de mi chaleco, mi vestido o zapatos\u2026 pero si lo llevo a un segundo plano, lo m\u00e1s l\u00f3gico que se me ocurre es pensar: Si ya lleva un avance el primero, la suspensi\u00f3n de la obra implicar\u00eda no s\u00f3lo tiempo perdido, sino esfuerzos y dineros.<\/p>\n<p>Sin embargo, siendo sincera, no est\u00e1 usted para saberlo, ni yo para contarlo, pero es m\u00e1s f\u00e1cil que me suba a un avi\u00f3n si hacen feria ac\u00e1 en Xalapa, que viajar por los aires en alg\u00fan vuelo comercial\u2026<\/p>\n<p>Quiz\u00e1s por eso, en una encuesta realizada hace mes y medio por Mitofsky, a un alto porcentaje les vale el aeropuerto porque el casi 70 por ciento de las personas entrevistadas, \u00a1jam\u00e1s se ha subido a un avi\u00f3n!<\/p>\n<p>S\u00ed, hablamos de que para un alto n\u00famero de mexicanos, el asunto de la construcci\u00f3n del aeropuerto puede ser tan trivial porque no lo usamos, nos es distante, lejano; \u00a1vamos! Pareciera que no nos impacta\u2026 \u00a1pero s\u00ed!<\/p>\n<p>El aeropuerto de la Ciudad de M\u00e9xico es la puerta grande del pa\u00eds, por as\u00ed decirlo\u2026 no s\u00f3lo es el flujo de nacionales que van y vienen la mayor\u00eda por negocios, sino tambi\u00e9n es el cauce de turistas y sobre todo, inversionistas\u2026<\/p>\n<p>Andr\u00e9s Manuel L\u00f3pez Obrador dice que el Pueblo es sabio\u2026 puede ser\u2026 y un Pueblo sabio sabe cuando no sabe, as\u00ed que en mi caso, si me preguntan, dejo en manos de los expertos, que no los pol\u00edticos, que elijan qu\u00e9 es lo mejor para el pa\u00eds con la construcci\u00f3n del nuevo aeropuerto.<\/p>\n<p>Mientras tanto, de aqu\u00ed a diciembre, es seguro que en una de \u00e9sas, volvamos a ver varado por ah\u00ed, en alg\u00fan aeropuerto o avenida de la gran ciudad, al se\u00f1or L\u00f3pez Obrador, como cualquier otro ciudadano, porque \u00e9se es el estatus que tiene y \u00e9l mismo ha asumido\u2026 pero por el bien del pa\u00eds que dice tanto querer, ojal\u00e1 que cuando sea el Presidente, cr\u00e9alo que a nadie le molestar\u00eda que tomara un avi\u00f3n, no el presidencial, uno m\u00e1s chiquito, modesto, para que atienda en tiempo y forma a su pueblo, porque ning\u00fan mexicano le va a perdonar que salga con un \u201cpus no llegu\u00e9\u201d.<\/p>\n<p>&nbsp;<\/p>\n<p>@NumerosRojos_BC<\/p>\n<p>caballero_brenda@hotmail.com<\/p>\n","protected":false},"excerpt":{"rendered":"<p>Brenda Caballero N\u00fameros Rojos\u00a0 Entre tres o cuatro horas estuvo varado el presidente electo Andr\u00e9s Manuel L\u00f3pez Obrador en el aeropuerto de Huatulco, all\u00e1 en Oaxaca. Muchos ciudadanos externaron su opini\u00f3n respecto a esta situaci\u00f3n que se pudiera resumir en dos puntos: El primero, celebrado por considerar como un dejo de humildad por parte de [&hellip;]<\/p>\n","protected":false},"author":2,"featured_media":0,"comment_status":"open","ping_status":"open","sticky":false,"template":"","format":"standard","meta":{"_jetpack_newsletter_access":"","_jetpack_dont_email_post_to_subs":false,"_jetpack_newsletter_tier_id":0,"_jetpack_memberships_contains_paywalled_content":false,"_jetpack_memberships_contains_paid_content":false,"footnotes":""},"categories":[70],"tags":[618,12739,3405,1215,12740],"class_list":["post-45056","post","type-post","status-publish","format-standard","hentry","category-de-opinion","tag-andres-manuel-lopez-obrador","tag-huatulco","tag-mitofsky","tag-oaxaca","tag-pus-no-llegue"],"jetpack_featured_media_url":"","jetpack_sharing_enabled":true,"jetpack_shortlink":"https:\/\/wp.me\/p4Qcd3-bII","_links":{"self":[{"href":"https:\/\/lospoliticosveracruz.com.mx\/index.php?rest_route=\/wp\/v2\/posts\/45056","targetHints":{"allow":["GET"]}}],"collection":[{"href":"https:\/\/lospoliticosveracruz.com.mx\/index.php?rest_route=\/wp\/v2\/posts"}],"about":[{"href":"https:\/\/lospoliticosveracruz.com.mx\/index.php?rest_route=\/wp\/v2\/types\/post"}],"author":[{"embeddable":true,"href":"https:\/\/lospoliticosveracruz.com.mx\/index.php?rest_route=\/wp\/v2\/users\/2"}],"replies":[{"embeddable":true,"href":"https:\/\/lospoliticosveracruz.com.mx\/index.php?rest_route=%2Fwp%2Fv2%2Fcomments&post=45056"}],"version-history":[{"count":2,"href":"https:\/\/lospoliticosveracruz.com.mx\/index.php?rest_route=\/wp\/v2\/posts\/45056\/revisions"}],"predecessor-version":[{"id":45060,"href":"https:\/\/lospoliticosveracruz.com.mx\/index.php?rest_route=\/wp\/v2\/posts\/45056\/revisions\/45060"}],"wp:attachment":[{"href":"https:\/\/lospoliticosveracruz.com.mx\/index.php?rest_route=%2Fwp%2Fv2%2Fmedia&parent=45056"}],"wp:term":[{"taxonomy":"category","embeddable":true,"href":"https:\/\/lospoliticosveracruz.com.mx\/index.php?rest_route=%2Fwp%2Fv2%2Fcategories&post=45056"},{"taxonomy":"post_tag","embeddable":true,"href":"https:\/\/lospoliticosveracruz.com.mx\/index.php?rest_route=%2Fwp%2Fv2%2Ftags&post=45056"}],"curies":[{"name":"wp","href":"https:\/\/api.w.org\/{rel}","templated":true}]}}