{"id":45084,"date":"2018-09-24T22:40:58","date_gmt":"2018-09-25T03:40:58","guid":{"rendered":"http:\/\/www.lospoliticosveracruz.com.mx\/?p=45084"},"modified":"2018-09-24T22:40:58","modified_gmt":"2018-09-25T03:40:58","slug":"toma-de-protesta-de-acto-solemne-a-ritual-carnavalesco","status":"publish","type":"post","link":"https:\/\/lospoliticosveracruz.com.mx\/?p=45084","title":{"rendered":"Toma de Protesta, de acto solemne a ritual carnavalesco"},"content":{"rendered":"<p style=\"text-align: left;\" align=\"center\"><b><\/b><strong><span lang=\"ES-MX\">Ricardo V\u00e1zquez S.<\/span><\/strong><\/p>\n<p style=\"text-align: left;\" align=\"center\"><em>Esfera Pol\u00edtica<span lang=\"ES-MX\">\u00a0<\/span><\/em><\/p>\n<p style=\"text-align: left;\"><span lang=\"ES-MX\">A 67 d\u00edas que asuma el poder el jefe del Ejecutivo Federal, Andr\u00e9s Manuel L\u00f3pez Obrador, lapso en que la delincuencia organizada continuar\u00e1 avanzando y fortaleci\u00e9ndose en varias regiones del pa\u00eds, en particular en la Ciudad de M\u00e9xico, donde los que anteriormente eran autoridades capitalinas o jefes delegacionales, en la actualidad convertidos en diputados federales o senadores, negaban en repetidas ocasiones que en la capital del pa\u00eds existieran c\u00e1rteles. Hoy parece no haber nada que detenga al crimen organizado. Ya con su investidura de legisladores federales, los exfuncionarios, envalentonados se desgarran las vestiduras para declarar quejumbrosos que s\u00ed existen c\u00e1rteles y que por lo mismo hay guerra entre estos. \u00a0\u00a0<\/span><\/p>\n<p style=\"text-align: left;\"><span lang=\"ES-MX\">Existe preocupaci\u00f3n entre habitantes de la CDMX y de otras entidades, por el plan de paz y reconciliaci\u00f3n que se pretende poner en marcha a partir del primero de diciembre: \u201cPerd\u00f3n s\u00ed, olvido no\u201d, repite el presidente electo. La intenci\u00f3n de la medida con la que aspiran \u00a0abatir la violencia e inseguridad en M\u00e9xico ha entrado sigue generando serias dudas respecto a los resultados esperados. Los hechos que est\u00e1n ocurriendo en estos momentos en Colombia, han revelado el fracaso contundente del acuerdo de paz con las FARC. En estos d\u00edas la producci\u00f3n de coca\u00edna est\u00e1 en un nivel r\u00e9cord en aquel pa\u00eds, la violencia se ha vuelto a recrudecer. \u00a0A diferencia de nuestra naci\u00f3n, en Colombia la situaci\u00f3n y las condiciones que se viv\u00edan eran menos complicadas, hab\u00eda un solo l\u00edder de las FARC, lo que dio lugar a la firma de acuerdo hace casi dos a\u00f1os. En M\u00e9xico, adem\u00e1s de que no se le encuentra la cuadratura a la forma en que se pueda establecer un acuerdo de amor y paz, otro factor ineludible es que la DEA continuar\u00e1 con sus investigaciones y exigencias de extradici\u00f3n de integrantes del crimen organizado, as\u00ed como de actores pol\u00edticos involucrados con los delincuentes. Por supuesto que para las autoridades estadounidenses no habr\u00e1n de otorgarles ni perd\u00f3n ni olvido a los criminales y sus c\u00f3mplices. \u00a0\u00a0\u00a0\u00a0<\/span><\/p>\n<p style=\"text-align: left;\"><span lang=\"ES-MX\">\u00bfPero qu\u00e9 tiene que ver todo lo anterior con el t\u00edtulo de esta columna?<\/span><\/p>\n<p style=\"text-align: left;\"><span lang=\"ES-MX\">Simplemente todo. Absolutamente todo.<\/span><\/p>\n<p style=\"text-align: left;\"><span lang=\"ES-MX\">Los sucesos demuestran que a lo largo de la historia de M\u00e9xico ha habido actores pol\u00edticos, en los tres niveles de gobierno, que se han encargado de denigrar la ceremonia de Toma de Protesta al asumir el poder. En un tiempo se consideraba una sesi\u00f3n de solemnidad. Al momento del juramento de posesi\u00f3n, de manera simult\u00e1nea, en ese preciso instante el \u201cservidor p\u00fablico\u201d debutante en el nuevo encargo, pasa por su mente aquella frase can\u00f3nica que dej\u00f3 como herencia para el sistema pol\u00edtico mexicano, el fundador del Grupo Atlacomulco, Carlos Hank Gonz\u00e1lez: \u201cUn pol\u00edtico pobre es un pobre pol\u00edtico. \u00a1A dejar atr\u00e1s la pobreza o la median\u00eda. A darle al saqueo! No se entiende y es inapropiado, porqu\u00e9 le llaman \u201cenriquecimiento inexplicable\u201d, de un funcionario, cuando las acciones exponen que es totalmente explicable. El atraco es el pensamiento que invade al actor pol\u00edtico al momento de tener el brazo derecho extendido y jurar: \u201dProtesto guardar y hacer guardar la Constituci\u00f3n, bla, bla, bla,\u2026 Si no, que la naci\u00f3n me lo demande\u201d. \u00a0\u00a0\u00a0<\/span><\/p>\n<p style=\"text-align: left;\"><span lang=\"ES-MX\">La toma de protesta se ha convertido en un mero acto para cumplir un protocolo, un requisito. En la gran mayor\u00eda, la sesi\u00f3n para jurar guardar las leyes es una celebraci\u00f3n personal, familiar y de grupo, ajeno por completo a asumir un compromiso serio, responsable. <\/span><\/p>\n<p style=\"text-align: left;\"><span lang=\"ES-MX\">Una vez que se rinde Protesta, viene el discurso de apertura. Las palabras de la primer perorata son impresionantes, con las que \u201ccasi\u201d convencen a los ciudadanos.<\/span><\/p>\n<p style=\"text-align: left;\"><span lang=\"ES-MX\">\u201cVamos Tamaulipas por una econom\u00eda din\u00e1mica\u2026 Vamos contra la pobreza y la marginaci\u00f3n. Vamos Tamaulipas para que en cada comunidad haya calles seguras y hogares tranquilos\u2026.Vamos tamaulipecos por el futuro. Hoy arrancamos\u201d, se comprometi\u00f3 en 1999 al asumir el poder como gobernador tamaulipeco Tom\u00e1s Yarrington Ruvalcaba, detenido en Italia y extraditado a Estados Unidos en abril pasado. Podr\u00eda enfrentar cadena perpetua por narcotr\u00e1fico y extorsi\u00f3n entre otros cargos. <\/span><\/p>\n<p style=\"text-align: left;\"><span lang=\"ES-MX\">\u201cMi principal tarea ser\u00e1 fortalecer lo que ya se viene haciendo bien, y revalorar todo aquello que a juicio de la ciudadan\u00eda pueda ser proyectado. Entregar buenas cuentas a Fausto Vallejo y a la ciudadan\u00eda ser\u00e1 mi compromiso irrenunciable\u201d, manifest\u00f3 Jes\u00fas Reyna Garc\u00eda al asumir la gubernatura interina de , en sustituci\u00f3n de Vallejo. Reyna fue detenido en mayo de 2014 acusado de delincuencia organizada en su modalidad de delitos contra la salud, de haberse coludido con jefes del C\u00e1rtel Los Caballeros Templarios. \u00a0<\/span><\/p>\n<p style=\"text-align: left;\"><span lang=\"ES-MX\">\u201cAcudo ante esta honorable representaci\u00f3n a rendir protesta como gobernador constitucional del estado de Veracruz de Ignacio de la Llave, lo hago con profunda emoci\u00f3n pol\u00edtica y plena confianza de la responsabilidad que asumo, lo hago convencido de que hoy inicia una nueva etapa para la vida de Veracruz\u201d, dijo Javier Duarte de Ochoa. Los acontecimientos y las consecuencias est\u00e1 de sobra mencionarlas.<\/span><\/p>\n<p style=\"text-align: left;\"><span lang=\"ES-MX\">\u201cMe comprometo a trabajar para la grandeza del estado, \u201csin pretextos y sin soberbia\u201d, sino con responsabilidad, humildad, di\u00e1logo fecundo, sin descanso, con esfuerzo cotidiano y negociaci\u00f3n respetuosa, y a convertir las palabras en acciones, realidades y resultados\u201d, vacil\u00f3 Fidel Herrera Beltr\u00e1n aquel 1 de diciembre de 2004, en la inauguraci\u00f3n de la Docena Tr\u00e1gica, \u00e9poca de las peores bestialidades cometidas en esas dos administraciones estatales en Veracruz.<\/span><\/p>\n<p style=\"text-align: left;\"><span lang=\"ES-MX\">Son numerosos los casos de comedia sat\u00edrica, dantesca, de esta naturaleza, en los que han sido participes secretarios de despacho, alcaldes, funcionarios de primer y medio pelo.<\/span><\/p>\n<p style=\"text-align: left;\"><span lang=\"ES-MX\">\u00bfHa sido o no el acto de Toma de Protesta en infinidad de casos un simple acto buf\u00f3n, sarc\u00e1stico? \u00a0\u00a0\u00a0\u00a0\u00a0<\/span><\/p>\n<p style=\"text-align: left;\"><a href=\"mailto:rvazquez002@yahoo.com.mx\" target=\"_blank\"><span lang=\"ES-MX\">rvazquez002@yahoo.com.mx<\/span><\/a><\/p>\n","protected":false},"excerpt":{"rendered":"<p>Ricardo V\u00e1zquez S. Esfera Pol\u00edtica\u00a0 A 67 d\u00edas que asuma el poder el jefe del Ejecutivo Federal, Andr\u00e9s Manuel L\u00f3pez Obrador, lapso en que la delincuencia organizada continuar\u00e1 avanzando y fortaleci\u00e9ndose en varias regiones del pa\u00eds, en particular en la Ciudad de M\u00e9xico, donde los que anteriormente eran autoridades capitalinas o jefes delegacionales, en la [&hellip;]<\/p>\n","protected":false},"author":2,"featured_media":0,"comment_status":"open","ping_status":"open","sticky":false,"template":"","format":"standard","meta":{"_jetpack_newsletter_access":"","_jetpack_dont_email_post_to_subs":false,"_jetpack_newsletter_tier_id":0,"_jetpack_memberships_contains_paywalled_content":false,"_jetpack_memberships_contains_paid_content":false,"footnotes":""},"categories":[70],"tags":[618,3795,3162,485,1100,195],"class_list":["post-45084","post","type-post","status-publish","format-standard","hentry","category-de-opinion","tag-andres-manuel-lopez-obrador","tag-ciudad-de-mexico","tag-cocaina","tag-colombia","tag-crimen-organizado","tag-veracruz"],"jetpack_featured_media_url":"","jetpack_sharing_enabled":true,"jetpack_shortlink":"https:\/\/wp.me\/p4Qcd3-bJa","_links":{"self":[{"href":"https:\/\/lospoliticosveracruz.com.mx\/index.php?rest_route=\/wp\/v2\/posts\/45084","targetHints":{"allow":["GET"]}}],"collection":[{"href":"https:\/\/lospoliticosveracruz.com.mx\/index.php?rest_route=\/wp\/v2\/posts"}],"about":[{"href":"https:\/\/lospoliticosveracruz.com.mx\/index.php?rest_route=\/wp\/v2\/types\/post"}],"author":[{"embeddable":true,"href":"https:\/\/lospoliticosveracruz.com.mx\/index.php?rest_route=\/wp\/v2\/users\/2"}],"replies":[{"embeddable":true,"href":"https:\/\/lospoliticosveracruz.com.mx\/index.php?rest_route=%2Fwp%2Fv2%2Fcomments&post=45084"}],"version-history":[{"count":1,"href":"https:\/\/lospoliticosveracruz.com.mx\/index.php?rest_route=\/wp\/v2\/posts\/45084\/revisions"}],"predecessor-version":[{"id":45085,"href":"https:\/\/lospoliticosveracruz.com.mx\/index.php?rest_route=\/wp\/v2\/posts\/45084\/revisions\/45085"}],"wp:attachment":[{"href":"https:\/\/lospoliticosveracruz.com.mx\/index.php?rest_route=%2Fwp%2Fv2%2Fmedia&parent=45084"}],"wp:term":[{"taxonomy":"category","embeddable":true,"href":"https:\/\/lospoliticosveracruz.com.mx\/index.php?rest_route=%2Fwp%2Fv2%2Fcategories&post=45084"},{"taxonomy":"post_tag","embeddable":true,"href":"https:\/\/lospoliticosveracruz.com.mx\/index.php?rest_route=%2Fwp%2Fv2%2Ftags&post=45084"}],"curies":[{"name":"wp","href":"https:\/\/api.w.org\/{rel}","templated":true}]}}