{"id":4512,"date":"2012-11-07T14:20:00","date_gmt":"2012-11-07T14:20:00","guid":{"rendered":"http:\/\/www.lospoliticosveracruz.com.mx\/?p=4512"},"modified":"2014-10-10T03:02:47","modified_gmt":"2014-10-10T03:02:47","slug":"acaparan-deuda-los-gobernadores","status":"publish","type":"post","link":"https:\/\/lospoliticosveracruz.com.mx\/?p=4512","title":{"rendered":"Acaparan deuda los Gobernadores"},"content":{"rendered":"<p><b>Claudia Guerrero y Leslie G\u00f3mez<\/b><br \/><i>Tomado de REFORMA<\/i><br \/>(07 noviembre 2012)<\/p>\n<table align=\"center\" cellpadding=\"0\" cellspacing=\"0\" style=\"margin-left: auto; margin-right: auto; text-align: center;\">\n<tbody>\n<tr>\n<td style=\"text-align: center;\"><a href=\"http:\/\/www.lospoliticosveracruz.com.mx\/wp-content\/uploads\/2012\/11\/POLIS.jpg\" style=\"margin-left: auto; margin-right: auto;\"><img loading=\"lazy\" decoding=\"async\" border=\"0\" height=\"320\" src=\"http:\/\/www.lospoliticosveracruz.com.mx\/wp-content\/uploads\/2012\/11\/POLIS-291x300.jpg\" width=\"310\" \/><\/a><\/td>\n<\/tr>\n<tr>\n<td style=\"text-align: center;\"><span style=\"font-size: small;\"><\/p>\n<div style=\"margin-bottom: 0px; margin-left: 0px; margin-right: 0px; margin-top: 0px;\">Y as\u00ed estamos en la famosa depuraci\u00f3n de polis<\/div>\n<div><\/div>\n<p><\/span><\/td>\n<\/tr>\n<\/tbody>\n<\/table>\n<div style=\"text-align: center;\"><\/div>\n<p>El Presidente Felipe Calder\u00f3n asegur\u00f3 que el 80 por ciento de las deudas contra\u00eddas por estados y municipios es concentrado por las estructuras p\u00fablicas que dependen de los Gobernadores.<br \/>De acuerdo con un documento enviado al Senado, de los 404 mil 409.5 millones de pesos de deuda p\u00fablica acumulada al segundo trimestre de 2012, casi 323 mil millones de pesos son pasivos de los gobiernos estatales.<br \/>El 7.55 por ciento de la deuda, corresponde a organismos mientras que otro 11 por ciento es responsabilidad de los municipios, y el 1.4 por ciento restante, de los organismos municipales.<br \/>Al responder a las preguntas parlamentarias realizadas con motivo de su Sexto Informe de Gobierno, Calder\u00f3n informa que casi el 60 por ciento de las deudas ha sido contra\u00eddo con la banca comercial, y otro 22 con la banca de desarrollo.<br \/>Detall\u00f3 que el 14.6 por ciento de la deuda son obligaci\u00f3n burs\u00e1til y el 5.2 est\u00e1 registrado en fideicomisos y otros conceptos.<br \/>A pregunta de la bancada del PRD, el Presidente recuerda que en los \u00faltimos 12 a\u00f1os la deuda de los estados y municipios ha crecido en un 345.7 por ciento al pasar de 90 mil 731 millones de pesios a 404 mil 409 millones.<br \/>Explica que los factores que han influido en el incremento son los altos costos de contrataci\u00f3n y las tasas de inter\u00e9s.<br \/>\u00abEl crecimiento acelerado de la deuda p\u00fablica registrada en los \u00faltimos 12 a\u00f1os responde, entre otras razones, a factores financieros derivados de los altos costos de contrataci\u00f3n del servicio de deuda p\u00fablica e intereses bancarios que han oscilado en distintos ejercicios fiscales y entidades federativas entre los 5.3 y 14.7 por ciento.<br \/>\u00ab(Los cr\u00e9ditos tienen) una tasa promedio de inter\u00e9s nominal al 30 de junio de 2012 de 6.3 por ciento anual y un plazo promedio de vencimiento de obligaciones de 14.9 a\u00f1os\u00bb, explica.<br \/>Aunque los legisladores pidieron al Mandatario la lista de los 10 estados y 20 municipios m\u00e1s endeudados del Pa\u00eds, el Presidente se limit\u00f3 a referir las calificaciones crediticias que han dado a las deudas las empresas especializadas en el tema.<br \/>De acuerdo con Calder\u00f3n, Coahuila, Zacatecas y Veracruz \u00abson los estados con mayor percepci\u00f3n de riesgo\u00bb.<br \/>En la lista con peores calificaciones tambi\u00e9n aparecen Michoac\u00e1n, Quintana Roo, Guerrero, Nayarit y Nuevo Le\u00f3n.<br \/>A una pregunta del PRI sobre por qu\u00e9 no propici\u00f3 medidas efectivas para evitar el endeudamiento de las entidades, Calder\u00f3n responde que las decisiones de endeudamiento son exclusivas de los estados y los municipios y representan actos soberanos que s\u00f3lo les competen a ellos.<br \/>Adem\u00e1s, sobre la contabilidad de la deuda, el Presidente inform\u00f3 que conforme la Ley de Coordinaci\u00f3n Fiscal, las entidades y municipios deber\u00e1n registrar ante la Secretar\u00eda de Hacienda las obligaciones financieras respaldadas con participaciones de los ramos 28 y 33.<br \/>\u00abPor lo tanto, la SHCP no tiene registro del resto de las obligaciones de las entidades federativas y los municipios, excepto en los casos en los que le sea solicitado registrar obligaciones financieras no respaldadas con participaciones por motivos informativos\u00bb, apunt\u00f3.<\/p>\n<div style=\"clear: both; text-align: center;\"><\/div>\n","protected":false},"excerpt":{"rendered":"<p>Claudia Guerrero y Leslie G\u00f3mezTomado de REFORMA(07 noviembre 2012) Y as\u00ed estamos en la famosa depuraci\u00f3n de polis El Presidente Felipe Calder\u00f3n asegur\u00f3 que el 80 por ciento de las deudas contra\u00eddas por estados y municipios es concentrado por las estructuras p\u00fablicas que dependen de los Gobernadores.De acuerdo con un documento enviado al Senado, de [&hellip;]<\/p>\n","protected":false},"author":1,"featured_media":0,"comment_status":"open","ping_status":"open","sticky":false,"template":"","format":"standard","meta":{"_jetpack_newsletter_access":"","_jetpack_dont_email_post_to_subs":false,"_jetpack_newsletter_tier_id":0,"_jetpack_memberships_contains_paywalled_content":false,"_jetpack_memberships_contains_paid_content":false,"footnotes":""},"categories":[1],"tags":[],"class_list":["post-4512","post","type-post","status-publish","format-standard","hentry","category-sin-categoria"],"jetpack_featured_media_url":"","jetpack_sharing_enabled":true,"jetpack_shortlink":"https:\/\/wp.me\/p4Qcd3-1aM","_links":{"self":[{"href":"https:\/\/lospoliticosveracruz.com.mx\/index.php?rest_route=\/wp\/v2\/posts\/4512","targetHints":{"allow":["GET"]}}],"collection":[{"href":"https:\/\/lospoliticosveracruz.com.mx\/index.php?rest_route=\/wp\/v2\/posts"}],"about":[{"href":"https:\/\/lospoliticosveracruz.com.mx\/index.php?rest_route=\/wp\/v2\/types\/post"}],"author":[{"embeddable":true,"href":"https:\/\/lospoliticosveracruz.com.mx\/index.php?rest_route=\/wp\/v2\/users\/1"}],"replies":[{"embeddable":true,"href":"https:\/\/lospoliticosveracruz.com.mx\/index.php?rest_route=%2Fwp%2Fv2%2Fcomments&post=4512"}],"version-history":[{"count":0,"href":"https:\/\/lospoliticosveracruz.com.mx\/index.php?rest_route=\/wp\/v2\/posts\/4512\/revisions"}],"wp:attachment":[{"href":"https:\/\/lospoliticosveracruz.com.mx\/index.php?rest_route=%2Fwp%2Fv2%2Fmedia&parent=4512"}],"wp:term":[{"taxonomy":"category","embeddable":true,"href":"https:\/\/lospoliticosveracruz.com.mx\/index.php?rest_route=%2Fwp%2Fv2%2Fcategories&post=4512"},{"taxonomy":"post_tag","embeddable":true,"href":"https:\/\/lospoliticosveracruz.com.mx\/index.php?rest_route=%2Fwp%2Fv2%2Ftags&post=4512"}],"curies":[{"name":"wp","href":"https:\/\/api.w.org\/{rel}","templated":true}]}}