{"id":4514,"date":"2012-11-06T15:40:00","date_gmt":"2012-11-06T15:40:00","guid":{"rendered":"http:\/\/www.lospoliticosveracruz.com.mx\/?p=4514"},"modified":"2014-10-10T03:02:47","modified_gmt":"2014-10-10T03:02:47","slug":"elige-tu-gabinete","status":"publish","type":"post","link":"https:\/\/lospoliticosveracruz.com.mx\/?p=4514","title":{"rendered":"Elige tu gabinete"},"content":{"rendered":"<p><b>M\u00f3nica Camarena Crespo<\/b><\/p>\n<div><i>Parque Ju\u00e1rez<\/i><\/p>\n<p>A trav\u00e9s de una organizaci\u00f3n llamada ciudadanos en red, se convoco a una votaci\u00f3n para seleccionar el gabinete que acompa\u00f1ara al pr\u00f3ximo Presidente de M\u00e9xico; a trav\u00e9s de<a href=\"http:\/\/eligetugabinete.mx\/\">eligetugabinete.mx<\/a> se puede acceder, ver las opciones y votar.<br \/>Ciudadanos en red, como su p\u00e1gina lo se\u00f1ala, es una organizaci\u00f3n capitalina fundada desde 2004, que tiene como objetivo el estudio y difusi\u00f3n de los problemas para su soluci\u00f3n. Sin embargo, el ejercicio por la internet ya arroja sendos resultados que llaman la atenci\u00f3n.<a name='more'><\/a><br \/>Incluso en las propuestas para votar se anexan ya las probables nuevas Secretarias de estado que se crear\u00edan con la nueva administraci\u00f3n federal. Ah\u00ed se pueden ver, la Secretaria de la Mujer, la de Cultura, Comisi\u00f3n Nacional Anticorrupci\u00f3n, Secretaria de Ciencia y la de la Presidencia.<br \/>Se puede votar por personas que incluso sus nombres ya suenan para acompa\u00f1ar a Enrique Pe\u00f1a a partir del 1 de diciembre; pero aparecen otros, que ni se pensaban estuvieran incluidos, adem\u00e1s de los que seguramente fueron anexados como para ver qu\u00e9 efecto tendr\u00edan.<br \/>Como quiera que sea, el ejercicio cibern\u00e9tico llama la atenci\u00f3n, pues desde hace varios d\u00edas se puede consultar y el pastel de los resultados esta a la vista de todos, con el solo hecho de participar. Y m\u00e1s de uno se pregunta \u00bftraer\u00e1 jiribilla? \u00bfSer\u00e1 tomado en cuenta? O solo se trata de un verdadero foro ciudadano, donde todos se sienten con la libertad de opinar quien deber\u00eda estar en el pr\u00f3ximo gabinete. Ya se ver\u00e1.<\/p>\n<p><b>\u00c1gora<\/b><br \/>Interesante ser\u00e1 si de verdad el PRI en Veracruz, somete a revisi\u00f3n a sus propuestas de candidatos\/as por aquello de que tengan la carta limpia; m\u00e1s vale que se tenga la certeza de que quienes jueguen por las Presidencias Municipales y Diputaciones Locales no tengan cola que les pisen, trayectoria sin manchas y si se puede, que no carguen con auditorias pendientes.<\/p>\n<p><b>\u00c1gora II<\/b><br \/>Pues que si habr\u00e1 reversa para algunos que ya andaban m\u00e1s que entusiasmados con las candidaturas; la situaci\u00f3n como lo preve\u00edamos viene muy dif\u00edcil y de aqu\u00ed a que empiecen los registros oficiales que nadie se haga ilusiones, sobre todo, los que aspiran ser abanderados tricolores.<\/div>\n","protected":false},"excerpt":{"rendered":"<p>M\u00f3nica Camarena Crespo Parque Ju\u00e1rez A trav\u00e9s de una organizaci\u00f3n llamada ciudadanos en red, se convoco a una votaci\u00f3n para seleccionar el gabinete que acompa\u00f1ara al pr\u00f3ximo Presidente de M\u00e9xico; a trav\u00e9s deeligetugabinete.mx se puede acceder, ver las opciones y votar.Ciudadanos en red, como su p\u00e1gina lo se\u00f1ala, es una organizaci\u00f3n capitalina fundada desde 2004, [&hellip;]<\/p>\n","protected":false},"author":1,"featured_media":0,"comment_status":"open","ping_status":"open","sticky":false,"template":"","format":"standard","meta":{"_jetpack_newsletter_access":"","_jetpack_dont_email_post_to_subs":false,"_jetpack_newsletter_tier_id":0,"_jetpack_memberships_contains_paywalled_content":false,"_jetpack_memberships_contains_paid_content":false,"footnotes":""},"categories":[1],"tags":[],"class_list":["post-4514","post","type-post","status-publish","format-standard","hentry","category-sin-categoria"],"jetpack_featured_media_url":"","jetpack_sharing_enabled":true,"jetpack_shortlink":"https:\/\/wp.me\/p4Qcd3-1aO","_links":{"self":[{"href":"https:\/\/lospoliticosveracruz.com.mx\/index.php?rest_route=\/wp\/v2\/posts\/4514","targetHints":{"allow":["GET"]}}],"collection":[{"href":"https:\/\/lospoliticosveracruz.com.mx\/index.php?rest_route=\/wp\/v2\/posts"}],"about":[{"href":"https:\/\/lospoliticosveracruz.com.mx\/index.php?rest_route=\/wp\/v2\/types\/post"}],"author":[{"embeddable":true,"href":"https:\/\/lospoliticosveracruz.com.mx\/index.php?rest_route=\/wp\/v2\/users\/1"}],"replies":[{"embeddable":true,"href":"https:\/\/lospoliticosveracruz.com.mx\/index.php?rest_route=%2Fwp%2Fv2%2Fcomments&post=4514"}],"version-history":[{"count":0,"href":"https:\/\/lospoliticosveracruz.com.mx\/index.php?rest_route=\/wp\/v2\/posts\/4514\/revisions"}],"wp:attachment":[{"href":"https:\/\/lospoliticosveracruz.com.mx\/index.php?rest_route=%2Fwp%2Fv2%2Fmedia&parent=4514"}],"wp:term":[{"taxonomy":"category","embeddable":true,"href":"https:\/\/lospoliticosveracruz.com.mx\/index.php?rest_route=%2Fwp%2Fv2%2Fcategories&post=4514"},{"taxonomy":"post_tag","embeddable":true,"href":"https:\/\/lospoliticosveracruz.com.mx\/index.php?rest_route=%2Fwp%2Fv2%2Ftags&post=4514"}],"curies":[{"name":"wp","href":"https:\/\/api.w.org\/{rel}","templated":true}]}}