{"id":45143,"date":"2018-09-27T22:55:45","date_gmt":"2018-09-28T03:55:45","guid":{"rendered":"http:\/\/www.lospoliticosveracruz.com.mx\/?p=45143"},"modified":"2018-09-27T20:56:12","modified_gmt":"2018-09-28T01:56:12","slug":"la-leccion-de-duarte","status":"publish","type":"post","link":"https:\/\/lospoliticosveracruz.com.mx\/?p=45143","title":{"rendered":"La lecci\u00f3n de Duarte"},"content":{"rendered":"<p><strong>Salvador Mu\u00f1oz<\/strong><\/p>\n<p><em>Los Pol\u00edticos<\/em><\/p>\n<p><span style=\"font-weight: 400;\">La sentencia a Javier Duarte de Ochoa gener\u00f3 la gran cantidad de ecuaciones por la multa que le asignaron as\u00ed como por los a\u00f1os a purgar en prisi\u00f3n, que bien muchos podr\u00edan resumir de acuerdo a su circunstancia. Yo, por ejemplo, lo veo as\u00ed: cuando salga Javier de prisi\u00f3n, es seguro que \u00e9l tenga dinero para irse a vivir a Londres mientras yo seguir\u00e9 pagando el infonavit de mi casa, y eso, siendo optimista, porque en una de \u00e9sas, a lo mejor ya la perd\u00ed por falta de pago.<\/span><\/p>\n<p><span style=\"font-weight: 400;\">Estoy en desacuerdo con varios de los comentarios que se han dado en torno al caso de Duarte de Ochoa que se centran en esta oraci\u00f3n: la sentencia a Javier es una burla para los veracruzanos. M\u00e1s bien parece que la burla a los veracruzanos y de paso a los mexicanos, es la pasividad con que la PGR actu\u00f3 en contra del ex gobernador Javier Duarte de Ochoa.<\/span><\/p>\n<p><span style=\"font-weight: 400;\">Lo m\u00e1s curioso de todo esto, es el sentimiento que algunos veracruzanos en las redes, sueltan con sus comentarios, en espera de que la libertad de Javier Duarte de Ochoa fuera casi inmediata bajo el esquema de que ello ha de significar la derrota de Miguel \u00c1ngel Yunes Linares\u2026 es cuesti\u00f3n de perspectivas\u2026 para otros, si la libertad del ex gobernador viene siendo la derrota de la justicia en el pa\u00eds, la sola sentencia de nueve a\u00f1os de c\u00e1rcel y la multa por 58 mil pesos es el fracaso de nuestras leyes.<\/span><\/p>\n<p><span style=\"font-weight: 400;\">Al aceptar la asociaci\u00f3n delictuosa, Duarte de Ochoa implica de manera t\u00e1cita a otros de sus entonces funcionarios que ser\u00eda interesante conocer, aunque qui\u00e9n sabe si entre los convidados aparecieran los que en su momento cit\u00f3 el entonces candidato a la gubernatura en el 2016, Miguel \u00c1ngel Yunes Linares, cuando en el arranque de su campa\u00f1a, se present\u00f3 ante la Fiscal\u00eda General de Veracruz para denunciar a Javier Duarte de Ochoa y otros, por el uso de recursos p\u00fablicos para enriquecerse: Edgar Spinoso y Vicente Ben\u00edtez.<\/span><\/p>\n<p><span style=\"font-weight: 400;\">El asunto se torna m\u00e1s interesante por los presuntos c\u00f3mplices que pudo haber tenido el ex gobernador Duarte de Ochoa en lo que se puede significar el mayor atraco a Veracruz (\u00bfo en el pa\u00eds?) que se tenga en la memoria\u2026 \u00bfy si no s\u00f3lo tuvo c\u00f3mplices en su administraci\u00f3n estatal, sino que se desperdigaron en otras entidades? \u00bfpor qu\u00e9 no pensar en un \u201ccambalache\u201d de empresas fantasmas? \u00bfLas de Chihuahua vienen a hacer negocio por ac\u00e1 y las de Veracruz, lo van a hacer por all\u00e1? S\u00ed, imaginemos que el enramado de la corrupci\u00f3n no s\u00f3lo se concentr\u00f3 en Veracruz sino extendi\u00f3 sus ramas con otras, que no en otras entidades.<\/span><\/p>\n<p><span style=\"font-weight: 400;\">S\u00famele esa frase de que \u201csegu\u00eda siendo un soldado del Presidente\u201d, y si fue un soldado, \u00e9stos s\u00f3lo est\u00e1n condicionados a recibir \u00f3rdenes de su superior, cuantim\u00e1s si se trata de su comandante supremo. No cuestionan, s\u00f3lo ejecutan.<\/span><\/p>\n<p><span style=\"font-weight: 400;\">Agregue el agradecimiento que tiene Duarte de Ochoa a las autoridades federales por haber respetado a su familia. Recuerden ese \u201cpacto de caballeros\u201d (como estilan decirlo en la mafia del futbol) donde si hab\u00eda que cortar cabezas, era intocable la familia del sacrificado, que inclu\u00eda esposa e hijos.<\/span><\/p>\n<p><span style=\"font-weight: 400;\">Muchos citan el ejemplo m\u00e1s claro que puede tener nuestra pol\u00edtica mexicana con la muerte de Luis Donaldo Colosio Murrieta\u2026 \u00bfalguna vez se ha preguntado el lector c\u00f3mo es que dos peque\u00f1os al cuidado de su t\u00eda, como fueron Luis y Mariana, salieron adelante? La misma pregunta le har\u00eda a Carlos Salinas de Gortari.<\/span><\/p>\n<p><span style=\"font-weight: 400;\">Al final, el caso de Javier Duarte de Ochoa, debe de preocupar a esas autoridades federales que presumen de impartir justicia, porque lejos de que se vea como un escarmiento su sentencia, pareciera ser un aliciente para los delincuentes que ven c\u00f3mo, con una gran parsimonia, se pas\u00f3 con Javier, \u201cdel Veracruz del no pasa nada\u201d, al \u201cM\u00e9xico, donde se puede todo\u201d.<\/span><\/p>\n<p><span style=\"font-weight: 400;\">smcainito@gmail.com<\/span><\/p>\n","protected":false},"excerpt":{"rendered":"<p>Salvador Mu\u00f1oz Los Pol\u00edticos La sentencia a Javier Duarte de Ochoa gener\u00f3 la gran cantidad de ecuaciones por la multa que le asignaron as\u00ed como por los a\u00f1os a purgar en prisi\u00f3n, que bien muchos podr\u00edan resumir de acuerdo a su circunstancia. Yo, por ejemplo, lo veo as\u00ed: cuando salga Javier de prisi\u00f3n, es seguro [&hellip;]<\/p>\n","protected":false},"author":2,"featured_media":0,"comment_status":"open","ping_status":"open","sticky":false,"template":"","format":"standard","meta":{"_jetpack_newsletter_access":"","_jetpack_dont_email_post_to_subs":false,"_jetpack_newsletter_tier_id":0,"_jetpack_memberships_contains_paywalled_content":false,"_jetpack_memberships_contains_paid_content":false,"footnotes":""},"categories":[70],"tags":[1068,11684,260,8049,428,2869,797],"class_list":["post-45143","post","type-post","status-publish","format-standard","hentry","category-de-opinion","tag-edgar-spinoso","tag-fiscalia-general-de-veracruz","tag-javier-duarte-de-ochoa","tag-londres","tag-miguel-angel-yunes-linares","tag-pgr","tag-presidente"],"jetpack_featured_media_url":"","jetpack_sharing_enabled":true,"jetpack_shortlink":"https:\/\/wp.me\/p4Qcd3-bK7","_links":{"self":[{"href":"https:\/\/lospoliticosveracruz.com.mx\/index.php?rest_route=\/wp\/v2\/posts\/45143","targetHints":{"allow":["GET"]}}],"collection":[{"href":"https:\/\/lospoliticosveracruz.com.mx\/index.php?rest_route=\/wp\/v2\/posts"}],"about":[{"href":"https:\/\/lospoliticosveracruz.com.mx\/index.php?rest_route=\/wp\/v2\/types\/post"}],"author":[{"embeddable":true,"href":"https:\/\/lospoliticosveracruz.com.mx\/index.php?rest_route=\/wp\/v2\/users\/2"}],"replies":[{"embeddable":true,"href":"https:\/\/lospoliticosveracruz.com.mx\/index.php?rest_route=%2Fwp%2Fv2%2Fcomments&post=45143"}],"version-history":[{"count":1,"href":"https:\/\/lospoliticosveracruz.com.mx\/index.php?rest_route=\/wp\/v2\/posts\/45143\/revisions"}],"predecessor-version":[{"id":45145,"href":"https:\/\/lospoliticosveracruz.com.mx\/index.php?rest_route=\/wp\/v2\/posts\/45143\/revisions\/45145"}],"wp:attachment":[{"href":"https:\/\/lospoliticosveracruz.com.mx\/index.php?rest_route=%2Fwp%2Fv2%2Fmedia&parent=45143"}],"wp:term":[{"taxonomy":"category","embeddable":true,"href":"https:\/\/lospoliticosveracruz.com.mx\/index.php?rest_route=%2Fwp%2Fv2%2Fcategories&post=45143"},{"taxonomy":"post_tag","embeddable":true,"href":"https:\/\/lospoliticosveracruz.com.mx\/index.php?rest_route=%2Fwp%2Fv2%2Ftags&post=45143"}],"curies":[{"name":"wp","href":"https:\/\/api.w.org\/{rel}","templated":true}]}}