{"id":4518,"date":"2012-11-05T18:06:00","date_gmt":"2012-11-05T18:06:00","guid":{"rendered":"http:\/\/www.lospoliticosveracruz.com.mx\/?p=4518"},"modified":"2014-10-10T03:02:47","modified_gmt":"2014-10-10T03:02:47","slug":"divorcio-prensa-sociedad","status":"publish","type":"post","link":"https:\/\/lospoliticosveracruz.com.mx\/?p=4518","title":{"rendered":"Divorcio prensa-sociedad"},"content":{"rendered":"<p><b>Roberto Morales Ayala<\/b><\/p>\n<div><i>Zona Franca<\/i><\/p>\n<p>A los medios, hoy en d\u00eda, la sociedad debe etiquetarlos en su mente con una leyenda que advierta: El contenido de este producto \u2014peri\u00f3dico o programa audiovisual\u2014 puede ser altamente nocivo para su salud mental o su buen juicio.<br \/>Un manual de instrucciones para leer o ver informaci\u00f3n period\u00edstica, nos dir\u00eda como primer paso que cualquier medio que desde su portada o presentaci\u00f3n, privilegie en sus titulares la voz de los poderosos antes que las denuncias, demandas o propuestas de la sociedad, debe ser desechado, enviado a la basura.<br \/>Es la alerta en cuanto al periodismo de Estado, un periodismo que no atiende a las exigencias de las grandes masas sociales, ejercido por los soldados que cada medio al servicio del poder le da al sistema pol\u00edtico.<a name='more'><\/a><br \/>Caso contrario, el de la prensa cr\u00edtica, que vive en \u00e1mbitos de marginaci\u00f3n de los grandes privilegios, negada para ella la publicidad oficial a\u00fan reuniendo los requisitos exigidos por el gobierno, ya sea tiraje, profesionalismo y credibilidad, e incluso la informaci\u00f3n que se genera en las instancias gubernamentales, sean federal, estatales o municipales.<br \/>El problema de la opini\u00f3n p\u00fablica estriba en la incapacidad de grandes sectores para identificar la nota propagand\u00edstica de la informaci\u00f3n que se sustenta en hechos; la noticia que exalta las virtudes del gobernante porque de por medio hay un convenio publicitario o un embute \u2014t\u00e9rmino usado para definir un pago bajo la mesa\u2014 de aquella que acredita el trabajo real de los hombres p\u00fablicos, o la noticia minimizada sobre los personajes del poder cuando se requer\u00eda dimensionar en forma contundente alguna fechor\u00eda o las habituales rufianadas de los se\u00f1ores del gobierno.<br \/>El caso es que la sociedad mexicana vive un dilema que lo ha llevado a ir elevando el nivel de desconfianza sobre la prensa, sentirse burlado y con la sensaci\u00f3n de que la prensa le es infiel y, sobre todo, infiel a su misi\u00f3n informativa.<br \/>La percepci\u00f3n global es que los medios le han fallado a la sociedad; que no informan lo que los mexicanos quieren y exigen saber; que gran cantidad de medios de comunicaci\u00f3n convirtieron su apostolado en una industria; que se transformaron en mercenarios de la informaci\u00f3n a cambio de sumir en el enga\u00f1o a la opini\u00f3n p\u00fablica.<br \/>En ese punto, algunos analistas hablan de un divorcio entre la sociedad y los medios, que debe revertirse, que debe airearse, que debe reconocerse para provocar un retorno a la funci\u00f3n de la prensa y favores que el pueblo est\u00e9 bien informado.<br \/>Daniela Pastrana, directora ejecutiva de la Red de Periodistas de a Pie, plantea que debe suscribirse un nuevo pacto entre la sociedad y los periodistas, y que se debe construir una nueva relaci\u00f3n entre los comunicadores y ciudadanos, medio y ciudadanos. Asegura que hay un divorcio prensa-sociedad, lo que ha hecho perder a nivel popular la idea del por qu\u00e9 de los medios o de los periodistas.<br \/>Por diversas razones, la prensa se ha devaluado. El periodista enfrenta condiciones laborales no \u00f3ptimas e incluso vive situaciones de violencia, mientras los due\u00f1os de los medios tampoco reflexionan \u201csobre la pertinencia de la labor informativa mientras obtengan ganancias\u201d.<br \/>La prensa oficialista se desliza en un tobog\u00e1n de descr\u00e9dito, que amenaza con arrastrar tambi\u00e9n a la prensa cr\u00edtica del poder. Lo peor es que los mismos comunicadores se preguntan cu\u00e1l es el fundamento de lo que hacen, por qu\u00e9 llegaron a ello, cu\u00e1l es su papel en una sociedad democr\u00e1tica.<br \/>Por otra parte, la clase pol\u00edtica s\u00f3lo ve a los periodistas como \u201cempleados\u201d, obviamente sujetos al embute o al convenio publicitario, y ello provoca que la sociedad, a su vez, perciba a los comunicadores como \u201cenemigos\u201d y no como \u201caliados\u201d del pueblo.<br \/>A juicio de Daniela Pastrana, a partir del modelo acr\u00edtico adoptado por los medios, la sociedad \u201cno cumple con sus funciones para que el estado opere adecuadamente\u201d.<br \/>En este juego de prebendas y lisonjas, de d\u00e1divas y elogios pagados, las responsabilidades del estado y la prensa sumisa son mutuas y compartidas. En cambio, debe reconocerse el papel de la prensa cr\u00edtica, \u201cen una de las \u00e9pocas m\u00e1s oscuras de la historia de M\u00e9xico, donde hay que aprender a dosificar el miedo y el horror; nunca dejar que se nos olvide\u201d, sostiene Daniela Pastrana.<br \/>La dirigente de la Red de Periodistas de a Pie, asegura que s\u00f3lo con la profesionalizaci\u00f3n se garantiza la informaci\u00f3n completa que la sociedad requiere para adoptar un papel protag\u00f3nico frente al estado.<br \/>En Veracruz, sin embargo, el rol del gobierno estatal ha sido el de corromper a trav\u00e9s de millonarias inyecciones de recursos p\u00fablicos, bajo el disfraz de convenios de publicidad y embutes, a los cuales la mayor parte de la prensa es afecta.<br \/>Para la sociedad est\u00e1 claro que el gobierno \u2014sobre todo el del Veracruz de la pseudo prosperidad duartista\u2014 no promueve y mucho menos protege la libertad de expresi\u00f3n de los ciudadanos.<br \/>Son tan burdos que hasta pretendieron oficializarla por decreto. Por ello, es la sociedad misma la que debe de cuidar y seleccionar la prensa que le es \u00fatil. <br \/>Recapitulemos. Har\u00e1 unos cuatro meses, el gobernador Javier Duarte de Ochoa envi\u00f3 al Congreso de Veracruz una iniciativa para reformar el C\u00f3digo Electoral, con un ingrediente sobre medios de comunicaci\u00f3n que provoc\u00f3 una tormenta y vientos huracanados de alta intensidad.<br \/>Planteaba Javier Duarte castigar a los medios que osaran hablar mal de candidatos o partidos pol\u00edticos. La iniciativa, publicada el 20 de julio en la Gaceta Legislativa, propon\u00eda en el art\u00edculo 48, cap\u00edtulo II, que los medios \u201cdeber\u00e1n registrarse ante el Consejo General del Instituto Electoral Veracruzano (IEV) para trabar convenios publicitarios durante las elecciones.<br \/>Tras una serie de requisitos, la propuesta duartista devel\u00f3 su verdadera intenci\u00f3n: negarle convenios la publicidad de las campa\u00f1as y del mismo IEV a los medios cr\u00edticos, con una soberana estupidez: los medios que se registren \u201cno podr\u00e1n publicar mensajes contra ning\u00fan partido, coalici\u00f3n o candidato\u201d<br \/>Y m\u00e1s:<br \/>\u201cLas organizaciones pol\u00edticas no podr\u00e1n contratar espacios publicitarios en aquellos medios que a\u00fan habiendo efectuado los registros se\u00f1alados en este art\u00edculo, publiquen mensajes en contra de cualquier partido, coalici\u00f3n o candidato.<br \/>\u201cLa contrataci\u00f3n por parte de una organizaci\u00f3n pol\u00edtica de mensajes dirigidos a promover el voto en contra de alg\u00fan partido, coalici\u00f3n o candidato, o la efectuada en contravenci\u00f3n a lo dispuesto en el p\u00e1rrafo precedente se considerar\u00e1 como infracci\u00f3n a las obligaciones impuestas a dichas organizaciones.\u201d<br \/>Semejante aberraci\u00f3n tra\u00eda consigo la intenci\u00f3n del gobernador Javier Duarte de imponer una mordaza, obviamente bien acogida por aquellos medios lacayos que han venido aplaudi\u00e9ndole y solap\u00e1ndole su inagotable reserva de errores y desatinos, pero que afectaba a la prensa cr\u00edtica pues si pretend\u00edan vender espacios publicitarios al IEV o a los partidos pol\u00edticos, deb\u00edan suavizar la l\u00ednea y evitar cualquier se\u00f1alamiento.<br \/>Cuando se conocieron las perversas intenciones del se\u00f1or gobernador, estall\u00f3 el esc\u00e1ndalo. Los medios respondones, los que no le prodigan elogios, los que lo traen corto, desataron una andanada de cr\u00edticas, que fueron retomadas por analistas y medios nacionales, y Javier Duarte se vio obligado a recular.<br \/>Pese a que se retir\u00f3 la mordaza de la reforma al C\u00f3digo Electoral, qued\u00f3 de manifiesto el objetivo censor del gobernador Javier Duarte, su fobia a la cr\u00edtica y su reducida concepci\u00f3n de la relaci\u00f3n prensa-gobierno, pues imagin\u00f3 que por el lado econ\u00f3mico tendr\u00eda a toda los medios a sus pies.<br \/>Es ah\u00ed donde se tuerce la funci\u00f3n de los medios de comunicaci\u00f3n, convertidos muchos de ellos en una productiva industria que no refleja lo que el pueblo demanda conocer, y por supuesto, anida ah\u00ed el divorcio entre el pueblo y la infidelidad hacia la sociedad.<\/p>\n<p>(romoaya@gmail.com)(@moralesrobert)<\/p><\/div>\n","protected":false},"excerpt":{"rendered":"<p>Roberto Morales Ayala Zona Franca A los medios, hoy en d\u00eda, la sociedad debe etiquetarlos en su mente con una leyenda que advierta: El contenido de este producto \u2014peri\u00f3dico o programa audiovisual\u2014 puede ser altamente nocivo para su salud mental o su buen juicio.Un manual de instrucciones para leer o ver informaci\u00f3n period\u00edstica, nos dir\u00eda [&hellip;]<\/p>\n","protected":false},"author":1,"featured_media":0,"comment_status":"open","ping_status":"open","sticky":false,"template":"","format":"standard","meta":{"_jetpack_newsletter_access":"","_jetpack_dont_email_post_to_subs":false,"_jetpack_newsletter_tier_id":0,"_jetpack_memberships_contains_paywalled_content":false,"_jetpack_memberships_contains_paid_content":false,"footnotes":""},"categories":[1],"tags":[],"class_list":["post-4518","post","type-post","status-publish","format-standard","hentry","category-sin-categoria"],"jetpack_featured_media_url":"","jetpack_sharing_enabled":true,"jetpack_shortlink":"https:\/\/wp.me\/p4Qcd3-1aS","_links":{"self":[{"href":"https:\/\/lospoliticosveracruz.com.mx\/index.php?rest_route=\/wp\/v2\/posts\/4518","targetHints":{"allow":["GET"]}}],"collection":[{"href":"https:\/\/lospoliticosveracruz.com.mx\/index.php?rest_route=\/wp\/v2\/posts"}],"about":[{"href":"https:\/\/lospoliticosveracruz.com.mx\/index.php?rest_route=\/wp\/v2\/types\/post"}],"author":[{"embeddable":true,"href":"https:\/\/lospoliticosveracruz.com.mx\/index.php?rest_route=\/wp\/v2\/users\/1"}],"replies":[{"embeddable":true,"href":"https:\/\/lospoliticosveracruz.com.mx\/index.php?rest_route=%2Fwp%2Fv2%2Fcomments&post=4518"}],"version-history":[{"count":0,"href":"https:\/\/lospoliticosveracruz.com.mx\/index.php?rest_route=\/wp\/v2\/posts\/4518\/revisions"}],"wp:attachment":[{"href":"https:\/\/lospoliticosveracruz.com.mx\/index.php?rest_route=%2Fwp%2Fv2%2Fmedia&parent=4518"}],"wp:term":[{"taxonomy":"category","embeddable":true,"href":"https:\/\/lospoliticosveracruz.com.mx\/index.php?rest_route=%2Fwp%2Fv2%2Fcategories&post=4518"},{"taxonomy":"post_tag","embeddable":true,"href":"https:\/\/lospoliticosveracruz.com.mx\/index.php?rest_route=%2Fwp%2Fv2%2Ftags&post=4518"}],"curies":[{"name":"wp","href":"https:\/\/api.w.org\/{rel}","templated":true}]}}