{"id":4519,"date":"2012-11-05T13:59:00","date_gmt":"2012-11-05T13:59:00","guid":{"rendered":"http:\/\/www.lospoliticosveracruz.com.mx\/?p=4519"},"modified":"2014-10-10T03:02:47","modified_gmt":"2014-10-10T03:02:47","slug":"nachas-planas","status":"publish","type":"post","link":"https:\/\/lospoliticosveracruz.com.mx\/?p=4519","title":{"rendered":"Nachas planas"},"content":{"rendered":"<p><b>Salvador Mu\u00f1oz<\/b><br \/><i>Los Pol\u00edticos<\/i><\/p>\n<div>\u00bfSe ha dado cuenta de que nuestros j\u00f3venes tienen sus \u00abnachas\u00bb planas?<br \/>El viernes pasado creo haber dado con la raz\u00f3n de tal deformaci\u00f3n gl\u00fatea en ellos.<br \/>La mujer me invit\u00f3 a una noche de \u00aboldies\u00bb que, a lo que me cont\u00f3, es una velada con canciones viejitas; m\u00fasica disco para m\u00ed, ochentera para ella.<br \/>Hice cuentas de cu\u00e1ndo fue la \u00faltima vez que sal\u00ed con la mujer a bailar por la noche y el hecho de no acordarme fue la se\u00f1al para intentar sacudir la polilla y acept\u00e9.<br \/>El centro de reuni\u00f3n fue en Avila Camacho, all\u00e1 por Los Tecajetes y en punto de las 9:30 pm llegamos y \u00a1oh! tras una r\u00e1pida inspecci\u00f3n del lugar, surgi\u00f3 una duda que la extend\u00ed a mi mujer&#8230; \u00bfy la pista de baile?<br \/>\u2014No hay&#8230;<br \/>\u2014Entonces&#8230; \u00bfd\u00f3nde bailan?<a name='more'><\/a><br \/>Un mesero, muy atento, se present\u00f3 mientras ocup\u00e1bamos una mesa para dos. Analic\u00e9 la probabilidad de c\u00f3mo me ver\u00eda si ped\u00eda un caf\u00e9 y desech\u00e9 el resultado ante los convencionalismos que a mi alrededor se tomaban: vodka, pi\u00f1as coladas, tequila con refresco de toronja&#8230; mi segunda opci\u00f3n era una botella con agua pero nadie alrededor cubr\u00eda mi expectativa, as\u00ed que opt\u00e9 por una cerveza oscura y mi esposa una margarita de mango.<br \/>Mi segunda pregunta nocturna para la mujer fue:<br \/>\u2014\u00bfY los \u00aboldies\u00bb?<br \/>Si bien hab\u00eda buena m\u00fasica mi pretensi\u00f3n de escuchar algo de \u00abmis tiempos\u00bb me tensaba y a cada nueva rola, mi pregunta volv\u00eda a sonar: \u00bfY los \u00aboldies\u00bb?<br \/>Una cerveza oscura \u00abIndio\u00bb y una mini-mini margarita que desilusion\u00f3 a mi esposa fue puesta en la mesa&#8230; \u00bfY los \u00aboldies\u00bb?<br \/>Unos amigos se unieron a nosotros y cambiamos de mesa&#8230; el mesero se acerc\u00f3 y nos sugiri\u00f3 que, ya siendo cuatro, nos convendr\u00eda comprar una botella&#8230; la pareja de amigos de mi esposa casi no toma; mi mujer es la que maneja y yo, dif\u00edcilmente me podria acabar una botella solo&#8230; agradec\u00ed la gentileza al mesero y la rechac\u00e9.<br \/>Sin embargo, not\u00e9 que el atento mesero era persistente y fue con el amigo reci\u00e9n llegado que ya revisaba la carta y tambi\u00e9n le hizo la misma sugerencia: \u00a1Nos convendr\u00eda mejor una botella que copear o chelear!<br \/>\u00bfY los \u00aboldies\u00bb?<br \/>Algo de ese mago de Chiquilladas \u2014\u00bfC\u00f3mo se llama\u2014 pregunt\u00e9 a mi mujer, quien me respondi\u00f3: Alex Syntek&#8230; lo m\u00e1s viejo que escuchaba en ese lugar&#8230; vamos, hasta el amigo nos dijo que si a las 11 y media no hab\u00eda \u00aboldies\u00bb, nos retir\u00e1bamos&#8230; mi esposa me corrigi\u00f3, mi sordera me hizo escuchar eso pero realmente se refer\u00eda a la poca asistencia concurrida. <br \/>Para pasadas las diez de la noche, el lugar luc\u00eda medio lleno entre j\u00f3venes adolescentes, j\u00f3venes y rucos, como yo y de repente&#8230; \u00a1Los Prisioneros! No, no se espante el lector&#8230; no hab\u00eda redada de Seguridad P\u00fablica ni nada de eso&#8230; me refiero al grupo ochentero que me hac\u00eda cantar y bailar \u00abTren al sur\u00bb: \u00a1Y no me digan pobreee \/ por ir viajando as\u00ed \/\/ No ven que estoy conteeento \/ no ven que soy feliz \/\/ viajando en ese tren que va al Suuur! cantaba emocionado de escuchar algo de \u00abmis tiempos\u00bb e invit\u00e9 a la mujer a bailar, que, mordi\u00e9ndose el rebozo, hizo que se me secaran en esos momentos mis ganas de bailar&#8230; \u00a1hey! entonces entend\u00ed el porqu\u00e9 no hab\u00eda pista de baile&#8230; la gente baila all\u00ed, a un lado de su mesa&#8230; pues all\u00ed pretend\u00eda danzar.<br \/>Otra cerveza y una mini-mini margarita m\u00e1s&#8230; \u00abEarth Wind and Fire\u00bb, m\u00fasica disco, los 70s, mis \u00aboldies\u00bb sonando y la mujer se anim\u00f3 a bailar&#8230; \u00a1\u00e9ramos la \u00fanica pareja bailando! No me importaba&#8230; una buena tanda de \u00abviejitas pero bonitas\u00bb que se vino abajo cuando el DJ meti\u00f3 a \u00abWisin y Yandel\u00bb, que si bien los admira el Gobernador Javier Duarte, realmente no son de mi gusto lo que oblig\u00f3 a pedirle a la mujer que nos sent\u00e1ramos. Eran pasadas las once de la noche y los j\u00f3venes empezaron a llegar hasta atascar el \u00abantro\u00bb.<br \/>Los meseros parecen que tienen la consigna de checar que est\u00e9s tomando porque continuamente, revisaban la cantidad de mi botella bajo el pretexto de levantar las servilletas.<br \/>Los \u00aboldies\u00bb se mezclaron con 70s-2000, 80-2000 y la insistencia del mesero por checar cu\u00e1nto tomaba me irritaba&#8230;<br \/>Para esa hora, si alguien me hubiera preguntado c\u00f3mo bailar la m\u00fasica de Wisin y Yandel, les hubiera respondido: \u00a1Bien pedo! Digo, por el jovencito que ingres\u00f3 al antro sumamente \u00abservido\u00bb quien sin pudor alguno, se puso a bailar como Dios manda&#8230; digo, el Dios Baco.<br \/>El \u00abpunchis punchis\u00bb en su apogeo y entonces me di cuenta de una cosa&#8230; chavos y chavas bailan \u00a1en sus asientos! \u00a1S\u00ed! \u00a1Sentados! As\u00ed que si ve que sus hijos o nietos tienen las \u00abnachas\u00bb planas es porque restriegan su cola en sus asientos&#8230; <br \/>El misterio en esa noche estaba resuelto y yo, sordo&#8230; es evidente que esas noches de antro ya no son de \u00abmis tiempos\u00bb.<\/div>\n","protected":false},"excerpt":{"rendered":"<p>Salvador Mu\u00f1ozLos Pol\u00edticos \u00bfSe ha dado cuenta de que nuestros j\u00f3venes tienen sus \u00abnachas\u00bb planas?El viernes pasado creo haber dado con la raz\u00f3n de tal deformaci\u00f3n gl\u00fatea en ellos.La mujer me invit\u00f3 a una noche de \u00aboldies\u00bb que, a lo que me cont\u00f3, es una velada con canciones viejitas; m\u00fasica disco para m\u00ed, ochentera para [&hellip;]<\/p>\n","protected":false},"author":1,"featured_media":0,"comment_status":"open","ping_status":"open","sticky":false,"template":"","format":"standard","meta":{"_jetpack_newsletter_access":"","_jetpack_dont_email_post_to_subs":false,"_jetpack_newsletter_tier_id":0,"_jetpack_memberships_contains_paywalled_content":false,"_jetpack_memberships_contains_paid_content":false,"footnotes":""},"categories":[1],"tags":[],"class_list":["post-4519","post","type-post","status-publish","format-standard","hentry","category-sin-categoria"],"jetpack_featured_media_url":"","jetpack_sharing_enabled":true,"jetpack_shortlink":"https:\/\/wp.me\/p4Qcd3-1aT","_links":{"self":[{"href":"https:\/\/lospoliticosveracruz.com.mx\/index.php?rest_route=\/wp\/v2\/posts\/4519","targetHints":{"allow":["GET"]}}],"collection":[{"href":"https:\/\/lospoliticosveracruz.com.mx\/index.php?rest_route=\/wp\/v2\/posts"}],"about":[{"href":"https:\/\/lospoliticosveracruz.com.mx\/index.php?rest_route=\/wp\/v2\/types\/post"}],"author":[{"embeddable":true,"href":"https:\/\/lospoliticosveracruz.com.mx\/index.php?rest_route=\/wp\/v2\/users\/1"}],"replies":[{"embeddable":true,"href":"https:\/\/lospoliticosveracruz.com.mx\/index.php?rest_route=%2Fwp%2Fv2%2Fcomments&post=4519"}],"version-history":[{"count":0,"href":"https:\/\/lospoliticosveracruz.com.mx\/index.php?rest_route=\/wp\/v2\/posts\/4519\/revisions"}],"wp:attachment":[{"href":"https:\/\/lospoliticosveracruz.com.mx\/index.php?rest_route=%2Fwp%2Fv2%2Fmedia&parent=4519"}],"wp:term":[{"taxonomy":"category","embeddable":true,"href":"https:\/\/lospoliticosveracruz.com.mx\/index.php?rest_route=%2Fwp%2Fv2%2Fcategories&post=4519"},{"taxonomy":"post_tag","embeddable":true,"href":"https:\/\/lospoliticosveracruz.com.mx\/index.php?rest_route=%2Fwp%2Fv2%2Ftags&post=4519"}],"curies":[{"name":"wp","href":"https:\/\/api.w.org\/{rel}","templated":true}]}}