{"id":45424,"date":"2018-10-21T22:55:05","date_gmt":"2018-10-22T03:55:05","guid":{"rendered":"http:\/\/www.lospoliticosveracruz.com.mx\/?p=45424"},"modified":"2018-10-21T21:26:30","modified_gmt":"2018-10-22T02:26:30","slug":"hay-mariely-para-rato","status":"publish","type":"post","link":"https:\/\/lospoliticosveracruz.com.mx\/?p=45424","title":{"rendered":"\u201cHay Mariely para rato\u201d"},"content":{"rendered":"<p><a href=\"http:\/\/www.lospoliticosveracruz.com.mx\/wp-content\/uploads\/2018\/10\/Mariely.jpeg\"><img loading=\"lazy\" decoding=\"async\" class=\"aligncenter size-full wp-image-45426\" src=\"http:\/\/www.lospoliticosveracruz.com.mx\/wp-content\/uploads\/2018\/10\/Mariely.jpeg\" alt=\"Mariely\" width=\"600\" height=\"365\" \/><\/a><\/p>\n<p><strong>Salvador Mu\u00f1oz<\/strong><\/p>\n<p><em>Los Pol\u00edticos<\/em><\/p>\n<p><span style=\"font-weight: 400;\">Se arremanga la blusa para tomar unos papeles y alcanzo a verlo; y como si se hubiera puesto de acuerdo el destino, en ese momento salen del estudio Bernardo Guti\u00e9rrez, Luis Romero, David Barria y otros compa\u00f1eros de MS Radio\u2026 por unos momentos nos quedamos solos Mariely Manterola Sainz y yo. Entonces le digo si puedo hacerle una pregunta indiscreta, a lo que sin temor alguno, asienta:<\/span><\/p>\n<p><span style=\"font-weight: 400;\">\u2013\u00bfPuedo ver tus tatuajes?<\/span><\/p>\n<p><span style=\"font-weight: 400;\">Me responde que es uno, en su mu\u00f1eca derecha y me muestra. Le pido que me lo explique:<\/span><\/p>\n<p><span style=\"font-weight: 400;\">Palabras m\u00e1s, palabras menos me se\u00f1ala un ave que reposa en una rama: \u201c\u00e9sta soy yo\u201d y siguiendo el tatuaje me muestra otra ave: \u201c\u00e9sta es Pedro\u2026 Pedro se va y yo me quedo\u2026 \u00bfy qu\u00e9 me queda? \u2013me vuelve a ense\u00f1ar la rama y entonces distingo la palabra\u2013 \u201cme queda la fe\u201d.<\/span><\/p>\n<p><span style=\"font-weight: 400;\">II<\/span><\/p>\n<p><span style=\"font-weight: 400;\">Pedro Manterola Sainz en una constante en la vida familiar y pol\u00edtica de Mariely. No s\u00f3lo es parte de esa an\u00e9cdota con la que abre la presidenta de la Mesa Directiva del Congreso local su segundo informe de labores, sino tambi\u00e9n, de un modo u otro, Pedro ser\u00e1 parte activa para la rehabilitaci\u00f3n y equipamiento de una habitaci\u00f3n de aislamiento del Hospital local de Mart\u00ednez de la Torre a trav\u00e9s de la venta de un libro que en breve, se espera que en noviembre, se presente; es una recopilaci\u00f3n de esos escritos con los que nos deleitaba Pedro\u2026 ya fueran pol\u00edticos, ya fueran de la vida, ya fueran con dedicatorias\u2026 ah, y claro, Pedro tambi\u00e9n est\u00e1 en el Congreso local, en algunas iniciativas y leyes, como la de la leg\u00edtima defensa, que protege jur\u00eddicamente al ciudadano que resguarda sus bienes o ajenos, salvando su vida y la de sus seres queridos. O la pol\u00e9mica iniciativa sobre la Voluntad Anticipada, en defensa de los derechos de las personas con enfermedades incurables o en fase terminal\u2026 en \u00e9stas, y otras, Pedro colabor\u00f3 con su hermana para llevarlas al Palacio de Encanto\u2026 quiz\u00e1s por eso, de cierto modo, Mariely no s\u00f3lo lo lleva tatuado en la mu\u00f1eca, sino en el alma\u2026 como lo llevamos todos sus amigos&#8230;<\/span><\/p>\n<p><span style=\"font-weight: 400;\">III<\/span><\/p>\n<p><span style=\"font-weight: 400;\">Mariely Manterola recibe una llamada, all\u00e1 por marzo de 2016. La invitaba el PAN a participar como candidata a diputada local por el distrito de Mart\u00ednez de la Torre. Lo primero que hizo fue hablar con sus hijos\u2026 y despu\u00e9s, habl\u00f3 con Pedro, su hermano\u2026 \u201coye, mano; f\u00edjate que me est\u00e1n invitando\u2026\u201d Pedro, quien goz\u00f3 de un sentido del humor \u00fanico, le respondi\u00f3:<\/span><\/p>\n<p><span style=\"font-weight: 400;\">\u2013Mira mana, hace rato que estaba aqu\u00ed en la azotea, \u00a1tuve una aparici\u00f3n! \u00a1recib\u00ed un mensaje!<\/span><\/p>\n<p><span style=\"font-weight: 400;\">\u2013\u00bfQui\u00e9n se te apareci\u00f3?<\/span><\/p>\n<p><span style=\"font-weight: 400;\">\u2013\u00a1El arc\u00e1ngel Miguel \u00c1ngel!<\/span><\/p>\n<p><span style=\"font-weight: 400;\">Y Mariely Manterola no s\u00f3lo fue candidata sino diputada, y a dos a\u00f1os de distancia, present\u00f3 en una mesa redonda con los periodistas Luis Alberto Romero, Bernardo Guti\u00e9rrez y quien escribe, su segundo informe de actividades a trav\u00e9s de MS Radio de Mart\u00ednez de la Torre.<\/span><\/p>\n<p><span style=\"font-weight: 400;\">II<\/span><\/p>\n<p><span style=\"font-weight: 400;\">Compartir un poco de lo logrado, m\u00e1s all\u00e1 de los n\u00fameros, poniendo \u00e9nfasis en el significado y trascendencia de algunas iniciativas y reformas que present\u00f3, ya de manera personal o en conjunto con el Grupo Legislativo del PAN (Casi 120), fue en mucho de lo que se platic\u00f3 con la tambi\u00e9n presidenta de la Mesa Directiva del Congreso local, que dicho sea de paso, fue quien le tom\u00f3 protesta al gobernador de la alternancia, Miguel \u00c1ngel Yunes Linares.<\/span><\/p>\n<p><span style=\"font-weight: 400;\">Para Mariely, estos dos a\u00f1os que concluyen de la LXIV Legislatura, tuvo un privilegio por partida doble: por el local, servir a los habitantes de los cinco municipios que comprende su distrito: Mart\u00ednez de la Torre, Guti\u00e9rrez Zamora, San Rafael, Tecolutla y Tlapacoyan; por el estatal, haber sido presidenta de la Mesa Directiva del Congreso local, desde donde sirvi\u00f3 para todos los veracruzanos, y lo acepta, al principio tembl\u00f3 hasta cuando rindi\u00f3 protesta \u201cpero nada m\u00e1s tembl\u00e9 una vez y eso, porque me gan\u00f3 el nervio, pero esa misma emoci\u00f3n que sent\u00ed fue la que me ayud\u00f3 a inyectarle pasi\u00f3n a mi trabajo\u201d.<\/span><\/p>\n<p><span style=\"font-weight: 400;\">II<\/span><\/p>\n<p><span style=\"font-weight: 400;\">De las iniciativas que present\u00f3, recuerda mucho la que se refiere al Premio Estatal de la Mujer, que le parec\u00eda estaba encasillado s\u00f3lo para aquellas que participaran en actividades de los derechos de las mujeres excluyendo a artistas, periodistas, pol\u00edticas, etc\u00e9tera; ella abri\u00f3 el abanico&#8230; <\/span><\/p>\n<p><span style=\"font-weight: 400;\">Otra que es considerada pol\u00e9mica, hasta cierto punto algunos la vieron hasta \u201canti-panista\u201d, fue la de Voluntad Anticipada, que espera sea dictaminada este viernes pr\u00f3ximo. En esta iniciativa, cuenta Mariely, se trata de anteponer los derechos y la dignidad de una persona enferma para que ella decida c\u00f3mo bien morir y no tiene nada que ver con la eutanasia. \u201c\u00a1Se espantaron cuando la present\u00e9, pero trata mucho de los derechos de las personas enfermas y que no pueden tomar decisiones por ellas mismas y entonces la responsabilidad recae en los familiares, los que por temor al remordimiento, no toman la decisi\u00f3n m\u00e1s acertada!\u201d<\/span><\/p>\n<p><span style=\"font-weight: 400;\">Y para los que sufrimos el tracateo de la carretera para llegar a Mart\u00ednez, Mariely Manterola explica que tambi\u00e9n hizo un exhorto sobre las carreteras a la SCT porque desde Atzalan hasta Costa Esmeralda est\u00e1n \u201csufribles\u201d (mis ri\u00f1ones pueden hablar de ello) y as\u00ed, dif\u00edcilmente se puede detonar el desarrollo de la regi\u00f3n. Y s\u00ed, por ah\u00ed vimos en el viaje de ida como de vuelta, una cuadrilla de la secretar\u00eda de Comunicaciones trabajando incluso, bajo la inclemencia del tiempo.<\/span><\/p>\n<p><span style=\"font-weight: 400;\">Una reforma que propuso fue la que corresponde al \u00e1rea de G\u00e9nero de la Legislatura, que pide m\u00e1s requisitos que los que se exige incluso para ser Gobernador o hasta secretario general del Congreso; suger\u00eda que se agregara el \u201cpreferentemente\u201d a la obligatoriedad de algunos requisitos, como Doctorado\u2026 \u00a1y se la dejaron en la congeladora! <\/span><\/p>\n<p><span style=\"font-weight: 400;\">S\u00ed, hubo otras iniciativas que fueron a favor del campo, por ejemplo, pero yo me quedo con la de Voluntad Anticipada\u2026 en espera de que sea aprobada.<\/span><\/p>\n<p><span style=\"font-weight: 400;\">III<\/span><\/p>\n<p><span style=\"font-weight: 400;\">La participaci\u00f3n del Congreso en el rescate financiero de Veracruz, fue determinante para lograr la estabilidad econ\u00f3mica y social que se vive hoy, muy diferente a la del final de la administraci\u00f3n duartista con manifestaciones de todo el mundo exigiendo sus pagos\u2026 \u201ccreo que la reestructura de la deuda como la hizo el Gobernador, a m\u00e1s plazo, logr\u00f3 que hubiera el flujo de recursos que requer\u00eda Veracruz para poder enfrentar la crisis\u201d, concreta Manterola Sainz que enfatiza que funcion\u00f3 tan bien, que se vio en la primera quincena, en el aguinaldo, que no hubo ning\u00fan trabajador que se quedara sin ellos.<\/span><\/p>\n<p><span style=\"font-weight: 400;\">Su labor en el distrito, que comprende Mart\u00ednez de la Torre, Guti\u00e9rrez Zamora, San Rafael, Tecolutla y Tlapacoyan, tuvo acci\u00f3n con el programa Veracruz Comienza Contigo beneficiando a 25 mil familias; entreg\u00f3 m\u00e1s de 100 sillas de ruedas, la mayor parte, con recursos propios; maquinaria para componer caminos, que si bien, no es una competencia propia de la diputada, le hablaba a los amigos para que le echaran la mano; fletes para repartir block y material para vivienda; para el hospital local baj\u00f3 recursos por 8 millones de pesos, pues estaba en p\u00e9simas condiciones y de manera particular, acondicion\u00f3 una habitaci\u00f3n para personas aisladas. Por cierto, anuncia que con la venta de un libro que ha de publicar de su hermano Pedro Manterola, ha de rehabilitar otra habitaci\u00f3n del nosocomio a la vez de que tambi\u00e9n comprometi\u00f3 al alcalde de San Rafael para que \u00e9l les eche la mano con otra\u2026 \u201ces importante no esperar todo del Gobierno estatal, sino saber que como ciudadanos podemos participar y ser parte del desarrollo de nuestra comunidad\u201d. <\/span><\/p>\n<p><span style=\"font-weight: 400;\">IV<\/span><\/p>\n<p><span style=\"font-weight: 400;\">Sobre el tema de Seguridad, asegura mantener un contacto cercano con el Grupo de Coordinaci\u00f3n Veracruz y hace unos d\u00edas que estuvo por Guti\u00e9rrez Zamora, recuerda que el mismo Gobernador Yunes Linares dijo que \u201cle queda esa espinita\u201d de la inseguridad, que afecta a todos, pero que mucho se podr\u00eda hacer para empezar, con la denuncia ante las autoridades correspondientes para que puedan intervenir; en lo particular, asume la responsabilidad de que se le queda a deber a los veracruzanos en ese rubro aunque cita que acabar con la corrupci\u00f3n que hab\u00eda en la m\u00e9dula de las corporaciones, no es tarea f\u00e1cil\u2026<\/span><\/p>\n<p><span style=\"font-weight: 400;\">La presidente de la Mesa Directiva nos cuenta de dos momentos complicados en estos dos a\u00f1os como diputada; primero, cuando rinde protesta y dice a micr\u00f3fono abierto \u201ctembl\u00e9 como maraca\u201d y sali\u00f3 hasta en el acta, pero al ver hacia los presentes, distingui\u00f3 a su hermano Pedro Manterola y a sus hijos de pie aplaudiendo de pie, dije \u201c\u00a1Ya estamos aqu\u00ed! \u00a1pues vamos!\u201d; el segundo momento fue la toma de la tribuna con el caso del Fiscal Anticorrupci\u00f3n cuando se le vienen encima \u201c\u00a1y s\u00ed me asust\u00e9!\u201d; al final, esos momentos \u201csirven para agarrar templanza\u201d.<\/span><\/p>\n<p><span style=\"font-weight: 400;\">Concluyendo, anticipa que vuelve de donde nunca se ha ido, Mart\u00ednez de la Torre, con la frente en alto, con la seguridad de que sus hijos se sienten orgullosas de su madre; \u201clas cosas no paran aqu\u00ed; vamos a continuar trabajando porque hay muchas cosas por hacer, vienen las intermedias, y hay que estar viva \u00bfno?\u201d<\/span><\/p>\n<p><span style=\"font-weight: 400;\">\u2013\u00bfHay Mariely para rato?<\/span><\/p>\n<p><span style=\"font-weight: 400;\">\u2013Yo espero que s\u00ed\u2026 algunas gentes aunque no quieran, se van a tener que fregar, pero hay Mariely para rato\u2026<\/span><\/p>\n<p>&nbsp;<\/p>\n<p><span style=\"font-weight: 400;\">smcainito@gmail.com <\/span><\/p>\n<p>&nbsp;<\/p>\n","protected":false},"excerpt":{"rendered":"<p>Salvador Mu\u00f1oz Los Pol\u00edticos Se arremanga la blusa para tomar unos papeles y alcanzo a verlo; y como si se hubiera puesto de acuerdo el destino, en ese momento salen del estudio Bernardo Guti\u00e9rrez, Luis Romero, David Barria y otros compa\u00f1eros de MS Radio\u2026 por unos momentos nos quedamos solos Mariely Manterola Sainz y yo. [&hellip;]<\/p>\n","protected":false},"author":2,"featured_media":0,"comment_status":"open","ping_status":"open","sticky":false,"template":"","format":"standard","meta":{"_jetpack_newsletter_access":"","_jetpack_dont_email_post_to_subs":false,"_jetpack_newsletter_tier_id":0,"_jetpack_memberships_contains_paywalled_content":false,"_jetpack_memberships_contains_paid_content":false,"footnotes":""},"categories":[70],"tags":[819,12940,6956,6134,12939,5020,963,428,12941,266,5748,12942,2782,6135,293],"class_list":["post-45424","post","type-post","status-publish","format-standard","hentry","category-de-opinion","tag-congreso-local","tag-david-barria","tag-grupo-de-coordinacion-veracruz","tag-gutierrez-zamora","tag-luis-romero","tag-mariely-manterola-sainz","tag-martinez-de-la-torre","tag-miguel-angel-yunes-linares","tag-ms-radio","tag-pan","tag-pedro-manterola-sainz","tag-premio-estatal-de-la-mujer","tag-san-rafael","tag-tecolutla","tag-tlapacoyan"],"jetpack_featured_media_url":"","jetpack_sharing_enabled":true,"jetpack_shortlink":"https:\/\/wp.me\/p4Qcd3-bOE","_links":{"self":[{"href":"https:\/\/lospoliticosveracruz.com.mx\/index.php?rest_route=\/wp\/v2\/posts\/45424","targetHints":{"allow":["GET"]}}],"collection":[{"href":"https:\/\/lospoliticosveracruz.com.mx\/index.php?rest_route=\/wp\/v2\/posts"}],"about":[{"href":"https:\/\/lospoliticosveracruz.com.mx\/index.php?rest_route=\/wp\/v2\/types\/post"}],"author":[{"embeddable":true,"href":"https:\/\/lospoliticosveracruz.com.mx\/index.php?rest_route=\/wp\/v2\/users\/2"}],"replies":[{"embeddable":true,"href":"https:\/\/lospoliticosveracruz.com.mx\/index.php?rest_route=%2Fwp%2Fv2%2Fcomments&post=45424"}],"version-history":[{"count":1,"href":"https:\/\/lospoliticosveracruz.com.mx\/index.php?rest_route=\/wp\/v2\/posts\/45424\/revisions"}],"predecessor-version":[{"id":45427,"href":"https:\/\/lospoliticosveracruz.com.mx\/index.php?rest_route=\/wp\/v2\/posts\/45424\/revisions\/45427"}],"wp:attachment":[{"href":"https:\/\/lospoliticosveracruz.com.mx\/index.php?rest_route=%2Fwp%2Fv2%2Fmedia&parent=45424"}],"wp:term":[{"taxonomy":"category","embeddable":true,"href":"https:\/\/lospoliticosveracruz.com.mx\/index.php?rest_route=%2Fwp%2Fv2%2Fcategories&post=45424"},{"taxonomy":"post_tag","embeddable":true,"href":"https:\/\/lospoliticosveracruz.com.mx\/index.php?rest_route=%2Fwp%2Fv2%2Ftags&post=45424"}],"curies":[{"name":"wp","href":"https:\/\/api.w.org\/{rel}","templated":true}]}}