{"id":45487,"date":"2018-10-25T14:05:30","date_gmt":"2018-10-25T19:05:30","guid":{"rendered":"http:\/\/www.lospoliticosveracruz.com.mx\/?p=45487"},"modified":"2018-10-25T14:08:32","modified_gmt":"2018-10-25T19:08:32","slug":"la-protesta-de-la-calle-constitucion-de-coatepec-y-la-mitad-del-libramiento","status":"publish","type":"post","link":"https:\/\/lospoliticosveracruz.com.mx\/?p=45487","title":{"rendered":"La protesta de la calle Constituci\u00f3n de Coatepec y la mitad del libramiento"},"content":{"rendered":"<p><strong>David Izozorbe Hern\u00e1ndez<\/strong><\/p>\n<p><em>Sentido Plural\u00a0<\/em><\/p>\n<p>La semana pasada un grupo de comerciantes establecidos de la calle Constituci\u00f3n de la ciudad de Coatepec, se manifestaron en \u00a0contra de las autoridades municipales por la ruptura del acuerdo a que se hab\u00eda llegado, para que de lunes a viernes, esa importante arteria quedara liberada del estacionamiento de veh\u00edculos particulares, que ocasiona que se forme una larga fila de autom\u00f3viles y camiones de pasajeros que a vuelta de rueda transitan por ese lugar, esto ocasionado temporalmente por las obras de reparaci\u00f3n simult\u00e1nea de calles del centro hist\u00f3rico, que en tiempos de lluvia hace m\u00e1s lenta la circulaci\u00f3n, para lo cual la autoridad municipal se comprometi\u00f3 con los vecinos a que una vez terminadas las obras, se volver\u00eda a la normalidad para no afectar a los comercios establecidos ah\u00ed y que se vieran \u00a0afectados en la venta de sus productos.<\/p>\n<p>Sin embargo, de buenas a primeras y sin decir agua va, transito se dio a la tarea de no dejar estacionar a nadie durante el fin de semana, por lo que los comerciantes se vieron afectados en sus ventas, debido a lo cual decidieron bloquear una de las calles m\u00e1s importante de Coatepec, que es la entrada y transito obligado de quienes van para Xico, Teocelo, San Marcos y dem\u00e1s poblaciones de la regi\u00f3n.<\/p>\n<p>Ante este conflicto con los comerciantes y vecinos, las autoridades municipales tuvieron que dar reversa a esta medida, quedando subsistente el acuerdo anterior, es decir que se les permita estacionarse los fines de semana, pero adem\u00e1s, tambi\u00e9n entre semana, pero solo por espacio de quince minutos, para no afectar ni al comercio ni a la circulaci\u00f3n.<\/p>\n<p>Pero este problema de la calle Constituci\u00f3n, no es moment\u00e1neo por la reparaci\u00f3n de calles del centro, sino que tiene m\u00e1s fondo, pues se trata de la arter\u00eda por la que pasan obligadamente todos los d\u00edas los veh\u00edculos que van a los municipios de la regi\u00f3n, por lo que la carga vehicular es demasiado pesada, debido a lo cual, desde hace m\u00e1s de una d\u00e9cada se plante\u00f3 la necesidad de una v\u00eda que desahogara, la mencionada carga vehicular y liberara a Coatepec de todos los problemas viales que esto conlleva, por lo que durante el sexenio del presidente Felipe Calder\u00f3n, se inici\u00f3 la construcci\u00f3n de lo que ser\u00eda el libramiento de Coatepec que ser\u00eda la v\u00eda que llevar\u00eda desde la carretera Xalapa-Coatepec hasta la localidad de las Puentes a todos los veh\u00edculos que hoy atraviesan la ciudad por la calle Constituci\u00f3n.<\/p>\n<p>Sin embargo el mencionado libramiento no pudo terminar de construirse durante el sexenio de Calder\u00f3n y fue la actual administraci\u00f3n quien la inaugur\u00f3, pero solo a la mitad, pues del proyecto original, solo se construy\u00f3 una parte, que solo llega a la localidad del Grande, quedando inconcluso, debido a diversas situaciones que no est\u00e1n bien claras, pero que hace la obra muy poco \u00fatil para el fin que se proyect\u00f3, dejando a Coatepec el problema que cada d\u00eda va en aumento, dejando a los coatepecanos y sus autoridades, abandonados con una situaci\u00f3n que se puede volver ca\u00f3tica, sin que autoridades estatales o federales hagan algo al respecto.<\/p>\n<p>Por eso que hoy que estamos a punto de que inicie otro sexenio, es momento de que tanto la ciudadan\u00eda como la autoridad municipal, exija que concluya con el proyecto del libramiento que se les prometi\u00f3 y que acabar\u00eda con el grave problema vial que hoy enfrenta Coatepec.<\/p>\n<p>Dudas y comentarios: <a href=\"mailto:izodav@hotmail.com\">izodav@hotmail.com<\/a><\/p>\n<p><a href=\"https:\/\/www.facebook.com\/Izodav\">https:\/\/www.facebook.com\/Izodav<\/a><\/p>\n","protected":false},"excerpt":{"rendered":"<p>David Izozorbe Hern\u00e1ndez Sentido Plural\u00a0 La semana pasada un grupo de comerciantes establecidos de la calle Constituci\u00f3n de la ciudad de Coatepec, se manifestaron en \u00a0contra de las autoridades municipales por la ruptura del acuerdo a que se hab\u00eda llegado, para que de lunes a viernes, esa importante arteria quedara liberada del estacionamiento de veh\u00edculos [&hellip;]<\/p>\n","protected":false},"author":2,"featured_media":0,"comment_status":"open","ping_status":"open","sticky":false,"template":"","format":"standard","meta":{"_jetpack_newsletter_access":"","_jetpack_dont_email_post_to_subs":false,"_jetpack_newsletter_tier_id":0,"_jetpack_memberships_contains_paywalled_content":false,"_jetpack_memberships_contains_paid_content":false,"footnotes":""},"categories":[70],"tags":[12985,277,12984,12986,1452,784],"class_list":["post-45487","post","type-post","status-publish","format-standard","hentry","category-de-opinion","tag-calle-constitucion","tag-coatepec","tag-david-izozorbe-hernandez","tag-san-marcos","tag-teocelo","tag-xico"],"jetpack_featured_media_url":"","jetpack_sharing_enabled":true,"jetpack_shortlink":"https:\/\/wp.me\/p4Qcd3-bPF","_links":{"self":[{"href":"https:\/\/lospoliticosveracruz.com.mx\/index.php?rest_route=\/wp\/v2\/posts\/45487","targetHints":{"allow":["GET"]}}],"collection":[{"href":"https:\/\/lospoliticosveracruz.com.mx\/index.php?rest_route=\/wp\/v2\/posts"}],"about":[{"href":"https:\/\/lospoliticosveracruz.com.mx\/index.php?rest_route=\/wp\/v2\/types\/post"}],"author":[{"embeddable":true,"href":"https:\/\/lospoliticosveracruz.com.mx\/index.php?rest_route=\/wp\/v2\/users\/2"}],"replies":[{"embeddable":true,"href":"https:\/\/lospoliticosveracruz.com.mx\/index.php?rest_route=%2Fwp%2Fv2%2Fcomments&post=45487"}],"version-history":[{"count":2,"href":"https:\/\/lospoliticosveracruz.com.mx\/index.php?rest_route=\/wp\/v2\/posts\/45487\/revisions"}],"predecessor-version":[{"id":45490,"href":"https:\/\/lospoliticosveracruz.com.mx\/index.php?rest_route=\/wp\/v2\/posts\/45487\/revisions\/45490"}],"wp:attachment":[{"href":"https:\/\/lospoliticosveracruz.com.mx\/index.php?rest_route=%2Fwp%2Fv2%2Fmedia&parent=45487"}],"wp:term":[{"taxonomy":"category","embeddable":true,"href":"https:\/\/lospoliticosveracruz.com.mx\/index.php?rest_route=%2Fwp%2Fv2%2Fcategories&post=45487"},{"taxonomy":"post_tag","embeddable":true,"href":"https:\/\/lospoliticosveracruz.com.mx\/index.php?rest_route=%2Fwp%2Fv2%2Ftags&post=45487"}],"curies":[{"name":"wp","href":"https:\/\/api.w.org\/{rel}","templated":true}]}}