{"id":45491,"date":"2018-10-25T22:55:29","date_gmt":"2018-10-26T03:55:29","guid":{"rendered":"http:\/\/www.lospoliticosveracruz.com.mx\/?p=45491"},"modified":"2018-10-25T19:48:14","modified_gmt":"2018-10-26T00:48:14","slug":"eric-cisneros-dichos-y-hechos","status":"publish","type":"post","link":"https:\/\/lospoliticosveracruz.com.mx\/?p=45491","title":{"rendered":"Eric Cisneros\u2026 dichos y hechos"},"content":{"rendered":"<p dir=\"ltr\"><strong>Salvador Mu\u00f1oz<\/strong><\/p>\n<p><em>Los Pol\u00edticos<\/em><\/p>\n<p dir=\"ltr\">El primer d\u00eda de campa\u00f1a por la Gubernatura de Veracruz, en abril de 2016, Miguel \u00c1ngel Yunes Linares inici\u00f3 presentando una denuncia contra el gobernador Javier Duarte de Ochoa y los que se acumularan. La historia ya la sabemos\u2026 hoy, \u201cmedio\u201d gabinete duartista \u201cempachado\u201d y Javier, cuyo caso fue atra\u00eddo por la PGR, a\u00fan entambado. Algo hay que reconocerle a Yunes Linares: el haber pasado del dicho al hecho.<\/p>\n<p dir=\"ltr\">Hace unos d\u00edas, un amigo me dec\u00eda que los casta\u00f1azos iban a estar duros\u2026 se le iban a ir con todo al Yunismo para acabar con \u00e9l. Mi respuesta fue algo as\u00ed: \u201ctendr\u00e1n tiempo\u2026 seis a\u00f1os\u201d. Su respuesta me sorprendi\u00f3: \u201cNo, tres meses\u201d. S\u00ed, es decir que de acuerdo a lo programado, en marzo, \u201chabr\u00e1n acabado con el Yunismo\u201d.<\/p>\n<p dir=\"ltr\">Pens\u00e9 que era exagerado el comentario de mi amigo, pero cuando inicia Eric Cisneros Burgos una campa\u00f1a medi\u00e1tica, primero contra Jorge Winckler, incluso azuzando a diputados locales electos, y ahora contra el Gobernador Miguel \u00c1ngel Yunes Linares, parece que el ariete ser\u00e1 el oriundo de Otatitl\u00e1n.<\/p>\n<p dir=\"ltr\">II<\/p>\n<p dir=\"ltr\">Eric Cisneros comenta a reporteros que en el gobierno de Yunes Linares \u201ctienen un cochinero, y est\u00e1n viendo c\u00f3mo arreglarlo, por eso no hay ninguna voluntad de c\u00f3mo entregarnos (&#8230;) lo \u00fanico que ha habido es un robo despiadado en estos 2 a\u00f1os de este gobierno&#8230; ah\u00ed est\u00e1n las claras evidencias, hay falta de documentaci\u00f3n que acredite el gasto en muchos rubros, empresas fantasma en Sedesol, y lo que el Orfis entreg\u00f3 al Congreso del Estado tan s\u00f3lo de la cuenta p\u00fablica 2017\u201d.<\/p>\n<p dir=\"ltr\">Estamos a un poquito m\u00e1s de un mes para que haya cambio en la administraci\u00f3n estatal\u2026 si asegura que hay un \u201crobo despiadado\u201d, \u00bfpor qu\u00e9 no procede a la denuncia, s\u00ed, as\u00ed como en su momento lo hizo el mismo Yunes Linares contra Javier Duarte?<\/p>\n<p dir=\"ltr\">III<\/p>\n<p dir=\"ltr\">\u00bfQui\u00e9n tendr\u00eda inter\u00e9s en destruir el Yunismo? A ojo de buen cubero y aplicando la de Cisneros, podr\u00eda decir que Morena, \u00bfpor qu\u00e9? Tendr\u00eda que llevar a un nivel de resentimiento, odio y revancha al Presidente Electo atendiendo las confrontaciones que durante la campa\u00f1a tuvo con Miguel \u00c1ngel Yunes Linares (inolvidables el \u201cloco\u201d y los retos), pero hacerlo, ubicar\u00eda a L\u00f3pez Obrador en un escalaf\u00f3n muy inferior al estatus pol\u00edtico que se le exigir\u00e1 para llevar las riendas del pa\u00eds.<\/p>\n<p dir=\"ltr\">Si nos atenemos a la Cisneros nuevamente, f\u00e1cilmente podr\u00edamos decir que es un encargo del \u201cSistema\u201d&#8230; inolvidable tambi\u00e9n la amenaza, advertencia o aldabonazo de Yunes Linares cuando dijo que \u201char\u00eda temblar al pa\u00eds\u201d y si le agregamos que gracias a los se\u00f1alamientos que hizo contra Javier Duarte, el estigma se propag\u00f3 en todo el PRI (por supuesto, es una manera de absolverse de algunos pri\u00edstas), lo que pone en total descr\u00e9dito al otrora partidazo ante la sociedad al menos durante varios a\u00f1os\u2026<\/p>\n<p dir=\"ltr\">IV<\/p>\n<p dir=\"ltr\">Insisto: Hablo por hablar en estos casos\u2026<\/p>\n<p dir=\"ltr\">Ojal\u00e1 Eric Cisneros no incurra en lo que yo hago y si es evidente para \u00e9l ese \u201crobo despiadado\u201d, pues debe acudir ante la Fiscal\u00eda y as\u00ed, mata dos p\u00e1jaros de un tiro: porque denunciar\u00e1 al Gobernador de Veracruz y a la vez, pondr\u00e1 a prueba la \u00e9tica de la que tanto duda de Jorge Winckler\u2026 \u00a1ah! igual que en su momento lo hizo Yunes Linares con Duarte y Luis \u00c1ngel Bravo (los dos en la c\u00e1rcel) acompa\u00f1ado de dos cajas con elementos suficientes para sustentar la acusaci\u00f3n.<\/p>\n<p dir=\"ltr\">Si no, simplemente Eric Cisneros emular\u00e1 esa campa\u00f1a de odio que tanto se usa y que poco ayuda a una sociedad que busca que sus pol\u00edticos sean de hechos, de acciones, ejecutivos, y menos rollos\u2026 como el m\u00edo. Luego entonces, \u201ctres meses\u201d ser\u00e1 pan comido para un pol\u00edtico que durante m\u00e1s de dos sexenios aguant\u00f3 los embates del \u201cSistema\u201d en el poder para acabar siendo Gobernador\u2026 En Eric est\u00e1 la \u00faltima palabra.<\/p>\n<p>&nbsp;<\/p>\n<p dir=\"ltr\">smcainito@gmail.com<\/p>\n","protected":false},"excerpt":{"rendered":"<p>Salvador Mu\u00f1oz Los Pol\u00edticos El primer d\u00eda de campa\u00f1a por la Gubernatura de Veracruz, en abril de 2016, Miguel \u00c1ngel Yunes Linares inici\u00f3 presentando una denuncia contra el gobernador Javier Duarte de Ochoa y los que se acumularan. La historia ya la sabemos\u2026 hoy, \u201cmedio\u201d gabinete duartista \u201cempachado\u201d y Javier, cuyo caso fue atra\u00eddo por [&hellip;]<\/p>\n","protected":false},"author":2,"featured_media":0,"comment_status":"open","ping_status":"open","sticky":false,"template":"","format":"standard","meta":{"_jetpack_newsletter_access":"","_jetpack_dont_email_post_to_subs":false,"_jetpack_newsletter_tier_id":0,"_jetpack_memberships_contains_paywalled_content":false,"_jetpack_memberships_contains_paid_content":false,"footnotes":""},"categories":[70],"tags":[12299,12987,260,6869,428,135,2869,2646,715],"class_list":["post-45491","post","type-post","status-publish","format-standard","hentry","category-de-opinion","tag-eric-cisneros-burgos","tag-gubernatura-de-veracruz","tag-javier-duarte-de-ochoa","tag-jorge-winckler","tag-miguel-angel-yunes-linares","tag-orfis","tag-pgr","tag-salvador-munoz","tag-sedesol"],"jetpack_featured_media_url":"","jetpack_sharing_enabled":true,"jetpack_shortlink":"https:\/\/wp.me\/p4Qcd3-bPJ","_links":{"self":[{"href":"https:\/\/lospoliticosveracruz.com.mx\/index.php?rest_route=\/wp\/v2\/posts\/45491","targetHints":{"allow":["GET"]}}],"collection":[{"href":"https:\/\/lospoliticosveracruz.com.mx\/index.php?rest_route=\/wp\/v2\/posts"}],"about":[{"href":"https:\/\/lospoliticosveracruz.com.mx\/index.php?rest_route=\/wp\/v2\/types\/post"}],"author":[{"embeddable":true,"href":"https:\/\/lospoliticosveracruz.com.mx\/index.php?rest_route=\/wp\/v2\/users\/2"}],"replies":[{"embeddable":true,"href":"https:\/\/lospoliticosveracruz.com.mx\/index.php?rest_route=%2Fwp%2Fv2%2Fcomments&post=45491"}],"version-history":[{"count":2,"href":"https:\/\/lospoliticosveracruz.com.mx\/index.php?rest_route=\/wp\/v2\/posts\/45491\/revisions"}],"predecessor-version":[{"id":45494,"href":"https:\/\/lospoliticosveracruz.com.mx\/index.php?rest_route=\/wp\/v2\/posts\/45491\/revisions\/45494"}],"wp:attachment":[{"href":"https:\/\/lospoliticosveracruz.com.mx\/index.php?rest_route=%2Fwp%2Fv2%2Fmedia&parent=45491"}],"wp:term":[{"taxonomy":"category","embeddable":true,"href":"https:\/\/lospoliticosveracruz.com.mx\/index.php?rest_route=%2Fwp%2Fv2%2Fcategories&post=45491"},{"taxonomy":"post_tag","embeddable":true,"href":"https:\/\/lospoliticosveracruz.com.mx\/index.php?rest_route=%2Fwp%2Fv2%2Ftags&post=45491"}],"curies":[{"name":"wp","href":"https:\/\/api.w.org\/{rel}","templated":true}]}}