{"id":45937,"date":"2018-11-28T22:30:20","date_gmt":"2018-11-29T04:30:20","guid":{"rendered":"http:\/\/www.lospoliticosveracruz.com.mx\/?p=45937"},"modified":"2018-11-28T19:47:20","modified_gmt":"2018-11-29T01:47:20","slug":"el-lagarto-parado-y-el-lic-tarzan-boy","status":"publish","type":"post","link":"https:\/\/lospoliticosveracruz.com.mx\/?p=45937","title":{"rendered":"El Lagarto Parado y el Lic Tarzan Boy"},"content":{"rendered":"<p><strong>Salvador Mu\u00f1oz<\/strong><\/p>\n<p><em>Los Pol\u00edticos<\/em><\/p>\n<p>Muchas de las cosas que hacen los subordinados, no s\u00f3lo repercuten en su jefe, sino que se tiene la percepci\u00f3n que la autoridad es igual que el subordinado. Uno espera que no sea el caso del ya casi, ya merito, secretario de Gobierno Eric Cisneros Burgos, quien confiri\u00f3 a Rafael Castillo Zugasti, la confianza de estar en el equipo de transici\u00f3n, aunque todo indica que fue malentendida la encomienda al maltratar a la gente, pero si a ello se suma la ignorancia del asunto, todav\u00eda se complica m\u00e1s.<\/p>\n<p>&nbsp;<\/p>\n<p>Rafael es mejor conocido entre la flota de priistas con los que convivi\u00f3 en el puerto jarocho, como el Lagarto Parado, y cuando le\u00ed los comentarios al respecto, pens\u00e9 que era una actitud personal para con Castillo Zugasti, motivado quiz\u00e1s por ese dejo de rencor entre algunos pri\u00edstas que ven que un tipo que se benefici\u00f3 al lado de Juan Manuel del Castillo y Javier Duarte, haya abandonado la nave y ahora est\u00e1 en su Cuarta Transformaci\u00f3n&#8230; pero cuando me encuentro a algunos funcionarios y me dicen que aun sin tener vela en el entierro de la transici\u00f3n por ser Organismos P\u00fablicos Descentralizados, les est\u00e1n pidiendo que \u201cle entren a la entrega-recepci\u00f3n\u201d, la cosa cambia. A pesar de que le explicaron al Lagarto Parado la situaci\u00f3n legal, \u00e9ste se port\u00f3 grosero y les dijo que la Ley le val\u00eda&#8230; para no entrar en conflicto, le entregar\u00e1n informaci\u00f3n b\u00e1sica&#8230;<\/p>\n<p>&nbsp;<\/p>\n<p>\u00a1Ah! esto es con funcionarios&#8230; el asunto de la ausencia de sensibilidad pol\u00edtica de Castillo Zugasti, es que agarr\u00f3 parejo y lo mismo trata con el pie al empleado de confianza&#8230; \u00a1que al sindicalizado!<\/p>\n<p>&nbsp;<\/p>\n<p>En lo particular, extra\u00f1a, porque si hay algo que pudiera reconocer al pri\u00edsmo, es que la mayor\u00eda de sus militantes, en el papel de funcionarios, saben tratar a la gente, pero dije \u201cla mayor\u00eda\u201d&#8230; en una de \u00e9sas, Castillo Zugasti, haciendo honor al apodo que le endilgaron en el Puerto jarocho sus amigos pri\u00edstas, tenga la piel dura, como la de un Lagarto&#8230;<\/p>\n<p>&nbsp;<\/p>\n<p>Uno entiende el plan revanchista contra el sistema en el poder, pero Eric Cisneros Burgos debe entender que cuando se combate al monstruo, se corre el riesgo de convertirse en \u00e9l&#8230; o al menos eso le ocurri\u00f3 a su subordinado, que en lo particular, espero que su Jefe no sea ni remotamente cercano a lo que su empleado&#8230;<\/p>\n<p>&nbsp;<\/p>\n<p>Ah, y ya que tocamos el asunto de la Entrega-Recepci\u00f3n, va la de an\u00e9cdota:<\/p>\n<p>&nbsp;<\/p>\n<p>Llegan por la ma\u00f1ana, dos o tres muchachos a la Coordinaci\u00f3n de Comunicaci\u00f3n Social de Gobierno del Estado y piden a la secretaria que haga saber al administrativo que vienen por \u201cun oficio de Entrega-Recepci\u00f3n\u201d. La secretaria, v\u00eda telef\u00f3nica, comenta y a la vez, responde a los j\u00f3venes que se les ha de atender en breve, \u201csi gustan tomar asiento\u201d.<\/p>\n<p>&nbsp;<\/p>\n<p>La tarde lleg\u00f3&#8230; la gente entr\u00f3, sali\u00f3 y volvi\u00f3 a entrar&#8230; y los muchachos esperando&#8230; cuando oscureci\u00f3, se atrevieron a preguntar y fue entonces que amablemente se les inform\u00f3 que no pod\u00edan entregar \u201coficios de Entrega-Recepci\u00f3n\u201d. Todo el d\u00eda perdido&#8230; alguien les jug\u00f3 la novatada y no precisamente fue el \u00e1rea de la CGCS&#8230;<\/p>\n<p>&nbsp;<\/p>\n<p>Por otro lado, vimos que Zenyazen Escobar Garc\u00eda acaba de titularse como Licenciado en Ciencias de la Comunicaci\u00f3n en la Universidad de Sotavento, all\u00e1 en Coatzacoalcos, en esa escuela particular que encabeza Juan Manuel Rodr\u00edguez Caama\u00f1o, el mismo que trat\u00f3 con la punta del pie a Salvador Valencia Carmona, ex rector de la UV, investigador de la UNAM y ex alcalde de Xalapa, entre otros cargos&#8230;<\/p>\n<p>&nbsp;<\/p>\n<p>Cuando decimos que \u201call\u00e1 en Coatzacoalcos\u201d, es una suposici\u00f3n basada en que uno, como orizabe\u00f1o, pregunt\u00f3 y resulta que ni maestros ni alumnos recuerdan que un personaje como es Zenyazen Escobar haya estado en las aulas de la Universidad de Sotavento (Orizaba), luego entonces, supongo que entonces se titul\u00f3 en el sur del estado.<\/p>\n<p>&nbsp;<\/p>\n<p>Por cierto, cabe comentar que Zenyazen Escobar y una reportera estaban interesados hace un mes, no, menos, hace como dos, en sacar una carrera en la Universidad de Xalapa, pero parece que el plan de estudios no fue de su agrado o a su modo, pero qu\u00e9 tal, \u00a1ya es Licenciado Zenyazen! \u00bfSe acuerdan de la Universidad de San Luis?<\/p>\n<p>&nbsp;<\/p>\n<p>Y ya que citamos a la Universidad de Xalapa y Morenos, bien vale la pena resaltar que una de sus alumnas en el Sistema Abierto es Ana Miriam Ferr\u00e1ez, que a diferencia de su colega comunicadora y del hoy Comunicador Zenyazen, ella s\u00ed se est\u00e1 fletando al menos yendo a clases cada s\u00e1bado&#8230; hasta ahorita&#8230;<\/p>\n<p>&nbsp;<\/p>\n<p>Por cierto, Adriana Esther Mart\u00ednez S\u00e1nchez, presidenta de la comisi\u00f3n especial para el otorgamiento de la medalla y diploma \u201cAdolfo Ruiz Cortines\u201d de la LXV legislatura, recibi\u00f3 la propuesta de presidentes municipales, s\u00edndicas, ONGs, Asociaciones Pol\u00edticas, Empresarios, Medios de Comunicaci\u00f3n, Sacerdotes, Notarios, Magistrados, Jueces, Notarios P\u00fablicos, servidores p\u00fablicos, Catedr\u00e1ticos, investigadores y diversos colegios de profesionistas y Sindicatos varios, investigadores jur\u00eddicos de la UV, as\u00ed como la fundaci\u00f3n Ealy Ortiz, para que Carlos Garc\u00eda M\u00e9ndez sea merecedor de tan importante distinci\u00f3n\u00a0 por su empe\u00f1o de educador, fil\u00e1ntropo y empresario que tiene una gran visi\u00f3n social y ha impulsado a miles de j\u00f3venes y adultos en su formaci\u00f3n profesional en nivel superior y con ello ha transformado vidas enteras.. Agregar\u00eda al Doctor Garc\u00eda M\u00e9ndez su \u00e9tica y respeto a la actividad de los profesionistas que laboran en la Universidad de Xalapa, a diferencia de otras escuelas que se prestan para regalar t\u00edtulos&#8230;<\/p>\n<p>&nbsp;<\/p>\n<p><span style=\"font-weight: 400;\">smcainito@gmail.com<\/span><\/p>\n","protected":false},"excerpt":{"rendered":"<p>Salvador Mu\u00f1oz Los Pol\u00edticos Muchas de las cosas que hacen los subordinados, no s\u00f3lo repercuten en su jefe, sino que se tiene la percepci\u00f3n que la autoridad es igual que el subordinado. Uno espera que no sea el caso del ya casi, ya merito, secretario de Gobierno Eric Cisneros Burgos, quien confiri\u00f3 a Rafael Castillo [&hellip;]<\/p>\n","protected":false},"author":2,"featured_media":0,"comment_status":"open","ping_status":"open","sticky":false,"template":"","format":"standard","meta":{"_jetpack_newsletter_access":"","_jetpack_dont_email_post_to_subs":false,"_jetpack_newsletter_tier_id":0,"_jetpack_memberships_contains_paywalled_content":false,"_jetpack_memberships_contains_paid_content":false,"footnotes":""},"categories":[70],"tags":[13249,7408,7808,371,12299,13247,13246,13253,13248,7735,12372],"class_list":["post-45937","post","type-post","status-publish","format-standard","hentry","category-de-opinion","tag-adriana-esther-martinez-sanchez","tag-ana-miriam-ferraez","tag-carlos-garcia-mendez","tag-coatzacoalcos","tag-eric-cisneros-burgos","tag-juan-manuel-rodriguez-caamano","tag-lagarto-parado","tag-rafael-castillo-zugasti","tag-universidad-de-sotavento","tag-universidad-de-xalapa","tag-zenyazen-escobar-garcia"],"jetpack_featured_media_url":"","jetpack_sharing_enabled":true,"jetpack_shortlink":"https:\/\/wp.me\/p4Qcd3-bWV","_links":{"self":[{"href":"https:\/\/lospoliticosveracruz.com.mx\/index.php?rest_route=\/wp\/v2\/posts\/45937","targetHints":{"allow":["GET"]}}],"collection":[{"href":"https:\/\/lospoliticosveracruz.com.mx\/index.php?rest_route=\/wp\/v2\/posts"}],"about":[{"href":"https:\/\/lospoliticosveracruz.com.mx\/index.php?rest_route=\/wp\/v2\/types\/post"}],"author":[{"embeddable":true,"href":"https:\/\/lospoliticosveracruz.com.mx\/index.php?rest_route=\/wp\/v2\/users\/2"}],"replies":[{"embeddable":true,"href":"https:\/\/lospoliticosveracruz.com.mx\/index.php?rest_route=%2Fwp%2Fv2%2Fcomments&post=45937"}],"version-history":[{"count":3,"href":"https:\/\/lospoliticosveracruz.com.mx\/index.php?rest_route=\/wp\/v2\/posts\/45937\/revisions"}],"predecessor-version":[{"id":45945,"href":"https:\/\/lospoliticosveracruz.com.mx\/index.php?rest_route=\/wp\/v2\/posts\/45937\/revisions\/45945"}],"wp:attachment":[{"href":"https:\/\/lospoliticosveracruz.com.mx\/index.php?rest_route=%2Fwp%2Fv2%2Fmedia&parent=45937"}],"wp:term":[{"taxonomy":"category","embeddable":true,"href":"https:\/\/lospoliticosveracruz.com.mx\/index.php?rest_route=%2Fwp%2Fv2%2Fcategories&post=45937"},{"taxonomy":"post_tag","embeddable":true,"href":"https:\/\/lospoliticosveracruz.com.mx\/index.php?rest_route=%2Fwp%2Fv2%2Ftags&post=45937"}],"curies":[{"name":"wp","href":"https:\/\/api.w.org\/{rel}","templated":true}]}}