{"id":45946,"date":"2018-11-29T07:37:25","date_gmt":"2018-11-29T13:37:25","guid":{"rendered":"http:\/\/www.lospoliticosveracruz.com.mx\/?p=45946"},"modified":"2018-11-29T07:37:25","modified_gmt":"2018-11-29T13:37:25","slug":"se-lleva-veracruz-olimpiada-nacional-de-biologia","status":"publish","type":"post","link":"https:\/\/lospoliticosveracruz.com.mx\/?p=45946","title":{"rendered":"Se lleva Veracruz Olimpiada Nacional de Biolog\u00eda"},"content":{"rendered":"<p>El pasado 28 de noviembre se celebr\u00f3 la ceremonia de premiaci\u00f3n de la XXXVIII Olimpiada Nacional de Biolog\u00eda, organizada por la Academia Mexicana de Ciencias, con sede en Hermosillo, Sonora.<\/p>\n<p>Participaron 177 j\u00f3venes de nivel bachillerato de todo el pa\u00eds. La Delegaci\u00f3n de Veracruz estuvo integrada por seis j\u00f3venes, tres de Xalapa, dos de C\u00f3rdoba y uno del Puerto de Veracruz. La Delegaci\u00f3n de Veracruz, a cargo del doctor\u00a0Cuauht\u00e9moc Vel\u00e1zquez Licea, obtuvo medalla seis de seis, mismas que les dan oportunidad de participar en las eliminatorias de la fase internacional e iberoamericana a celebrarse en 2019, con sede en Hungr\u00eda, con la participaci\u00f3n de 140 pa\u00edses, as\u00ed como en el Iberoamericano a celebrarse en Bolivia.<\/p>\n<p>Tania Cruz S\u00e1nchez, Gustavo Alejandro Morlet Avil\u00e9s y Luis Fernando Hern\u00e1ndez Gonz\u00e1lez obtuvieron medallas de Oro, en tanto que Camila Ram\u00edrez Cu\u00e9llar, Valeria Moretto Altamirano y Ana Cristina G\u00f3mez Fragoso ganaron medallas de Bronce.<\/p>\n","protected":false},"excerpt":{"rendered":"<p>El pasado 28 de noviembre se celebr\u00f3 la ceremonia de premiaci\u00f3n de la XXXVIII Olimpiada Nacional de Biolog\u00eda, organizada por la Academia Mexicana de Ciencias, con sede en Hermosillo, Sonora. Participaron 177 j\u00f3venes de nivel bachillerato de todo el pa\u00eds. La Delegaci\u00f3n de Veracruz estuvo integrada por seis j\u00f3venes, tres de Xalapa, dos de C\u00f3rdoba [&hellip;]<\/p>\n","protected":false},"author":2,"featured_media":0,"comment_status":"open","ping_status":"open","sticky":false,"template":"","format":"standard","meta":{"_jetpack_newsletter_access":"","_jetpack_dont_email_post_to_subs":false,"_jetpack_newsletter_tier_id":0,"_jetpack_memberships_contains_paywalled_content":false,"_jetpack_memberships_contains_paid_content":false,"footnotes":""},"categories":[72],"tags":[13257,13261,751,13255,13259,6341,13256,13260,13254,2353,13258,195,96],"class_list":["post-45946","post","type-post","status-publish","format-standard","hentry","category-palomazos","tag-bolivia","tag-camila-ramirez-cuellar","tag-cordoba","tag-cuauhtemoc-velazquez-licea","tag-gustavo-alejandro-morlet-aviles","tag-hermosillo","tag-hungria","tag-luis-fernando-hernandez-gonzalez","tag-olimpiada-nacional-de-biologia","tag-sonora","tag-tania-cruz-sanchez","tag-veracruz","tag-xalapa"],"jetpack_featured_media_url":"","jetpack_sharing_enabled":true,"jetpack_shortlink":"https:\/\/wp.me\/p4Qcd3-bX4","_links":{"self":[{"href":"https:\/\/lospoliticosveracruz.com.mx\/index.php?rest_route=\/wp\/v2\/posts\/45946","targetHints":{"allow":["GET"]}}],"collection":[{"href":"https:\/\/lospoliticosveracruz.com.mx\/index.php?rest_route=\/wp\/v2\/posts"}],"about":[{"href":"https:\/\/lospoliticosveracruz.com.mx\/index.php?rest_route=\/wp\/v2\/types\/post"}],"author":[{"embeddable":true,"href":"https:\/\/lospoliticosveracruz.com.mx\/index.php?rest_route=\/wp\/v2\/users\/2"}],"replies":[{"embeddable":true,"href":"https:\/\/lospoliticosveracruz.com.mx\/index.php?rest_route=%2Fwp%2Fv2%2Fcomments&post=45946"}],"version-history":[{"count":1,"href":"https:\/\/lospoliticosveracruz.com.mx\/index.php?rest_route=\/wp\/v2\/posts\/45946\/revisions"}],"predecessor-version":[{"id":45948,"href":"https:\/\/lospoliticosveracruz.com.mx\/index.php?rest_route=\/wp\/v2\/posts\/45946\/revisions\/45948"}],"wp:attachment":[{"href":"https:\/\/lospoliticosveracruz.com.mx\/index.php?rest_route=%2Fwp%2Fv2%2Fmedia&parent=45946"}],"wp:term":[{"taxonomy":"category","embeddable":true,"href":"https:\/\/lospoliticosveracruz.com.mx\/index.php?rest_route=%2Fwp%2Fv2%2Fcategories&post=45946"},{"taxonomy":"post_tag","embeddable":true,"href":"https:\/\/lospoliticosveracruz.com.mx\/index.php?rest_route=%2Fwp%2Fv2%2Ftags&post=45946"}],"curies":[{"name":"wp","href":"https:\/\/api.w.org\/{rel}","templated":true}]}}