{"id":45955,"date":"2018-11-29T21:24:25","date_gmt":"2018-11-30T03:24:25","guid":{"rendered":"http:\/\/www.lospoliticosveracruz.com.mx\/?p=45955"},"modified":"2018-11-29T21:24:25","modified_gmt":"2018-11-30T03:24:25","slug":"a-dos-dias-de-la-cuarta-transformacion","status":"publish","type":"post","link":"https:\/\/lospoliticosveracruz.com.mx\/?p=45955","title":{"rendered":"A dos d\u00edas de la Cuarta Transformaci\u00f3n"},"content":{"rendered":"<p><strong>Avryl Castel\u00e1n<\/strong><\/p>\n<p>A 2 D\u00edas\u2026 de la tan nombrada\u00a0 4\u00aa transformaci\u00f3n\u2026 pero que significa esa tan mencionada transformaci\u00f3n en donde\u00a0plantean a los nuevos gobernantes como salvadores\u2026 (Pero a su vez nos van advirtiendo\u00a0 con frases: el gobierno no lo har\u00e1 todo&#8230; tenemos que participar\u2026 No hay presupuesto que alcance\u2026).<\/p>\n<p>Se justifican antes de tiempo por como dejaron los anteriores Gobernantes y tambi\u00e9n por la corrupci\u00f3n que existe desde hace much\u00edsimo tiempo.<\/p>\n<p>La verdad yo\u00a0como adolescente, estudiante de secundaria, espero mayor seguridad, que no tenga que estar cuidando mis espaldas y viendo qui\u00e9n se acerca o camina al lado m\u00edo; ver c\u00f3mo no dejan avanzar a gente en sus negocios o simplemente no import\u00e1ndoles sus Gobernados&#8230; espero que toda esa gente que delinque\u00a0 por hambre, por malicia o porque se les hace m\u00e1s f\u00e1cil, sea realmente observada\u2026 s\u00ed, que sea atendida \u00bfc\u00f3mo? haciendo programas, el Gobernante que entra dice vamos\u00a0a poner orden, \u00a0y como ejemplo: los impuestos, no puedes cobrarlos de igual a grupos e instituciones millonarias y a quien vende sus tortillitas para ir saliendo adelante, o aquel funcionario que va y se sienta atr\u00e1s de un escritorio a estructurar sus leyes o a ver estad\u00edsticas que otros han hecho mal y \u00e9l llega\u00a0 a\u00a0aplicar lo aprendido en el extranjero y por eso le deben pagar m\u00e1s.\u00a0Mejor que voltee y d\u00e9 trabajo y calidad de estudio\u00a0a todo aqu\u00e9l que\u00a0 quiere esforzarse, porque \u00a0las mejores becas\u00a0para mejores escuelas\u00a0o en el extranjero, son para los hijos de catedr\u00e1ticos, funcionarios y dem\u00e1s vivos que las conocen, no quienes realmente las merecen.<\/p>\n<p>En muchas ocasiones he escuchado a gente fresa o Hippies (pero ricos) decir que la gente\u00a0 no le echa ganas, pero las condiciones y oportunidades para los privilegiados por supuesto que hacen \u00a0diferencia\u00a0en la vida;\u00a0alguno que otro que con todo el esfuerzo y a veces una salpicadita de un apadrinamiento aprovechan\u00a0(pues los pobres que no le echan ganas son mediocres en camino\u00a0a ser delincuentes y los juniors\u00a0que no le echan ganas son superdotados que todo les aburre pero que sus papis\u00a0ya les tienen el camino\u00a0preparado y adornado para cuando ellos quieran).<\/p>\n<p>Pero ojal\u00e1 que en esta llamada Cuarta\u00a0Transformaci\u00f3n empiecen los gobiernos con m\u00e1s conciencia y empat\u00eda\u00a0no s\u00f3lo con consultas y desarrollos que s\u00f3lo beneficien\u00a0a ricos, que hagan desarrollos que\u00a0muevan y motiven al pa\u00eds.\u00a0Yo por ejemplo lo que tengo es por mi esfuerzo, pues hasta la Laptop en la que les escribo me la gan\u00e9 \u00a0en un concurso escribiendo.<\/p>\n<p>Estoy de acuerdo en que debemos\u00a0 de esforzarnos\u00a0y hacer las cosas bien \u00a0para ir mejorando, pero el Gobierno debe de hacer programas, no decir que no hay presupuestos y entonces s\u00ed hablar de transformaci\u00f3n\u2026 deben\u00a0 pasar de ser gobierno gusano\u00a0a gobierno mariposa, y que si\u00a0 vuelan sea para \u00a0que extiendan sus alas y vean a su alrededor al 85% o m\u00e1s que estamos del lado de los Gobernados y aterricen ideas y acciones por el bien de Mexicanos, no importando su etnia (pues los pueblos Ind\u00edgenas\u00a0 son alejados y borrados),\u00a0 su status social, sea Mujer u Hombre, no votantes, adolescentes y ni\u00f1os. Ahora que todo ser\u00e1 del mismo color\u00a0no habr\u00e1 pretexto de decir que alguien ti\u00f1\u00f3 de otro color lo que ya estaba haciendo.<\/p>\n<p>Gobernantes, sean conscientes y justos; y gobernados despierten, accionen correctamente y sigan el trabajo de sus gobernantes.<\/p>\n<p>Transformar es una acci\u00f3n de cambio\u2026 que sea bienvenido\u2026 mi pap\u00e1 me ha dicho que no ser\u00e1 de la noche a la ma\u00f1ana\u2026 pero yo s\u00ed espero empezar a respirarlo.<\/p>\n<p>&nbsp;<\/p>\n<p><em><strong>Avryl Castel\u00e1n Mart\u00ednez es la m\u00e1s joven de los colaboradores de \u201cLos Pol\u00edticos\u201d. A trav\u00e9s de sus cuentos y de su opini\u00f3n, esta adolescente de secundaria nos permite ver y conocer otra perspectiva de nuestra realidad, a veces tan empa\u00f1ada por tantos sucesos funestos. Avryl particip\u00f3 en el libro \u201cHistorias de ni\u00f1as extraordinarias\u201d editado con el apoyo del Instituto Municipal de las Mujeres de Xalapa.<\/strong><\/em><\/p>\n","protected":false},"excerpt":{"rendered":"<p>Avryl Castel\u00e1n A 2 D\u00edas\u2026 de la tan nombrada\u00a0 4\u00aa transformaci\u00f3n\u2026 pero que significa esa tan mencionada transformaci\u00f3n en donde\u00a0plantean a los nuevos gobernantes como salvadores\u2026 (Pero a su vez nos van advirtiendo\u00a0 con frases: el gobierno no lo har\u00e1 todo&#8230; tenemos que participar\u2026 No hay presupuesto que alcance\u2026). Se justifican antes de tiempo por [&hellip;]<\/p>\n","protected":false},"author":2,"featured_media":0,"comment_status":"open","ping_status":"open","sticky":false,"template":"","format":"standard","meta":{"_jetpack_newsletter_access":"","_jetpack_dont_email_post_to_subs":false,"_jetpack_newsletter_tier_id":0,"_jetpack_memberships_contains_paywalled_content":false,"_jetpack_memberships_contains_paid_content":false,"footnotes":""},"categories":[70],"tags":[12744],"class_list":["post-45955","post","type-post","status-publish","format-standard","hentry","category-de-opinion","tag-cuarta-transformacion"],"jetpack_featured_media_url":"","jetpack_sharing_enabled":true,"jetpack_shortlink":"https:\/\/wp.me\/p4Qcd3-bXd","_links":{"self":[{"href":"https:\/\/lospoliticosveracruz.com.mx\/index.php?rest_route=\/wp\/v2\/posts\/45955","targetHints":{"allow":["GET"]}}],"collection":[{"href":"https:\/\/lospoliticosveracruz.com.mx\/index.php?rest_route=\/wp\/v2\/posts"}],"about":[{"href":"https:\/\/lospoliticosveracruz.com.mx\/index.php?rest_route=\/wp\/v2\/types\/post"}],"author":[{"embeddable":true,"href":"https:\/\/lospoliticosveracruz.com.mx\/index.php?rest_route=\/wp\/v2\/users\/2"}],"replies":[{"embeddable":true,"href":"https:\/\/lospoliticosveracruz.com.mx\/index.php?rest_route=%2Fwp%2Fv2%2Fcomments&post=45955"}],"version-history":[{"count":1,"href":"https:\/\/lospoliticosveracruz.com.mx\/index.php?rest_route=\/wp\/v2\/posts\/45955\/revisions"}],"predecessor-version":[{"id":45957,"href":"https:\/\/lospoliticosveracruz.com.mx\/index.php?rest_route=\/wp\/v2\/posts\/45955\/revisions\/45957"}],"wp:attachment":[{"href":"https:\/\/lospoliticosveracruz.com.mx\/index.php?rest_route=%2Fwp%2Fv2%2Fmedia&parent=45955"}],"wp:term":[{"taxonomy":"category","embeddable":true,"href":"https:\/\/lospoliticosveracruz.com.mx\/index.php?rest_route=%2Fwp%2Fv2%2Fcategories&post=45955"},{"taxonomy":"post_tag","embeddable":true,"href":"https:\/\/lospoliticosveracruz.com.mx\/index.php?rest_route=%2Fwp%2Fv2%2Ftags&post=45955"}],"curies":[{"name":"wp","href":"https:\/\/api.w.org\/{rel}","templated":true}]}}