{"id":45990,"date":"2018-12-02T22:32:18","date_gmt":"2018-12-03T04:32:18","guid":{"rendered":"http:\/\/www.lospoliticosveracruz.com.mx\/?p=45990"},"modified":"2018-12-02T22:32:18","modified_gmt":"2018-12-03T04:32:18","slug":"inclusion-de-las-mujeres-y-derechos-humanos","status":"publish","type":"post","link":"https:\/\/lospoliticosveracruz.com.mx\/?p=45990","title":{"rendered":"Inclusi\u00f3n de las Mujeres y Derechos Humanos"},"content":{"rendered":"<p><strong>Brenda Caballero<\/strong><\/p>\n<p><em>N\u00fameros Rojos<\/em><\/p>\n<p>Lo primero que queremos ver los ciudadanos de nuestros gobernantes es que trabajen y si es en domingo, mejor, pues siempre se ha tenido la percepci\u00f3n de que la burocracia es floja y que solamente cobra sin mucho esfuerzo.<\/p>\n<p>En el sexenio de Javier Duarte de Ochoa las reuniones con el Grupo de Coordinaci\u00f3n Veracruz (integrado por los mandos del Ej\u00e9rcito Mexicano y la Marina Armada de M\u00e9xico, as\u00ed como el coordinador de la Polic\u00eda Federal, el Secretario de Seguridad P\u00fablica y el Fiscal General del Estado, con la intenci\u00f3n de garantizar la seguridad de los veracruzanos) se hac\u00edan espor\u00e1dicamente, o cada vez que suced\u00eda alguna desgracia impactante para el estado.<\/p>\n<p>Con el ex gobernador Miguel \u00c1ngel Yunes Linares todos los domingos hab\u00eda reuni\u00f3n del Grupo Coordinaci\u00f3n Veracruz. Siempre rend\u00edan informe y posterior, una rueda de prensa.<\/p>\n<p>Ahora con Cuitl\u00e1huac Garc\u00eda Jim\u00e9nez todo indica que habr\u00e1 cambios, pues el gobernador desaparece el Grupo de Coordinaci\u00f3n Veracruz\u00a0\u00a0e instala la Coordinaci\u00f3n Estatal de Construcci\u00f3n de la Paz en Veracruz.<\/p>\n<p>En principio pareciera solamente un cambio de nombre, sin embargo no es as\u00ed, ya que se est\u00e1 invitando a la Comisi\u00f3n Estatal de Derechos Humanos y al Instituto Veracruzano de las Mujeres.<\/p>\n<p>Esa acci\u00f3n es sin duda un acierto del gobernador, ya que en el caso del IVM es necesario dar seguimiento a los feminicidios y las alertas de g\u00e9nero en el estado.<\/p>\n<p>Al respecto, Yolanda Olivares P\u00e9rez destac\u00f3 la acci\u00f3n, pues mencion\u00f3 que se visibiliza la perspectiva de g\u00e9nero en el \u00e1mbito de la seguridad por las mujeres.<\/p>\n<p>En el caso de la Comisi\u00f3n Estatal de Derechos Humanos, tambi\u00e9n estuvo presente Namiko Matzumoto Ben\u00edtez,\u00a0\u00a0otro organismo que ya se esperaba fuera incluido y es de destacar que los derechos humanos cobren vital importancia en este gobierno.<\/p>\n<p>Sin duda, fue grato ver a Yolanda y Namiko en esta Coordinaci\u00f3n, pero m\u00e1s grato fue ver la inclusi\u00f3n de las mujeres y los derechos humanos.<\/p>\n<p>&nbsp;<\/p>\n<p><strong><em>La cadete en la toma de AMLO<\/em><\/strong><\/p>\n<p>Los memes en la toma de AMLO no pod\u00edan faltar, pero algo extra\u00f1o pas\u00f3: muchas miradas se fueron sobre el cadete Geovanni Liz\u00e1rraga, incluso el marido me dec\u00eda: \u00a1Eso es cosificaci\u00f3n! Pues hasta compartieron sus redes sociales invadiendo su privacidad.<\/p>\n<p>Ya que baj\u00f3 la euforia sobre su aspecto f\u00edsico se empez\u00f3 a mencionar a la joven cadete Cielo Gracia, quien pasa a la historia como la primera mujer que participa en la toma de posesi\u00f3n de un presidente. \u00a1Bien por el Ej\u00e9rcito Mexicano!<\/p>\n<p>&nbsp;<\/p>\n<p><strong><em>Garc\u00eda Filobello, al Ceigdh del Congreso<\/em><\/strong><\/p>\n<p>Gran revuelo causa el nombramiento de Elena como encargada de despacho del Centro de Estudios para la Igualdad de G\u00e9nero y los Derechos Humanos del Congreso del Estado. El argumento: No participaron las Comisiones Unidas de Igualdad de G\u00e9nero, Derechos Humanos y de Atenci\u00f3n a Grupos Vulnerables, adem\u00e1s de que no cumpli\u00f3 los requisitos para el nombramiento.<\/p>\n<p>En realidad, la molestia parece ser por su \u201corigen\u201d panista, porque en cuesti\u00f3n de trabajo, Mar\u00eda Elena ha estado haciendo gesti\u00f3n por las mujeres y luchando por su inclusi\u00f3n.<\/p>\n<p>Y volvemos a lo mismo \u00bfCu\u00e1ndo dejaremos de ver colores y pensar \u00fanicamente en el bienestar de las mujeres?<\/p>\n<p>Adem\u00e1s la designaron como encargada, y si no cumple alg\u00fan requisito, recordemos que lo de hoy es modificar la ley, como pas\u00f3 con la pr\u00f3xima titular del SAT o el titular del Fondo de la Cultura Econ\u00f3mica.<\/p>\n<p>&nbsp;<\/p>\n<p>@NumerosRojos_BC<\/p>\n<p><a href=\"mailto:caballero_brenda@hotmail.com\">caballero_brenda@hotmail.com<\/a><\/p>\n<p>&nbsp;<\/p>\n","protected":false},"excerpt":{"rendered":"<p>Brenda Caballero N\u00fameros Rojos Lo primero que queremos ver los ciudadanos de nuestros gobernantes es que trabajen y si es en domingo, mejor, pues siempre se ha tenido la percepci\u00f3n de que la burocracia es floja y que solamente cobra sin mucho esfuerzo. En el sexenio de Javier Duarte de Ochoa las reuniones con el [&hellip;]<\/p>\n","protected":false},"author":2,"featured_media":0,"comment_status":"open","ping_status":"open","sticky":false,"template":"","format":"standard","meta":{"_jetpack_newsletter_access":"","_jetpack_dont_email_post_to_subs":false,"_jetpack_newsletter_tier_id":0,"_jetpack_memberships_contains_paywalled_content":false,"_jetpack_memberships_contains_paid_content":false,"footnotes":""},"categories":[70],"tags":[1563,4430,6956,6587,260,428,4389],"class_list":["post-45990","post","type-post","status-publish","format-standard","hentry","category-de-opinion","tag-cuitlahuac-garcia-jimenez","tag-derechos-humanos","tag-grupo-de-coordinacion-veracruz","tag-instituto-veracruzano-de-las-mujeres","tag-javier-duarte-de-ochoa","tag-miguel-angel-yunes-linares","tag-namiko-matzumoto-benitez"],"jetpack_featured_media_url":"","jetpack_sharing_enabled":true,"jetpack_shortlink":"https:\/\/wp.me\/p4Qcd3-bXM","_links":{"self":[{"href":"https:\/\/lospoliticosveracruz.com.mx\/index.php?rest_route=\/wp\/v2\/posts\/45990","targetHints":{"allow":["GET"]}}],"collection":[{"href":"https:\/\/lospoliticosveracruz.com.mx\/index.php?rest_route=\/wp\/v2\/posts"}],"about":[{"href":"https:\/\/lospoliticosveracruz.com.mx\/index.php?rest_route=\/wp\/v2\/types\/post"}],"author":[{"embeddable":true,"href":"https:\/\/lospoliticosveracruz.com.mx\/index.php?rest_route=\/wp\/v2\/users\/2"}],"replies":[{"embeddable":true,"href":"https:\/\/lospoliticosveracruz.com.mx\/index.php?rest_route=%2Fwp%2Fv2%2Fcomments&post=45990"}],"version-history":[{"count":1,"href":"https:\/\/lospoliticosveracruz.com.mx\/index.php?rest_route=\/wp\/v2\/posts\/45990\/revisions"}],"predecessor-version":[{"id":45992,"href":"https:\/\/lospoliticosveracruz.com.mx\/index.php?rest_route=\/wp\/v2\/posts\/45990\/revisions\/45992"}],"wp:attachment":[{"href":"https:\/\/lospoliticosveracruz.com.mx\/index.php?rest_route=%2Fwp%2Fv2%2Fmedia&parent=45990"}],"wp:term":[{"taxonomy":"category","embeddable":true,"href":"https:\/\/lospoliticosveracruz.com.mx\/index.php?rest_route=%2Fwp%2Fv2%2Fcategories&post=45990"},{"taxonomy":"post_tag","embeddable":true,"href":"https:\/\/lospoliticosveracruz.com.mx\/index.php?rest_route=%2Fwp%2Fv2%2Ftags&post=45990"}],"curies":[{"name":"wp","href":"https:\/\/api.w.org\/{rel}","templated":true}]}}