{"id":46042,"date":"2018-12-05T21:34:55","date_gmt":"2018-12-06T03:34:55","guid":{"rendered":"http:\/\/www.lospoliticosveracruz.com.mx\/?p=46042"},"modified":"2018-12-05T22:12:23","modified_gmt":"2018-12-06T04:12:23","slug":"dispensa-de-ley-la-puerta-abierta-a-hugo-gutierrez","status":"publish","type":"post","link":"https:\/\/lospoliticosveracruz.com.mx\/?p=46042","title":{"rendered":"Dispensa de Ley, la puerta abierta a Hugo Guti\u00e9rrez"},"content":{"rendered":"<p>Para quienes esgrimen el Art\u00edculo 11 de la Constituci\u00f3n Pol\u00edtica del Estado de Veracruz, para decir que el titular de Seguridad P\u00fablica, Hugo Guti\u00e9rrez Maldonado no es veracruzano y por lo tanto no puede ocupar tal cargo, en una primera instancia, se les concede la raz\u00f3n pero es m\u00e1s preciso el Art\u00edculo 7 de la Ley Org\u00e1nica del Poder Ejecutivo que reza en su fracci\u00f3n I que \u201cpara ser titular de cualesquiera de las dependencias o entidades de la Administraci\u00f3n P\u00fablica del Estado se requiere:<\/p>\n<ol>\n<li>Ser veracruzano, en t\u00e9rminos de lo dispuesto por el art\u00edculo 11 de la Constituci\u00f3n Pol\u00edtica del Estado\u201d. El art\u00edculo 11 nom\u00e1s dice: Son veracruzanos los nacidos en el territorio del Estado; y los hijos de padre o madre nativos del Estado, nacidos en el territorio nacional o en el extranjero.<\/li>\n<\/ol>\n<p>Se insiste, se le pudiera dar la raz\u00f3n a quienes ya ven feo al regio Guti\u00e9rrez Maldonado, salvo por un ligero detalle\u2026 La Dispensa de Ley.<\/p>\n<p>Esta forma legal le ha permitido a varios ciudadanos que no cubren el Art\u00edculo 7 de la Ley Org\u00e1nica del Poder Ejecutivo (ok, y tambi\u00e9n el 11 de la Constituci\u00f3n local), asumir cargos como fue el caso de Guillermo Rivera (+) quien fuera titular de Sefiplan en el gobierno de Patricio Chirinos, pero nacido en el entonces Distrito Federal o la Ciudad de M\u00e9xico\u2026 no se recuerda con precisi\u00f3n.<\/p>\n<p>Pero no vayamos lejos\u2026 ahora que es tema de moda, Arturo Berm\u00fadez Zurita, el nueve de julio del 2011, el Congreso local aplicaba en \u00e9l esta figura. \u00a1Y por unanimidad!<\/p>\n<p>En este caso, Hugo Guti\u00e9rrez Maldonado debe fungir como encargado de despacho hasta que el gobernador no solicite la Dispensa de Ley, recordando que el Art\u00edculo 49, le concede atribuciones como solicitar a la Diputaci\u00f3n Permanente que convoque al Congreso a sesiones extraordinarias, expresando el objeto de ellas as\u00ed como nombrar y remover libremente a los servidores p\u00fablicos de la administraci\u00f3n p\u00fablica&#8230;<\/p>\n<p>Para solicitar la Dispensa de Ley, el Gobernador deber\u00e1 dar los argumentos necesarios para que se d\u00e9 tal, aunque igual vale la pena citar que entre las atribuciones del Congreso local est\u00e1 la de conceder dispensas de ley por razones de utilidad p\u00fablica\u2026<\/p>\n<p>Luego entonces, con el nombramiento del titular de Seguridad P\u00fablica, \u00a1Calmantes montes, p\u00e1jaros cantantes, alicantes pintos! Vayamos con la dispensa.<\/p>\n<p>&nbsp;<\/p>\n","protected":false},"excerpt":{"rendered":"<p>Para quienes esgrimen el Art\u00edculo 11 de la Constituci\u00f3n Pol\u00edtica del Estado de Veracruz, para decir que el titular de Seguridad P\u00fablica, Hugo Guti\u00e9rrez Maldonado no es veracruzano y por lo tanto no puede ocupar tal cargo, en una primera instancia, se les concede la raz\u00f3n pero es m\u00e1s preciso el Art\u00edculo 7 de la [&hellip;]<\/p>\n","protected":false},"author":2,"featured_media":0,"comment_status":"open","ping_status":"open","sticky":false,"template":"","format":"standard","meta":{"_jetpack_newsletter_access":"","_jetpack_dont_email_post_to_subs":false,"_jetpack_newsletter_tier_id":0,"_jetpack_memberships_contains_paywalled_content":false,"_jetpack_memberships_contains_paid_content":false,"footnotes":""},"categories":[72],"tags":[10366,13322,13303,177],"class_list":["post-46042","post","type-post","status-publish","format-standard","hentry","category-palomazos","tag-constitucion-politica-del-estado-de-veracruz","tag-dispensa-de-ley","tag-hugo-gutierrez-maldonado","tag-seguridad-publica"],"jetpack_featured_media_url":"","jetpack_sharing_enabled":true,"jetpack_shortlink":"https:\/\/wp.me\/p4Qcd3-bYC","_links":{"self":[{"href":"https:\/\/lospoliticosveracruz.com.mx\/index.php?rest_route=\/wp\/v2\/posts\/46042","targetHints":{"allow":["GET"]}}],"collection":[{"href":"https:\/\/lospoliticosveracruz.com.mx\/index.php?rest_route=\/wp\/v2\/posts"}],"about":[{"href":"https:\/\/lospoliticosveracruz.com.mx\/index.php?rest_route=\/wp\/v2\/types\/post"}],"author":[{"embeddable":true,"href":"https:\/\/lospoliticosveracruz.com.mx\/index.php?rest_route=\/wp\/v2\/users\/2"}],"replies":[{"embeddable":true,"href":"https:\/\/lospoliticosveracruz.com.mx\/index.php?rest_route=%2Fwp%2Fv2%2Fcomments&post=46042"}],"version-history":[{"count":2,"href":"https:\/\/lospoliticosveracruz.com.mx\/index.php?rest_route=\/wp\/v2\/posts\/46042\/revisions"}],"predecessor-version":[{"id":46046,"href":"https:\/\/lospoliticosveracruz.com.mx\/index.php?rest_route=\/wp\/v2\/posts\/46042\/revisions\/46046"}],"wp:attachment":[{"href":"https:\/\/lospoliticosveracruz.com.mx\/index.php?rest_route=%2Fwp%2Fv2%2Fmedia&parent=46042"}],"wp:term":[{"taxonomy":"category","embeddable":true,"href":"https:\/\/lospoliticosveracruz.com.mx\/index.php?rest_route=%2Fwp%2Fv2%2Fcategories&post=46042"},{"taxonomy":"post_tag","embeddable":true,"href":"https:\/\/lospoliticosveracruz.com.mx\/index.php?rest_route=%2Fwp%2Fv2%2Ftags&post=46042"}],"curies":[{"name":"wp","href":"https:\/\/api.w.org\/{rel}","templated":true}]}}