{"id":46087,"date":"2018-12-09T00:05:23","date_gmt":"2018-12-09T06:05:23","guid":{"rendered":"http:\/\/www.lospoliticosveracruz.com.mx\/?p=46087"},"modified":"2018-12-09T00:05:23","modified_gmt":"2018-12-09T06:05:23","slug":"oro-a-veracruz","status":"publish","type":"post","link":"https:\/\/lospoliticosveracruz.com.mx\/?p=46087","title":{"rendered":"Oro a Veracruz"},"content":{"rendered":"<p><strong>Salvador Mu\u00f1oz<\/strong><\/p>\n<p style=\"text-align: justify;\"><em>Los Pol\u00edticos<\/em><\/p>\n<p><span style=\"font-weight: 400;\">\u00a1Sabadaba dice Cuic! y estando en Coatepec, saboreando un rico caf\u00e9 de la zona con galletas de Xico, me llega la noticia: Veracruz se lleva la corbata de Oro por encima de Estados Unidos y Panam\u00e1.<\/span><\/p>\n<p><span style=\"font-weight: 400;\">S\u00ed, Veracruz, as\u00ed se llama el Campe\u00f3n de Am\u00e9rica del Norte en esta competencia entre criadores de Beefmaster que se celebr\u00f3 en Estados Unidos, y claro, si se llama Veracruz es porque es de esta entidad y hasta est\u00e1 de m\u00e1s decir de qui\u00e9n es\u2026 es propiedad de Las Perlas Beefmaster, que en buen cristiano quiero decir: Juan Carlos Molina Palacios.<\/span><\/p>\n<p><span style=\"font-weight: 400;\">Por supuesto, para quienes s\u00f3lo conocemos de \u201cganado\u201d por lo que cae en nuestro bolsillo, Veracruz es de raza Beefmaster, la que resiste las condiciones clim\u00e1ticas variadas y uno como xalape\u00f1o piensa que podr\u00eda adaptarse a la capital jarocha con suma facilidad; dicen que es resistente a las garrapatas y es de buen tama\u00f1o y musculoso, adem\u00e1s de que es un excelente productor l\u00e1cteo\u2026 si el Pueblo es sabio, lo es m\u00e1s Google\u2026 lo m\u00e1s cerca que puedo estar de un toro, una vaca, ternera o buey, es si est\u00e1 servido en mi plato.<\/span><\/p>\n<p><span style=\"font-weight: 400;\">Independientemente de que Juan Carlos Molina vuelve a destacar con su ganado campe\u00f3n ahora en corte internacional, el asunto est\u00e1 en las condiciones adversas en que se coron\u00f3 Veracruz.<\/span><\/p>\n<p><span style=\"font-weight: 400;\">Cuando uno ve la publicaci\u00f3n donde por 10 puntos le dan el Oro a M\u00e9xico y la plata a Estados Unidos con la misma cantidad, uno se pregunta: \u00bfpor qu\u00e9 no consideraron el empate?<\/span><\/p>\n<p><span style=\"font-weight: 400;\">El asunto fue el criterio que los organizadores dieron para \u201cromper el desempate\u201d entre M\u00e9xico y Estados Unidos: \u00a1eliminaron la calificaci\u00f3n de un juez mexicano!<\/span><\/p>\n<p><span style=\"font-weight: 400;\">Resulta que el Juez azteca Rafael Ram\u00edrez, al votar, lo hace a favor de Estados Unidos y deje a un lado lo que uno pudiera llamar como \u201cmalinchista\u201d, pero los organizadores vieron conflicto de intereses en la decisi\u00f3n del juez mexicano al saber que en nuestro pa\u00eds, dicho juez es parte de la competencia del rancho Las Perlas\u2026<\/span><\/p>\n<p><span style=\"font-weight: 400;\">Afortunadamente pes\u00f3 el criterio de los organizadores sobre una decisi\u00f3n desleal y M\u00e9xico y Veracruz, por doble, vuelven a ser noticia para bien, a nivel internacional\u2026<\/span><\/p>\n<p style=\"text-align: justify;\">\n<p style=\"text-align: justify;\"><a href=\"http:\/\/www.lospoliticosveracruz.com.mx\/wp-content\/uploads\/2018\/12\/Brenda.jpeg\"><img loading=\"lazy\" decoding=\"async\" class=\"aligncenter size-full wp-image-46089\" src=\"http:\/\/www.lospoliticosveracruz.com.mx\/wp-content\/uploads\/2018\/12\/Brenda.jpeg\" alt=\"Brenda\" width=\"600\" height=\"400\" \/><\/a><\/p>\n<p><b>DDHH y Equidad de G\u00e9nero<\/b><\/p>\n<p><span style=\"font-weight: 400;\">Acompa\u00f1\u00e9 a Brenda Caballero, la Mujer, al conversatorio que tuvo sobre Derechos Humanos y Equidad de G\u00e9nero, organizado por Reconstruyendo Juntos Acciones por M\u00e9xico, a trav\u00e9s del Comit\u00e9 de la Contralor\u00eda Ciudadana Coatepec donde igual estuvieron las periodistas Naldy Rodr\u00edguez, Montserrat Quevedo y Evangelina Rizzo. All\u00ed cada una de ellas expuso la realidad que viven en el d\u00eda a d\u00eda en la tarea de informar. Si bien cada exposici\u00f3n tiene lo suyo, en lo particular me gust\u00f3 la participaci\u00f3n del p\u00fablico presente, y han de perdonar que no ponga sus nombres, es que s\u00f3lo me grab\u00e9 sus ideas.<\/span><\/p>\n<p><span style=\"font-weight: 400;\">Un abogado pidi\u00f3 que los colectivos feministas as\u00ed como otro tipo de organizaciones, pugnen porque de nuevo se d\u00e9 civismo en las escuelas p\u00fablicas, como una forma de recuperar valores.<\/span><\/p>\n<p><span style=\"font-weight: 400;\">Una maestra casi llora, cuando expuso que si bien las mujeres son v\u00edctimas de diversos abusos, a la tercera edad igual se le vulneran sus derechos y muchas veces, esto es provocado por los mismos familiares\u2026<\/span><\/p>\n<p><span style=\"font-weight: 400;\">La doctora Roge, de Juntas Venciendo\u00a0al C\u00e1ncer (Juvecan) plante\u00f3 una terrible situaci\u00f3n cuando esposos y hasta hijos conocen que la esposa o la madre es diagnosticada con c\u00e1ncer: \u00a1la abandonan! Las razones son variadas aunque la recurrente, por pensar en el gasto a realizar para el tratamiento contra esta enfermedad.<\/span><\/p>\n<div id=\"attachment_46090\" style=\"width: 610px\" class=\"wp-caption aligncenter\"><a href=\"http:\/\/www.lospoliticosveracruz.com.mx\/wp-content\/uploads\/2018\/12\/Pilar.jpg\"><img loading=\"lazy\" decoding=\"async\" aria-describedby=\"caption-attachment-46090\" class=\"size-full wp-image-46090\" src=\"http:\/\/www.lospoliticosveracruz.com.mx\/wp-content\/uploads\/2018\/12\/Pilar.jpg\" alt=\"Xalapa, 07 de diciembre de 2018.- Este viernes, la trabajadora de Radio Televisi\u00f3n de Veracruz (RTV), Mar\u00eda del Pilar Ram\u00edrez, acudi\u00f3 a Palacio de Gobierno a solicitar audiencia con el gobernador de Veracruz, Cuitl\u00e1huac Garc\u00eda Jim\u00e9nez, y con el secretario de gobierno, Eric Cisneros Burgos, para solicitar una recomendaci\u00f3n. Explic\u00f3 que, no se trata de una recomendaci\u00f3n de trabajo, lo que quiere es una recomendaci\u00f3n para echar abajo el nombramiento de Ariel Ortiz como subdirector de deportes de radio y televisi\u00f3n de Veracruz. \/FOTOJAROCHA.COM\/ Polo Rivera\" width=\"600\" height=\"401\" \/><\/a><p id=\"caption-attachment-46090\" class=\"wp-caption-text\">FOTO\u00a0\/\u00a0Polo Rivera<\/p><\/div>\n<p><b>RTV: La otra cara de Pilar<\/b><\/p>\n<p><span style=\"font-weight: 400;\">Trabajadores de RTV me mandan la siguiente precisi\u00f3n: \u201cLa se\u00f1ora (Mar\u00eda del Pilar Ram\u00edrez Morales) se queja de Ariel (Ortiz, l\u00edder del sindicato), y ella se avent\u00f3 seis a\u00f1os sin ir a trabajar y cumplir con su trabajo por estar \u2018comisionada al sindicato\u2019, ya que el l\u00edder sindical de aquellas \u00e9pocas era su amigo; se le pagaba el celular con las cuotas sindicales y extra\u00f1amente los fondos de ahorros de los trabajadores se divid\u00eda en dos cuentas bancarias, y s\u00f3lo te daban lo de una. La se\u00f1ora lleva a\u00f1o y medio \u2018incapacitada\u2019 y s\u00f3lo cobra su salario sin realizar trabajo alguno. Ser\u00eda bueno que los reporteros que cubrieron la nota, digan si se ve tan mal como para no ir a trabajar y estar incapacitada&#8230; de verdad esta se\u00f1ora no tiene verg\u00fcenza\u201d.<\/span><\/p>\n<p><span style=\"font-weight: 400;\">Lo que me mandaron al correo, igual fue externado a mi whatsapp por otras dos fuentes\u2026 \u00a1servidos!<\/span><\/p>\n<p><span style=\"font-weight: 400;\">PD Y del reportero que se qued\u00f3 con los trajes, \u00a1result\u00f3 toda una fichita! Imaginen que hasta una funcionaria de la administraci\u00f3n pasada se quej\u00f3 por el comportamiento del protegido de la administraci\u00f3n anterior de RTV.<\/span><\/p>\n<p><span style=\"font-weight: 400;\">PD2 Que Mar\u00eda Jos\u00e9 Baxin dista mucho a ser la profesional que en columna anterior plasm\u00e9\u2026 cuando me contaron la historia sencillamente me qued\u00e9 fr\u00edo.<\/span><\/p>\n<p style=\"text-align: justify;\">\n<p><span style=\"font-weight: 400;\">smcainito@gmail.com<\/span><\/p>\n<p style=\"text-align: justify;\">\n","protected":false},"excerpt":{"rendered":"<p>Salvador Mu\u00f1oz Los Pol\u00edticos \u00a1Sabadaba dice Cuic! y estando en Coatepec, saboreando un rico caf\u00e9 de la zona con galletas de Xico, me llega la noticia: Veracruz se lleva la corbata de Oro por encima de Estados Unidos y Panam\u00e1. S\u00ed, Veracruz, as\u00ed se llama el Campe\u00f3n de Am\u00e9rica del Norte en esta competencia entre [&hellip;]<\/p>\n","protected":false},"author":2,"featured_media":0,"comment_status":"open","ping_status":"open","sticky":false,"template":"","format":"standard","meta":{"_jetpack_newsletter_access":"","_jetpack_dont_email_post_to_subs":false,"_jetpack_newsletter_tier_id":0,"_jetpack_memberships_contains_paywalled_content":false,"_jetpack_memberships_contains_paid_content":false,"footnotes":""},"categories":[70],"tags":[6641,2687,277,13354,123,13163,3256,9325,6046,12992,13335,13353,5281,729,13352,647,195,784],"class_list":["post-46087","post","type-post","status-publish","format-standard","hentry","category-de-opinion","tag-beefmaster","tag-brenda-caballero","tag-coatepec","tag-contraloria-ciudadana-coatepec","tag-estados-unidos","tag-evangelina-rizzo","tag-juan-carlos-molina-palacios","tag-juntas-venciendo-al-cancer","tag-juvecan","tag-las-perlas-beefmaster","tag-maria-del-pilar-ramirez-morales","tag-montserrat-quevedo","tag-naldy-rodriguez","tag-panama","tag-rafael-ramirez","tag-rtv","tag-veracruz","tag-xico"],"jetpack_featured_media_url":"","jetpack_sharing_enabled":true,"jetpack_shortlink":"https:\/\/wp.me\/p4Qcd3-bZl","_links":{"self":[{"href":"https:\/\/lospoliticosveracruz.com.mx\/index.php?rest_route=\/wp\/v2\/posts\/46087","targetHints":{"allow":["GET"]}}],"collection":[{"href":"https:\/\/lospoliticosveracruz.com.mx\/index.php?rest_route=\/wp\/v2\/posts"}],"about":[{"href":"https:\/\/lospoliticosveracruz.com.mx\/index.php?rest_route=\/wp\/v2\/types\/post"}],"author":[{"embeddable":true,"href":"https:\/\/lospoliticosveracruz.com.mx\/index.php?rest_route=\/wp\/v2\/users\/2"}],"replies":[{"embeddable":true,"href":"https:\/\/lospoliticosveracruz.com.mx\/index.php?rest_route=%2Fwp%2Fv2%2Fcomments&post=46087"}],"version-history":[{"count":1,"href":"https:\/\/lospoliticosveracruz.com.mx\/index.php?rest_route=\/wp\/v2\/posts\/46087\/revisions"}],"predecessor-version":[{"id":46091,"href":"https:\/\/lospoliticosveracruz.com.mx\/index.php?rest_route=\/wp\/v2\/posts\/46087\/revisions\/46091"}],"wp:attachment":[{"href":"https:\/\/lospoliticosveracruz.com.mx\/index.php?rest_route=%2Fwp%2Fv2%2Fmedia&parent=46087"}],"wp:term":[{"taxonomy":"category","embeddable":true,"href":"https:\/\/lospoliticosveracruz.com.mx\/index.php?rest_route=%2Fwp%2Fv2%2Fcategories&post=46087"},{"taxonomy":"post_tag","embeddable":true,"href":"https:\/\/lospoliticosveracruz.com.mx\/index.php?rest_route=%2Fwp%2Fv2%2Ftags&post=46087"}],"curies":[{"name":"wp","href":"https:\/\/api.w.org\/{rel}","templated":true}]}}