{"id":46095,"date":"2018-12-09T22:47:32","date_gmt":"2018-12-10T04:47:32","guid":{"rendered":"http:\/\/www.lospoliticosveracruz.com.mx\/?p=46095"},"modified":"2018-12-09T22:47:32","modified_gmt":"2018-12-10T04:47:32","slug":"ivan-joseph-y-sus-pipiolos","status":"publish","type":"post","link":"https:\/\/lospoliticosveracruz.com.mx\/?p=46095","title":{"rendered":"Iv\u00e1n Joseph y sus pipiolos"},"content":{"rendered":"<p><strong>Salvador Mu\u00f1oz<\/strong><\/p>\n<p><em>Los Pol\u00edticos<\/em><\/p>\n<p><span style=\"font-weight: 400;\">Iv\u00e1n Joseph Luna, coordinador de Comunicaci\u00f3n Social de Gobierno del Estado, paga el precio de la novatez, cuando \u00e9l mismo difunde las fotos de un infante y de personas heridas tras un ataque perpetrado a un grupo de migrantes all\u00e1 en el sur del Estado, cuando esto atenta contra los derechos de las v\u00edctimas, por decir lo m\u00e1s.<\/span><\/p>\n<p><span style=\"font-weight: 400;\">Hubo tambi\u00e9n quienes tomaron el tiempo que se tard\u00f3 en responder si iba a mandar comunicado con respecto a este ataque dentro del grupo de Whatsapp de Prensa\u2026 esto fue cerca de las 14:30 horas del \u201csabadaba\u201d&#8230; cinco horas despu\u00e9s, es decir, cerca de las 19:21 horas, el coordinador respond\u00eda:<\/span><\/p>\n<p><span style=\"font-weight: 400;\">\u201cEsto es lo que coment\u00f3 el Gobernador sobre el tema del ataque a los migrantes.<\/span><\/p>\n<p><span style=\"font-weight: 400;\">El gobernador ya gir\u00f3 instrucciones para que se atienda la situaci\u00f3n del ataque a migrantes, se va a trasladar personal de SEGOB y se investiga lo sucedido; en Veracruz los migrantes ser\u00e1n asistidos para que sean respetados sus derechos humanos\u201d.<\/span><\/p>\n<p><span style=\"font-weight: 400;\">S\u00ed, para muchos, en un mundo donde la informaci\u00f3n es constante, al instante, inmediata, las cinco horas que el Gobierno del Estado tarda en responder, nos podr\u00eda estar hablando del espejismo del control, es decir, pareciera que en Veracruz el control del poder es una ilusi\u00f3n. Conste, espejismo no tiene nada que ver con \u201ces-pejismo\u201d&#8230; parece pero en este caso, no se trata de eso.<\/span><\/p>\n<p><span style=\"font-weight: 400;\">S\u00f3lo imagine el lector ese lapso, esas cinco horas, ante un hecho tan lamentable, poder armar un comentario, el mensaje de 40 palabras aproximadamente que da el Gobernador a trav\u00e9s de su Coordinaci\u00f3n de Comunicaci\u00f3n Social.<\/span><\/p>\n<p><span style=\"font-weight: 400;\">No, no se trata de joder a Iv\u00e1n Joseph Luna, al contrario\u2026 es comprensible\u2026 es comprensible cuando entra a las grandes ligas y todos, de un modo u otro, pagamos el precio de la novatez\u2026 todos, de un modo u otro, cuando asumimos un cargo, por muy peque\u00f1o o alto que sea, cometemos deslices, errores, yerros&#8230;<\/span><\/p>\n<p><span style=\"font-weight: 400;\">El asunto es cuando viejos lobos de la Comunicaci\u00f3n Social, quienes en campa\u00f1a arroparon el morenismo, se le van al cuello al biso\u00f1o Coordinador. \u00a1Vamos! A esta edad, m\u00e1s que rumiar sus corajes por los resbalones de Iv\u00e1n Joseph, por qu\u00e9 no ofrecerse a echarle la mano si realmente quieren hacer realidad la Cuarta Transformaci\u00f3n en lugar de arrimarle la Cuarta.<\/span><\/p>\n<p><span style=\"font-weight: 400;\">Un dato m\u00e1s a destacar del equipo que acompa\u00f1a a Iv\u00e1n Joseph Luna: un n\u00famero importante es joven, apenas egresados de la carrera, que si se revisa sus palmar\u00e9s acad\u00e9micos o hasta su historial escolar, puede dejar mucho que desear\u2026 pero quien es joven, reci\u00e9n salidito de la escuela, de la universidad, sabe lo dif\u00edcil que es conseguir un trabajo y si el Coordinador de Comunicaci\u00f3n Social les da una oportunidad, se espera que tanto el Fateca y el Pichi la aprovechen.<\/span><\/p>\n<p><span style=\"font-weight: 400;\">\u00bfHistorial escolar? Ah, es que me contaron alumnos y ex alumnos de la universidad donde estuvieron algunos de los nuevos colaboradores del titular de la CGCS, que a uno lo chisparon por hacerla de \u201cDiller\u201d&#8230; pues la verdad, uno que fue joven, espera que ahora que este colaborador que entra a las grandes ligas, deje de ser \u201cminorista\u201d y pase al \u201cmayoreo\u201d pero de informaci\u00f3n y que esas cinco horas que se ocuparon para armar un comentario de 40 palabras, se vayan reduciendo para estar acorde a los tiempos de una informaci\u00f3n que demanda ser constante, instante, inmediata\u2026 al menos en lo que respecta a las respuestas del Gobernador\u2026<\/span><\/p>\n<p><span style=\"font-weight: 400;\">Buena suerte a Iv\u00e1n Joseph Luna y a su pipiolo equipo. Sugerencia: No estar\u00eda de m\u00e1s echar un ojo a los \u201cManueles\u201d, el de Para Atenci\u00f3n a V\u00edctimas con Perspectiva Period\u00edstica y el De Comunicaci\u00f3n Social Con Perspectiva de G\u00e9nero reci\u00e9n presentado por el Gobierno del Estado el pasado 28 de diciembre.<\/span><\/p>\n<p>&nbsp;<\/p>\n<p><b>El primo del Gato Modorro<\/b><\/p>\n<p><span style=\"font-weight: 400;\">Ahora que se da la rescisi\u00f3n de contratos, despidos, cortes y dem\u00e1s con el cambio de Gobierno, nos han contado historias de personas que no entienden el porqu\u00e9 fueron corridas, o lo contrario, de otras, a las que no entienden el porqu\u00e9 no las corren. En la subsecretar\u00eda de Gobierno hablan de un primo de Ricardo Landa Cano, el famoso Gato Modorro, de nombre V\u00edctor Hugo Cano Sangabriel, a quien se\u00f1alan que lleva a\u00f1os sin trabajar pero cobrando religiosamente sus quincenas. Bueno, quiz\u00e1s sea porque recibe incapacidades por 6 meses de parte del IMSS, pues ha dicho a sus jefes que padece pie diab\u00e9tico, \u201cpero lo ves caminar muy bien, bueno dicen que hasta maneja\u201d&#8230; Al final, el caso del primo del Gato Modorro lo tendr\u00e1n que analizar tanto las autoridades de Gobierno del Estado as\u00ed como los doctores del IMSS y ver sus condiciones para laborar que son las que ponen en duda sus propios compa\u00f1eros, porque su salud para cobrar, est\u00e1 perfecta.<\/span><\/p>\n<p>&nbsp;<\/p>\n<p><span style=\"font-weight: 400;\">smcainito@gmail.com<\/span><\/p>\n<p>&nbsp;<\/p>\n","protected":false},"excerpt":{"rendered":"<p>Salvador Mu\u00f1oz Los Pol\u00edticos Iv\u00e1n Joseph Luna, coordinador de Comunicaci\u00f3n Social de Gobierno del Estado, paga el precio de la novatez, cuando \u00e9l mismo difunde las fotos de un infante y de personas heridas tras un ataque perpetrado a un grupo de migrantes all\u00e1 en el sur del Estado, cuando esto atenta contra los derechos [&hellip;]<\/p>\n","protected":false},"author":2,"featured_media":0,"comment_status":"open","ping_status":"open","sticky":false,"template":"","format":"standard","meta":{"_jetpack_newsletter_access":"","_jetpack_dont_email_post_to_subs":false,"_jetpack_newsletter_tier_id":0,"_jetpack_memberships_contains_paywalled_content":false,"_jetpack_memberships_contains_paid_content":false,"footnotes":""},"categories":[70],"tags":[13357,1208,13358,431],"class_list":["post-46095","post","type-post","status-publish","format-standard","hentry","category-de-opinion","tag-comunicacion-social-de-gobierno-del-estado","tag-imss","tag-ivan-joseph-luna","tag-ricardo-landa-cano"],"jetpack_featured_media_url":"","jetpack_sharing_enabled":true,"jetpack_shortlink":"https:\/\/wp.me\/p4Qcd3-bZt","_links":{"self":[{"href":"https:\/\/lospoliticosveracruz.com.mx\/index.php?rest_route=\/wp\/v2\/posts\/46095","targetHints":{"allow":["GET"]}}],"collection":[{"href":"https:\/\/lospoliticosveracruz.com.mx\/index.php?rest_route=\/wp\/v2\/posts"}],"about":[{"href":"https:\/\/lospoliticosveracruz.com.mx\/index.php?rest_route=\/wp\/v2\/types\/post"}],"author":[{"embeddable":true,"href":"https:\/\/lospoliticosveracruz.com.mx\/index.php?rest_route=\/wp\/v2\/users\/2"}],"replies":[{"embeddable":true,"href":"https:\/\/lospoliticosveracruz.com.mx\/index.php?rest_route=%2Fwp%2Fv2%2Fcomments&post=46095"}],"version-history":[{"count":1,"href":"https:\/\/lospoliticosveracruz.com.mx\/index.php?rest_route=\/wp\/v2\/posts\/46095\/revisions"}],"predecessor-version":[{"id":46097,"href":"https:\/\/lospoliticosveracruz.com.mx\/index.php?rest_route=\/wp\/v2\/posts\/46095\/revisions\/46097"}],"wp:attachment":[{"href":"https:\/\/lospoliticosveracruz.com.mx\/index.php?rest_route=%2Fwp%2Fv2%2Fmedia&parent=46095"}],"wp:term":[{"taxonomy":"category","embeddable":true,"href":"https:\/\/lospoliticosveracruz.com.mx\/index.php?rest_route=%2Fwp%2Fv2%2Fcategories&post=46095"},{"taxonomy":"post_tag","embeddable":true,"href":"https:\/\/lospoliticosveracruz.com.mx\/index.php?rest_route=%2Fwp%2Fv2%2Ftags&post=46095"}],"curies":[{"name":"wp","href":"https:\/\/api.w.org\/{rel}","templated":true}]}}