{"id":46098,"date":"2018-12-09T22:38:35","date_gmt":"2018-12-10T04:38:35","guid":{"rendered":"http:\/\/www.lospoliticosveracruz.com.mx\/?p=46098"},"modified":"2018-12-09T22:38:35","modified_gmt":"2018-12-10T04:38:35","slug":"feminicidios","status":"publish","type":"post","link":"https:\/\/lospoliticosveracruz.com.mx\/?p=46098","title":{"rendered":"Feminicidios"},"content":{"rendered":"<p>&nbsp;<\/p>\n<p><strong>Brenda Caballero<\/strong><\/p>\n<p><em>N\u00fameros Rojos<\/em><\/p>\n<p>\u00a1Me preocupan mucho los feminicidios que se est\u00e1n incrementando! Fueron las palabras de un asistente al Conversatorio sobre Equidad de G\u00e9nero y Derechos Humanos dentro del Primer Foro Ciudadano por los Derechos Humanos que organiz\u00f3 la Universidad de Xalapa en coordinaci\u00f3n con la Asociaci\u00f3n Reconstruyendo Juntos Acciones por M\u00e9xico y la Contralor\u00eda Ciudadana Coatepec que se llev\u00f3 a cabo este pasado s\u00e1bado en la Casa de Cultura del municipio cafetalero.<\/p>\n<p>Es verdad, es m\u00e1s que preocupante el incremento de feminicidios en el pa\u00eds y en el estado.<\/p>\n<p>En Veracruz no ha sido posible su disminuci\u00f3n a pesar de las dos alertas de violencia de g\u00e9nero contra las Mujeres, pues siguen los feminicidios en aumento. Esa es la angustia del esposo y padre de una hija.<\/p>\n<p>Hace precisamente una semana reconoc\u00eda como un gran acierto que el gobernador Cuitl\u00e1huac Garc\u00eda Jim\u00e9nez hubiera instalado la Coordinaci\u00f3n Estatal de Construcci\u00f3n de la Paz en Veracruz y que convocara adem\u00e1s de los mandos de Ej\u00e9rcito Mexicano, la Marina Armada de M\u00e9xico, el coordinador de la Polic\u00eda Federal, el Secretario de Seguridad y al Fiscal General del Estado, a las titulares de la Comisi\u00f3n Estatal de Derechos Humanos Namiko Matzumoto Ben\u00edtez y a Yolanda Olivares P\u00e9rez, del Instituto Veracruzano de las Mujeres, pues se ve\u00eda la inclusi\u00f3n de organismos relevantes por lo que representan. Adem\u00e1s, el acierto era doble pues este grupo sesionar\u00eda todos los d\u00edas a las 8 de la ma\u00f1ana.<\/p>\n<p>A nueve d\u00edas de esas reuniones, no he escuchado acciones que se est\u00e9n llevando a cabo para la prevenci\u00f3n de la inseguridad o seguimiento a los feminicidios. Y mire que busqu\u00e9 en la p\u00e1gina oficial de gobierno del Estado, en google y nada.<\/p>\n<p>Y en medio de esa b\u00fasqueda, el encabezado del portal Los Editores.com me preocup\u00f3 m\u00e1s: \u201cCada 30 horas es asesinada de forma violenta una mujer en el gobierno de Cuitl\u00e1huac\u201d. Seg\u00fan la nota, desde la toma de protesta del gobernador se registra casi 40 asesinatos entre enfrentamientos, ejecuciones, feminicidios y ataques directos. Contin\u00faa diciendo que a casi nueve d\u00edas, cada 30 horas una mujer ha sido asesinada de acuerdo a informaci\u00f3n de notas period\u00edsticas y fuentes abiertas.<\/p>\n<p>Y por si algo nos faltara: el s\u00e1bado fue asesinada una mujer guatemalteca, por lo que ayer a medio d\u00eda, la Comisi\u00f3n Nacional de Derechos Humanos, mediante un tuit, condenaba la agresi\u00f3n en el Sur de Veracruz contra los migrantes, en el que por desgracia muri\u00f3 una mujer y tres personas m\u00e1s resultaron heridas, entre ellas un ni\u00f1o de tres a\u00f1os. Adem\u00e1s, la CNDH demanda una investigaci\u00f3n exhaustiva y las medidas correspondientes para que estos acontecimientos no se repitan.<\/p>\n<p>Al tuit nacional, el gobernador contest\u00f3 con otro tuit, en referencia a que condenaba el ataque y que atender\u00eda la demanda de la Comisi\u00f3n Nacional para que la instancia investigadora realizara su trabajo y encontrara a los culpables.<\/p>\n<p>Por desgracia, seguimos tan polarizados que los comentarios de usuarios al tuit del gobernador eran que atendiera a los veracruzanos y despu\u00e9s el asunto de los migrantes.<\/p>\n<p>Desde mi punto de vista, es urgente que los veracruzanos vean acciones y resultados en materia de seguridad, pues de lo contrario la polarizaci\u00f3n se incrementar\u00e1 a\u00fan m\u00e1s hacia el gobierno del estado y no precisamente en el titular de Seguridad P\u00fablica, que no le hemos visto pronunciamiento alguno, sino en la persona de Cuitl\u00e1huac Garc\u00eda.<\/p>\n<p>Ojal\u00e1 pronto escuchemos las acciones de la Coordinaci\u00f3n Estatal de Construcci\u00f3n de la Paz en Veracruz, pues hasta el momento no tiene voz alguna.<\/p>\n<p>&nbsp;<\/p>\n<p>@NumerosRojos_BC<\/p>\n<p>&nbsp;<\/p>\n<p><a href=\"mailto:caballero_brenda@hotmail.com\">caballero_brenda@hotmail.com<\/a><\/p>\n","protected":false},"excerpt":{"rendered":"<p>&nbsp; Brenda Caballero N\u00fameros Rojos \u00a1Me preocupan mucho los feminicidios que se est\u00e1n incrementando! Fueron las palabras de un asistente al Conversatorio sobre Equidad de G\u00e9nero y Derechos Humanos dentro del Primer Foro Ciudadano por los Derechos Humanos que organiz\u00f3 la Universidad de Xalapa en coordinaci\u00f3n con la Asociaci\u00f3n Reconstruyendo Juntos Acciones por M\u00e9xico y [&hellip;]<\/p>\n","protected":false},"author":2,"featured_media":0,"comment_status":"open","ping_status":"open","sticky":false,"template":"","format":"standard","meta":{"_jetpack_newsletter_access":"","_jetpack_dont_email_post_to_subs":false,"_jetpack_newsletter_tier_id":0,"_jetpack_memberships_contains_paywalled_content":false,"_jetpack_memberships_contains_paid_content":false,"footnotes":""},"categories":[70],"tags":[13354,13360,10617,826,13361,13362,7735,195],"class_list":["post-46098","post","type-post","status-publish","format-standard","hentry","category-de-opinion","tag-contraloria-ciudadana-coatepec","tag-conversatorio-sobre-equidad-de-genero-y-derechos-humanos","tag-cuitlahuac-garcia-jimeez","tag-feminicidios","tag-foro-ciudadano-por-los-derechos-humanos","tag-reconstruyendo-juntos-acciones-por-mexico","tag-universidad-de-xalapa","tag-veracruz"],"jetpack_featured_media_url":"","jetpack_sharing_enabled":true,"jetpack_shortlink":"https:\/\/wp.me\/p4Qcd3-bZw","_links":{"self":[{"href":"https:\/\/lospoliticosveracruz.com.mx\/index.php?rest_route=\/wp\/v2\/posts\/46098","targetHints":{"allow":["GET"]}}],"collection":[{"href":"https:\/\/lospoliticosveracruz.com.mx\/index.php?rest_route=\/wp\/v2\/posts"}],"about":[{"href":"https:\/\/lospoliticosveracruz.com.mx\/index.php?rest_route=\/wp\/v2\/types\/post"}],"author":[{"embeddable":true,"href":"https:\/\/lospoliticosveracruz.com.mx\/index.php?rest_route=\/wp\/v2\/users\/2"}],"replies":[{"embeddable":true,"href":"https:\/\/lospoliticosveracruz.com.mx\/index.php?rest_route=%2Fwp%2Fv2%2Fcomments&post=46098"}],"version-history":[{"count":2,"href":"https:\/\/lospoliticosveracruz.com.mx\/index.php?rest_route=\/wp\/v2\/posts\/46098\/revisions"}],"predecessor-version":[{"id":46101,"href":"https:\/\/lospoliticosveracruz.com.mx\/index.php?rest_route=\/wp\/v2\/posts\/46098\/revisions\/46101"}],"wp:attachment":[{"href":"https:\/\/lospoliticosveracruz.com.mx\/index.php?rest_route=%2Fwp%2Fv2%2Fmedia&parent=46098"}],"wp:term":[{"taxonomy":"category","embeddable":true,"href":"https:\/\/lospoliticosveracruz.com.mx\/index.php?rest_route=%2Fwp%2Fv2%2Fcategories&post=46098"},{"taxonomy":"post_tag","embeddable":true,"href":"https:\/\/lospoliticosveracruz.com.mx\/index.php?rest_route=%2Fwp%2Fv2%2Ftags&post=46098"}],"curies":[{"name":"wp","href":"https:\/\/api.w.org\/{rel}","templated":true}]}}