{"id":46108,"date":"2018-12-10T21:03:24","date_gmt":"2018-12-11T03:03:24","guid":{"rendered":"http:\/\/www.lospoliticosveracruz.com.mx\/?p=46108"},"modified":"2018-12-10T21:03:24","modified_gmt":"2018-12-11T03:03:24","slug":"se-la-compro-soraya","status":"publish","type":"post","link":"https:\/\/lospoliticosveracruz.com.mx\/?p=46108","title":{"rendered":"\u00a1Se la compr\u00f3 Soraya!"},"content":{"rendered":"<p>El asunto de los despidos contin\u00faa y es seguro que se mantenga hasta a finales de diciembre. Historias de todos colores hay\u2026 pero no nos hab\u00edamos topado con la que nos contaron de \u201cJudas\u201d, es decir, quien vende a sus compa\u00f1eros para salvar el pellejo.<\/p>\n<p>La joven Soraya Prado Rivera (24 a\u00f1os) ya comenz\u00f3 a correr gente \u201casesorada\u201d o \u201cinfluenciada\u00bb por Lul\u00fa Guerrero, quien \u201cle est\u00e1 poniendo el dedo\u201d a conveniencia a los empleados del Coespo\u2026 con esos compa\u00f1eros, para qu\u00e9 quieren enemigos.<\/p>\n","protected":false},"excerpt":{"rendered":"<p>El asunto de los despidos contin\u00faa y es seguro que se mantenga hasta a finales de diciembre. Historias de todos colores hay\u2026 pero no nos hab\u00edamos topado con la que nos contaron de \u201cJudas\u201d, es decir, quien vende a sus compa\u00f1eros para salvar el pellejo. La joven Soraya Prado Rivera (24 a\u00f1os) ya comenz\u00f3 a [&hellip;]<\/p>\n","protected":false},"author":2,"featured_media":0,"comment_status":"open","ping_status":"open","sticky":false,"template":"","format":"standard","meta":{"_jetpack_newsletter_access":"","_jetpack_dont_email_post_to_subs":false,"_jetpack_newsletter_tier_id":0,"_jetpack_memberships_contains_paywalled_content":false,"_jetpack_memberships_contains_paid_content":false,"footnotes":""},"categories":[74],"tags":[13372,13373,13374],"class_list":["post-46108","post","type-post","status-publish","format-standard","hentry","category-lavadero","tag-coespo","tag-lulu-guerrero","tag-soraya-prado-rivera"],"jetpack_featured_media_url":"","jetpack_sharing_enabled":true,"jetpack_shortlink":"https:\/\/wp.me\/p4Qcd3-bZG","_links":{"self":[{"href":"https:\/\/lospoliticosveracruz.com.mx\/index.php?rest_route=\/wp\/v2\/posts\/46108","targetHints":{"allow":["GET"]}}],"collection":[{"href":"https:\/\/lospoliticosveracruz.com.mx\/index.php?rest_route=\/wp\/v2\/posts"}],"about":[{"href":"https:\/\/lospoliticosveracruz.com.mx\/index.php?rest_route=\/wp\/v2\/types\/post"}],"author":[{"embeddable":true,"href":"https:\/\/lospoliticosveracruz.com.mx\/index.php?rest_route=\/wp\/v2\/users\/2"}],"replies":[{"embeddable":true,"href":"https:\/\/lospoliticosveracruz.com.mx\/index.php?rest_route=%2Fwp%2Fv2%2Fcomments&post=46108"}],"version-history":[{"count":1,"href":"https:\/\/lospoliticosveracruz.com.mx\/index.php?rest_route=\/wp\/v2\/posts\/46108\/revisions"}],"predecessor-version":[{"id":46111,"href":"https:\/\/lospoliticosveracruz.com.mx\/index.php?rest_route=\/wp\/v2\/posts\/46108\/revisions\/46111"}],"wp:attachment":[{"href":"https:\/\/lospoliticosveracruz.com.mx\/index.php?rest_route=%2Fwp%2Fv2%2Fmedia&parent=46108"}],"wp:term":[{"taxonomy":"category","embeddable":true,"href":"https:\/\/lospoliticosveracruz.com.mx\/index.php?rest_route=%2Fwp%2Fv2%2Fcategories&post=46108"},{"taxonomy":"post_tag","embeddable":true,"href":"https:\/\/lospoliticosveracruz.com.mx\/index.php?rest_route=%2Fwp%2Fv2%2Ftags&post=46108"}],"curies":[{"name":"wp","href":"https:\/\/api.w.org\/{rel}","templated":true}]}}