{"id":46214,"date":"2018-12-22T12:00:59","date_gmt":"2018-12-22T18:00:59","guid":{"rendered":"http:\/\/www.lospoliticosveracruz.com.mx\/?p=46214"},"modified":"2018-12-22T12:00:59","modified_gmt":"2018-12-22T18:00:59","slug":"cuando-un-referendum-no-basta","status":"publish","type":"post","link":"https:\/\/lospoliticosveracruz.com.mx\/?p=46214","title":{"rendered":"Cuando un refer\u00e9ndum no basta"},"content":{"rendered":"<p class=\"s3\"><b>Felipe<\/b> <b>de<\/b> <b>Jes\u00fas<\/b> <b>Fern\u00e1ndez<\/b> <b>Basilio<\/b><\/p>\n<p class=\"s4\"><span class=\"s2\"><span class=\"bumpedFont15\"><i>Desde<\/i> <i>a<\/i> Janela<\/span><\/span><\/p>\n<p class=\"s4\"><span class=\"s2\"><span class=\"bumpedFont15\">Una de las principales banderas de un populista demagogo es organizar consultas a la poblaci\u00f3n en general o referenda<\/span><\/span><span class=\"s2\"><span class=\"bumpedFont15\">, la cual es la forma correcta de designar al plural de refer\u00e9ndum,<\/span><\/span><span class=\"s2\"><span class=\"bumpedFont15\"> para as\u00ed justificar sus decisiones argu<\/span><\/span><span class=\"s2\"><span class=\"bumpedFont15\">yendo<\/span><\/span><span class=\"s2\"><span class=\"bumpedFont15\"> que la mayor\u00eda del pueblo las apoya<\/span><\/span><span class=\"s2\"><span class=\"bumpedFont15\"> o simplemente para hacer saber al mundo que su pueblo lo ama.<\/span><\/span><\/p>\n<p class=\"s4\"><span class=\"s2\"><span class=\"bumpedFont15\">Mas hay veces que estos referenda simplemente dejan de funcionar, ya sea porque se abusa de su uso o porque quien los promueve ya tiene un gran desgaste social e incluso por ambas causas juntas<\/span><\/span><span class=\"s2\"><span class=\"bumpedFont15\">.<\/span><\/span><\/p>\n<p class=\"s4\"><span class=\"s2\"><span class=\"bumpedFont15\">Siendo ese el caso del Presidente Evo Morales de Bolivia, quien <\/span><\/span><span class=\"s2\"><span class=\"bumpedFont15\">busca la reelecci\u00f3n para un cuarto mandato de cinco a\u00f1os al<\/span><\/span><span class=\"s2\"><span class=\"bumpedFont15\"> frente del gobierno de su pa\u00eds, siendo <\/span><\/span><span class=\"s2\"><span class=\"bumpedFont15\">rechazada su pretensi\u00f3n de obtener la candidatura por parte del pueblo boliviano<\/span><\/span><span class=\"s2\"><span class=\"bumpedFont15\"> mediante un refer\u00e9ndum que convoc\u00f3 para el efecto<\/span><\/span><span class=\"s2\"><span class=\"bumpedFont15\"> y no conforme con esa decisi\u00f3n <\/span><\/span><span class=\"s2\"><span class=\"bumpedFont15\">ha hecho todo<\/span><\/span><span class=\"s2\"><span class=\"bumpedFont15\"> lo necesario<\/span><\/span><span class=\"s2\"><span class=\"bumpedFont15\"> para<\/span><\/span><span class=\"s2\"><span class=\"bumpedFont15\"> ignorarla<\/span><\/span><span class=\"s2\"><span class=\"bumpedFont15\"> y as\u00ed cumplir su capricho<\/span><\/span><span class=\"s2\"><span class=\"bumpedFont15\">.<\/span><\/span><\/p>\n<p class=\"s4\"><span class=\"s2\"><span class=\"bumpedFont15\">Veamos los hechos: Evo Morales lleg\u00f3 a la Presidencia de Bolivia<\/span><\/span><span class=\"s2\"><span class=\"bumpedFont15\"> en el 2006 como producto de una elecci\u00f3n democr\u00e1tica en la que se present\u00f3 como el candidato que representaba a los marginados, a los ind\u00edgenas que son mayor\u00eda en el pa\u00eds, tambi\u00e9n prometi\u00f3 acabar con la corrupci<\/span><\/span><span class=\"s2\"><span class=\"bumpedFont15\">\u00f3n y la desigualdad en el pa\u00eds<\/span><\/span><span class=\"s2\"><span class=\"bumpedFont15\">; siendo este su segundo intento para ser electo presidente, ya que hab\u00eda perdido la elecci\u00f3n anterior<\/span><\/span><span class=\"s2\"><span class=\"bumpedFont15\">.<\/span><\/span><\/p>\n<p class=\"s4\"><span class=\"s2\"><span class=\"bumpedFont15\">A<\/span><\/span><span class=\"s2\"><span class=\"bumpedFont15\">nte la end\u00e9mica pobreza boliviana, Bolivia es el segundo pa\u00eds m\u00e1s pobre de Am\u00e9rica Latina, as\u00ed como<\/span><\/span><span class=\"s2\"><span class=\"bumpedFont15\"> el hartazgo provocado por<\/span><\/span><span class=\"s2\"><span class=\"bumpedFont15\"> la corrupci\u00f3n imperante<\/span><\/span> <span class=\"s2\"><span class=\"bumpedFont15\">en ese pa\u00eds y las muchas desigualdades sociales, Morales gan\u00f3 con facilidad su prime<\/span><\/span><span class=\"s2\"><span class=\"bumpedFont15\">r<\/span><\/span> <span class=\"s2\"><span class=\"bumpedFont15\">mandato<\/span><\/span> <span class=\"s2\"><span class=\"bumpedFont15\">obteniendo cerca del 54% de los votos y ya en el poder se dedic\u00f3 a cumplir promesas de campa\u00f1a como reducirse en m\u00e1s de la mitad el salario, as\u00ed como obligar a que todos los servidores p\u00fablicos ganaran un salario menor al suyo y se someti\u00f3 a un refer\u00e9ndum revocatorio que gan\u00f3 en 2008 para posteriormente buscar su principal objetivo que era el hacer una nueva constituci\u00f3n.<\/span><\/span><\/p>\n<p class=\"s4\"><span class=\"s2\"><span class=\"bumpedFont15\">P<\/span><\/span><span class=\"s2\"><span class=\"bumpedFont15\">or<\/span><\/span><span class=\"s2\"><span class=\"bumpedFont15\"> lo que en 2009 convoca a la elecci\u00f3n de una Asamblea Constituyente<\/span><\/span><span class=\"s2\"><span class=\"bumpedFont15\">, misma que entre mucha pol\u00e9mica elabora y promulga la nueva constituci\u00f3n, la que aparte de limitar las autonom\u00edas regionales permite al Presidente ejercer el mandato por dos ocasiones y vali\u00e9ndose de una interpretaci\u00f3n singular de esa disposici\u00f3n en la que se dice que lo anterior no cuenta porque se trata de una nueva constituci\u00f3n, Morales se presenta a las elecciones de 2009 y 2014<\/span><\/span><span class=\"s2\"><span class=\"bumpedFont15\">, mismas que gana con mayor\u00eda <\/span><\/span><span class=\"s2\"><span class=\"bumpedFont15\">de 64% y 61% respectivamente y<\/span><\/span><span class=\"s2\"><span class=\"bumpedFont15\"> con las qu<\/span><\/span><span class=\"s2\"><span class=\"bumpedFont15\">e agota sus dos mandatos constitucionales.<\/span><\/span><\/p>\n<p class=\"s4\"><span class=\"s2\"><span class=\"bumpedFont15\">A<\/span><\/span><span class=\"s2\"><span class=\"bumpedFont15\">l<\/span><\/span><span class=\"s2\"><span class=\"bumpedFont15\"> acerca<\/span><\/span><span class=\"s2\"><span class=\"bumpedFont15\">rse<\/span><\/span><span class=\"s2\"><span class=\"bumpedFont15\"> el final de su \u00faltimo mandato<\/span><\/span><span class=\"s2\"><span class=\"bumpedFont15\"> y con el deseo expreso de perpetuarse en el poder,<\/span><\/span><span class=\"s2\"><span class=\"bumpedFont15\"> Evo Morales\u00a0<\/span><\/span><span class=\"s2\"><span class=\"bumpedFont15\">desconoci\u00f3 a su propia constituci\u00f3n y recurri\u00f3 a su instrumento favorito para saltarse las leyes, es decir el refer\u00e9ndum para preguntarle al pueblo soberano si era su deseo reformar la constituci\u00f3n para que se pueda postular para otro mandato y por ello se hizo la consulta el 21 de febrero de 2016, misma en la que en contra de todos los pron\u00f3sticos el NO se impuso, con lo cual en apariencia se cancel\u00f3 la posibilidad de ver a Evo en las boletas electorales<\/span><\/span><span class=\"s2\"><span class=\"bumpedFont15\"> en las pr\u00f3ximas elecciones presidenciales de Bolivia.<\/span><\/span><\/p>\n<p class=\"s4\"><span class=\"s2\"><span class=\"bumpedFont15\">Solo que hay una peque\u00f1a cuesti\u00f3n y esta es que<\/span><\/span> <span class=\"s2\"><span class=\"bumpedFont15\">se trata nada m\u00e1s y nada menos que de Evo Morales, el gran reformador de Bolivia, el mismo que fuera ungido al iniciar su mandato en una vistosa ceremonia como el <\/span><\/span><span class=\"s5\"><span class=\"bumpedFont15\">\u201cApu Maliku<\/span><\/span><a name=\"_GoBack\"><\/a><span class=\"s5\"><span class=\"bumpedFont15\">\u201d<\/span><\/span><span class=\"s2\"><span class=\"bumpedFont15\"> o l\u00edder supremo de los pueblos andinos en la que recibi\u00f3 el reconocimiento de diversos pueblos ind\u00edgenas de Am\u00e9rica y que adem\u00e1s es uno de los l\u00edderes del llamado socialismo del siglo XXI y por lo tanto la cosa no se pod\u00eda quedar as\u00ed.<\/span><\/span><\/p>\n<p class=\"s4\"><span class=\"s2\"><span class=\"bumpedFont15\">Por ello apa<\/span><\/span><span class=\"s2\"><span class=\"bumpedFont15\">r<\/span><\/span><span class=\"s2\"><span class=\"bumpedFont15\">te de desconocer el resultado del refer\u00e9ndum, diciendo que \u00e9ste se debi\u00f3 a que previamente se hab\u00edan publicado noticias falsas acerca de t<\/span><\/span><span class=\"s2\"><span class=\"bumpedFont15\">r\u00e1fico de influencias en el que presuntamente Evo<\/span><\/span><span class=\"s2\"><span class=\"bumpedFont15\">particip\u00f3<\/span><\/span><span class=\"s2\"><span class=\"bumpedFont15\">.<\/span><\/span> <span class=\"s2\"><span class=\"bumpedFont15\">El presidente <\/span><\/span><span class=\"s2\"><span class=\"bumpedFont15\">recurri\u00f3 al Tribunal <\/span><\/span><span class=\"s2\"><span class=\"bumpedFont15\">Constitucional<\/span><\/span><span class=\"s2\"><span class=\"bumpedFont15\"> de su pa\u00eds quej\u00e1ndose de que seg\u00fan la Convenci\u00f3n Americana existe un derecho del presidente a ser elegido y del pueblo a elegirlo y que este derecho es humano y por lo mismo est\u00e1 por encima de cualquier legislaci\u00f3n, incluso la que \u00e9l mismo hizo.<\/span><\/span><\/p>\n<p class=\"s4\"><span class=\"s2\"><span class=\"bumpedFont15\">Por supuesto<\/span><\/span><span class=\"s2\"><span class=\"bumpedFont15\"> que el Tribunal Constitucional de Bolivia que es tan independiente e imparcial como los de cualquier pa\u00eds que tienen al socialismo del siglo XXI como su r\u00e9gimen, resolvi\u00f3 que en efecto dicho derecho humano es superior a cualquier tr\u00e1mite constitucional y por tanto Evo morales estar\u00e1 en las boletas electorales de las pr\u00f3ximas elecciones bolivianas, aunque sea por fuera de la ley.<\/span><\/span><\/p>\n<p class=\"s4\"><span class=\"s2\"><span class=\"bumpedFont15\">Y en efecto, resulta que cuando a un l\u00edder populista su herramienta favorita el refer\u00e9ndum<\/span><\/span><span class=\"s2\"><span class=\"bumpedFont15\"> o consulta que se hace al \u201cpueblo soberano\u201d no basta para lograr el fin anhelado, en este caso la reelecci\u00f3n indefinida mas \u00e9ste puede ser cualquier cosa, siempre tendr\u00e1 manera de cuadrar la ley a sus caprichos y buscar\u00e1 que se haga la que en verdad es soberana: <\/span><\/span><span class=\"s2\"><span class=\"bumpedFont15\">SU VOLUNTAD; ya que esta debe de prevalecer con ley o sin ley o con el permiso del pueblo o sin el permiso de pueblo.<\/span><\/span><\/p>\n<p class=\"s4\"><span class=\"s2\"><span class=\"bumpedFont15\">Con esta colaboraci\u00f3n cerramos el 2018 y por lo mismo desde este espacio les deseo a todos ustedes mis muy queridos lectores una feliz navidad y un excelente 2019.<\/span><\/span><\/p>\n<p><a href=\"mailto:felfebas@gmail.com\"><span class=\"s6\"><span class=\"bumpedFont15\">felfebas@gmail.com<\/span><\/span><\/a><\/p>\n<p class=\"s3\"><span class=\"s2\"><span class=\"bumpedFont15\">Twitter: @FelipeFBasilio<\/span><\/span><\/p>\n","protected":false},"excerpt":{"rendered":"<p>Felipe de Jes\u00fas Fern\u00e1ndez Basilio Desde a Janela Una de las principales banderas de un populista demagogo es organizar consultas a la poblaci\u00f3n en general o referenda, la cual es la forma correcta de designar al plural de refer\u00e9ndum, para as\u00ed justificar sus decisiones arguyendo que la mayor\u00eda del pueblo las apoya o simplemente para [&hellip;]<\/p>\n","protected":false},"author":2,"featured_media":0,"comment_status":"open","ping_status":"open","sticky":false,"template":"","format":"standard","meta":{"_jetpack_newsletter_access":"","_jetpack_dont_email_post_to_subs":false,"_jetpack_newsletter_tier_id":0,"_jetpack_memberships_contains_paywalled_content":false,"_jetpack_memberships_contains_paid_content":false,"footnotes":""},"categories":[70],"tags":[13257,11643,1313,13418,13419],"class_list":["post-46214","post","type-post","status-publish","format-standard","hentry","category-de-opinion","tag-bolivia","tag-consulta","tag-evo-morales","tag-populista","tag-referendum"],"jetpack_featured_media_url":"","jetpack_sharing_enabled":true,"jetpack_shortlink":"https:\/\/wp.me\/p4Qcd3-c1o","_links":{"self":[{"href":"https:\/\/lospoliticosveracruz.com.mx\/index.php?rest_route=\/wp\/v2\/posts\/46214","targetHints":{"allow":["GET"]}}],"collection":[{"href":"https:\/\/lospoliticosveracruz.com.mx\/index.php?rest_route=\/wp\/v2\/posts"}],"about":[{"href":"https:\/\/lospoliticosveracruz.com.mx\/index.php?rest_route=\/wp\/v2\/types\/post"}],"author":[{"embeddable":true,"href":"https:\/\/lospoliticosveracruz.com.mx\/index.php?rest_route=\/wp\/v2\/users\/2"}],"replies":[{"embeddable":true,"href":"https:\/\/lospoliticosveracruz.com.mx\/index.php?rest_route=%2Fwp%2Fv2%2Fcomments&post=46214"}],"version-history":[{"count":1,"href":"https:\/\/lospoliticosveracruz.com.mx\/index.php?rest_route=\/wp\/v2\/posts\/46214\/revisions"}],"predecessor-version":[{"id":46215,"href":"https:\/\/lospoliticosveracruz.com.mx\/index.php?rest_route=\/wp\/v2\/posts\/46214\/revisions\/46215"}],"wp:attachment":[{"href":"https:\/\/lospoliticosveracruz.com.mx\/index.php?rest_route=%2Fwp%2Fv2%2Fmedia&parent=46214"}],"wp:term":[{"taxonomy":"category","embeddable":true,"href":"https:\/\/lospoliticosveracruz.com.mx\/index.php?rest_route=%2Fwp%2Fv2%2Fcategories&post=46214"},{"taxonomy":"post_tag","embeddable":true,"href":"https:\/\/lospoliticosveracruz.com.mx\/index.php?rest_route=%2Fwp%2Fv2%2Ftags&post=46214"}],"curies":[{"name":"wp","href":"https:\/\/api.w.org\/{rel}","templated":true}]}}