{"id":46256,"date":"2018-12-28T15:05:44","date_gmt":"2018-12-28T21:05:44","guid":{"rendered":"http:\/\/www.lospoliticosveracruz.com.mx\/?p=46256"},"modified":"2018-12-28T15:05:44","modified_gmt":"2018-12-28T21:05:44","slug":"sin-mujeres-no","status":"publish","type":"post","link":"https:\/\/lospoliticosveracruz.com.mx\/?p=46256","title":{"rendered":"Sin mujeres No"},"content":{"rendered":"<p><strong>Naldy Rodr\u00edguez\u00a0<\/strong><\/p>\n<p><em>Transparencia 3.0<\/em><\/p>\n<p>Una caricatura de Emma y Lola, las creadoras peruanas que educan en feminismo, se empez\u00f3 a compartir desde hace algunos d\u00edas en las redes sociales de amigas y conocidas, como un deseo insistente de A\u00f1o Nuevo.<\/p>\n<p>A trav\u00e9s de sus dos personajes infantiles piden \u201cun 2019 en el que cada ni\u00f1a y mujer que sale de su casa, vuelva sana y salva\u201d. No es para menos, 87 mil mujeres fueron reportadas como v\u00edctimas de homicidio doloso en todo el mundo durante 2017, en M\u00e9xico se estima que en 2018 se cometieron al menos 760 feminicidios y en Veracruz se habr\u00edan presentando m\u00e1s de 118 homicidios de mujeres por raz\u00f3n de g\u00e9nero.<\/p>\n<p>El mensaje de las caricaturistas se queda corto si recordamos que en muchas ocasiones, el mayor peligro se encuentra en el interior del hogar. \u201cEs mucho m\u00e1s probable que las mujeres mueran a manos de los allegados m\u00e1s cercanos\u201d, revela un informe reciente realizado por la Oficina de las Naciones Unidas contra la Droga y el Delito.<\/p>\n<p>En este escenario, resulta desalentador que se disminuya el presupuesto federal a\u00a0los programas de atenci\u00f3n contra la violencia a mujeres y en algunos casos hasta se desaparezcan. De inicio se eliminar\u00eda el Programa de Apoyo a las Instancias de Mujeres en las Entidades Federativas (PAIMEF) y se reducir\u00eda en casi el 40 por ciento el Programa para el Fortalecimiento de la Transversalidad de la Perspectiva de G\u00e9nero.<\/p>\n<p>Por eso, las Instancias de Mujeres en las Entidades Federativas (IMEF), conformada por institutos y secretarias estatales y municipales, fueron las primeras en denunciar que de eliminarse esa partida, desaparecer\u00e1n 15 programas para acciones transversales entre los tres ordenes de gobierno, pero sobre todo dirigidas a la prevenci\u00f3n y atenci\u00f3n de la violencia contra las f\u00e9minas.<\/p>\n<p>As\u00ed como se logr\u00f3 revertir la reducci\u00f3n presupuestal a las universidades, presionemos para que se aumente el presupuesto a los programas dedicados a combatir la violencia y la discriminacion contra las mujeres en M\u00e9xico.<\/p>\n<p>El balance al final del a\u00f1o es negativo para las mujeres y en general para la lucha por la equidad de g\u00e9nero. La ONU ya demand\u00f3 a M\u00e9xico que adopte medidas urgentes para prevenir y sancionar las muertes violentas, los homicidios y desapariciones forzosas de mujeres; pero hay que contribuir con voluntad, esfuerzo y por qu\u00e9 no, recursos.<\/p>\n<p>&nbsp;<\/p>\n<p>***<\/p>\n<p>Una ni\u00f1a triste en el espejo me mira prudente y no quiere hablar<br \/>\nHay un monstruo gris en la cocina<br \/>\nQue lo rompe todo<br \/>\nQue no para de gritar\u2026<\/p>\n<p>Pero dibuj\u00e9 una puerta violeta en la pared<br \/>\nY al entrar me liber\u00e9<br \/>\nComo se despliega la vela de un barco<br \/>\nDespert\u00e9 en un prado verde muy lejos de aqu\u00ed<br \/>\nCorr\u00ed, grit\u00e9, re\u00ed<br \/>\nS\u00e9 lo que no quiero<br \/>\nAhora estoy a salvo<\/p>\n<p>&nbsp;<\/p>\n<p>La puerta violeta de Rozal\u00e9n (un <em>himno\u00a0<\/em>contra las agresiones machistas en Espa\u00f1a)<\/p>\n<p>&nbsp;<\/p>\n<p>Twitter @ydlan<\/p>\n<p>Transparencia3.0@hotmail.com<\/p>\n<p>&nbsp;<\/p>\n","protected":false},"excerpt":{"rendered":"<p>Naldy Rodr\u00edguez\u00a0 Transparencia 3.0 Una caricatura de Emma y Lola, las creadoras peruanas que educan en feminismo, se empez\u00f3 a compartir desde hace algunos d\u00edas en las redes sociales de amigas y conocidas, como un deseo insistente de A\u00f1o Nuevo. A trav\u00e9s de sus dos personajes infantiles piden \u201cun 2019 en el que cada ni\u00f1a [&hellip;]<\/p>\n","protected":false},"author":2,"featured_media":0,"comment_status":"open","ping_status":"open","sticky":false,"template":"","format":"standard","meta":{"_jetpack_newsletter_access":"","_jetpack_dont_email_post_to_subs":false,"_jetpack_newsletter_tier_id":0,"_jetpack_memberships_contains_paywalled_content":false,"_jetpack_memberships_contains_paid_content":false,"footnotes":""},"categories":[70],"tags":[13438,13440,2305,5281,13397],"class_list":["post-46256","post","type-post","status-publish","format-standard","hentry","category-de-opinion","tag-emma-y-lola","tag-imef","tag-mujeres","tag-naldy-rodriguez","tag-paimef"],"jetpack_featured_media_url":"","jetpack_sharing_enabled":true,"jetpack_shortlink":"https:\/\/wp.me\/p4Qcd3-c24","_links":{"self":[{"href":"https:\/\/lospoliticosveracruz.com.mx\/index.php?rest_route=\/wp\/v2\/posts\/46256","targetHints":{"allow":["GET"]}}],"collection":[{"href":"https:\/\/lospoliticosveracruz.com.mx\/index.php?rest_route=\/wp\/v2\/posts"}],"about":[{"href":"https:\/\/lospoliticosveracruz.com.mx\/index.php?rest_route=\/wp\/v2\/types\/post"}],"author":[{"embeddable":true,"href":"https:\/\/lospoliticosveracruz.com.mx\/index.php?rest_route=\/wp\/v2\/users\/2"}],"replies":[{"embeddable":true,"href":"https:\/\/lospoliticosveracruz.com.mx\/index.php?rest_route=%2Fwp%2Fv2%2Fcomments&post=46256"}],"version-history":[{"count":1,"href":"https:\/\/lospoliticosveracruz.com.mx\/index.php?rest_route=\/wp\/v2\/posts\/46256\/revisions"}],"predecessor-version":[{"id":46258,"href":"https:\/\/lospoliticosveracruz.com.mx\/index.php?rest_route=\/wp\/v2\/posts\/46256\/revisions\/46258"}],"wp:attachment":[{"href":"https:\/\/lospoliticosveracruz.com.mx\/index.php?rest_route=%2Fwp%2Fv2%2Fmedia&parent=46256"}],"wp:term":[{"taxonomy":"category","embeddable":true,"href":"https:\/\/lospoliticosveracruz.com.mx\/index.php?rest_route=%2Fwp%2Fv2%2Fcategories&post=46256"},{"taxonomy":"post_tag","embeddable":true,"href":"https:\/\/lospoliticosveracruz.com.mx\/index.php?rest_route=%2Fwp%2Fv2%2Ftags&post=46256"}],"curies":[{"name":"wp","href":"https:\/\/api.w.org\/{rel}","templated":true}]}}