{"id":46369,"date":"2019-01-09T22:55:26","date_gmt":"2019-01-10T04:55:26","guid":{"rendered":"http:\/\/www.lospoliticosveracruz.com.mx\/?p=46369"},"modified":"2019-01-09T21:25:50","modified_gmt":"2019-01-10T03:25:50","slug":"veracruz-sin-seguridad","status":"publish","type":"post","link":"https:\/\/lospoliticosveracruz.com.mx\/?p=46369","title":{"rendered":"Veracruz, sin Seguridad"},"content":{"rendered":"<p><strong>Brenda Caballero<\/strong><\/p>\n<p><em>N\u00fameros Rojos\u00a0<\/em><\/p>\n<p>En Veracruz operan 6 C\u00e1rteles diferentes y \u201ctodos tienen un poder\u00edo que supera al de la polic\u00eda estatal\u201d, fueron las declaraciones del gobernador Cuitl\u00e1huac Garc\u00eda Jim\u00e9nez durante su participaci\u00f3n en la Mesa II de las Audiencias P\u00fablicas sobre la Guardia Nacional en la C\u00e1mara de Diputados.<\/p>\n<p>No s\u00e9 usted, pero a m\u00ed me preocupa esa declaraci\u00f3n. Si bien los veracruzanos sabemos que hay C\u00e1rteles en la entidad, pues es un secreto a voces, yo me hab\u00eda quedado con 3, pero dijeran por all\u00ed: \u00a1Seis son demasiados! Y no es que ya sea tolerante a vivir as\u00ed, \u00a1qu\u00e9 m\u00e1s quisiera que no hubiese ninguno!, pero para poder resolver los problemas, siempre es necesario partir desde la realidad. Y esa es la realidad del estado.<\/p>\n<p>Por si fuera poco, el siguiente dato proporcionado por el gobernador fue m\u00e1s crudo que el primero: Hay 4 mil 700 polic\u00edas para una poblaci\u00f3n de m\u00e1s de 8 millones de habitantes. Sacando la calculadora encontramos que cada guardi\u00e1n del orden es responsable de la seguridad de mil 700 personas.<\/p>\n<p>Un panorama demasiado desalentador para los veracruzanos.<\/p>\n<p>Ahora que si a ello le agregamos que el Secretario de Seguridad ni se aparece, ni lo conocen en los municipios ni se le ve una estrategia de seguridad ante esos c\u00e1rteles, la cosa est\u00e1 m\u00e1s negra que el pasado turbio de Hugo Guti\u00e9rrez Maldonado.<\/p>\n<p>\u00bfAcaso Don Hugo o todos sus colaboradores cercanos a \u00e9l no ven las noticias diarias? \u00bfNo ven los ejecutados, robos, secuestros, levantones, feminicidios?<\/p>\n<p>Don Hugo no puede estar detr\u00e1s de su escritorio, si es que lo est\u00e1, resguard\u00e1ndose de toda la inseguridad que le acontece a Veracruz, mientras el Gobernador da la cara para que nos manden a la Guardia Nacional. Pues sino \u00bfPara qu\u00e9 tenemos un Secretario de Seguridad P\u00fablica? \u00a1Vaya! \u00a1Y todav\u00eda le dio dispensa el Congreso Estatal!<\/p>\n<p>Del mismo modo escuchaba las declaraciones del alcalde de Veracruz, Fernando Yunes M\u00e1rquez, donde aseguraba que su municipio no era un foco rojo. \u00a1Por Dios! Todo el estado ya es foco rojo, \u00a1el estado est\u00e1 que arde!<\/p>\n<p>\u00bfPor qu\u00e9 les da miedo a los pol\u00edticos decir la verdad? El rebase de la delincuencia es totalmente notorio, aunque se diga lo contrario. Si no lo reconocen, nunca podr\u00e1n atacarlo. Eso es un hecho.<\/p>\n<p>II<\/p>\n<p>El lunes le\u00eda un trabajo del periodista Antonio Osorio donde dec\u00eda que en los 38 d\u00edas que lleva el nuevo gobierno estatal, van 23 mujeres asesinadas en diversas partes del estado y que los feminicidios se hab\u00edan recrudecido en C\u00f3rdoba, Orizaba, Mart\u00ednez de la Torre, Papantla, Poza Rica, Veracruz y Coatzacoalcos; por desgracia, la tendencia va en aumento a pesar de que Veracruz cuenta ya con dos alertas de g\u00e9nero.<\/p>\n<p>Ante este panorama, el d\u00eda de ayer la titular del Instituto Veracruzano de las Mujeres (IVM) Yolanda Olivares P\u00e9rez, junto con integrantes de los Consejos Consultivo y Social, se reunieron con las diputadas que integran la Comisi\u00f3n Permanente para la Igualdad de G\u00e9nero: Ivonne Trujillo Ortiz, Ana Miriam Ferr\u00e1ez Centeno y Nora Jessica Lagunes J\u00e1uregui, presidenta, secretaria y vocal respectivamente, para tratar de manera inmediata las dos alertas de Violencia de G\u00e9nero y la necesidad de fortalecer los institutos municipales de la mujer, as\u00ed como la propuesta de ampliaci\u00f3n presupuestal para el ejercicio 2019. \u00a1Ya era hora!<\/p>\n<p>&nbsp;<\/p>\n<p>@NumerosRojos_BC<\/p>\n<p><a href=\"mailto:caballero_brenda@hotmail.com\">caballero_brenda@hotmail.com<\/a><\/p>\n<p>&nbsp;<\/p>\n","protected":false},"excerpt":{"rendered":"<p>Brenda Caballero N\u00fameros Rojos\u00a0 En Veracruz operan 6 C\u00e1rteles diferentes y \u201ctodos tienen un poder\u00edo que supera al de la polic\u00eda estatal\u201d, fueron las declaraciones del gobernador Cuitl\u00e1huac Garc\u00eda Jim\u00e9nez durante su participaci\u00f3n en la Mesa II de las Audiencias P\u00fablicas sobre la Guardia Nacional en la C\u00e1mara de Diputados. No s\u00e9 usted, pero a [&hellip;]<\/p>\n","protected":false},"author":2,"featured_media":46370,"comment_status":"open","ping_status":"open","sticky":false,"template":"","format":"standard","meta":{"_jetpack_newsletter_access":"","_jetpack_dont_email_post_to_subs":false,"_jetpack_newsletter_tier_id":0,"_jetpack_memberships_contains_paywalled_content":false,"_jetpack_memberships_contains_paid_content":false,"footnotes":""},"categories":[70],"tags":[2687,3566,1563,818,13512,13303,13513,195],"class_list":["post-46369","post","type-post","status-publish","format-standard","has-post-thumbnail","hentry","category-de-opinion","tag-brenda-caballero","tag-carteles","tag-cuitlahuac-garcia-jimenez","tag-fernando-yunes-marquez","tag-guardia-nacional","tag-hugo-gutierrez-maldonado","tag-secretario-de-seguridad","tag-veracruz"],"jetpack_featured_media_url":"https:\/\/lospoliticosveracruz.com.mx\/wp-content\/uploads\/2019\/01\/Cuitlahuac.jpg","jetpack_sharing_enabled":true,"jetpack_shortlink":"https:\/\/wp.me\/p4Qcd3-c3T","_links":{"self":[{"href":"https:\/\/lospoliticosveracruz.com.mx\/index.php?rest_route=\/wp\/v2\/posts\/46369","targetHints":{"allow":["GET"]}}],"collection":[{"href":"https:\/\/lospoliticosveracruz.com.mx\/index.php?rest_route=\/wp\/v2\/posts"}],"about":[{"href":"https:\/\/lospoliticosveracruz.com.mx\/index.php?rest_route=\/wp\/v2\/types\/post"}],"author":[{"embeddable":true,"href":"https:\/\/lospoliticosveracruz.com.mx\/index.php?rest_route=\/wp\/v2\/users\/2"}],"replies":[{"embeddable":true,"href":"https:\/\/lospoliticosveracruz.com.mx\/index.php?rest_route=%2Fwp%2Fv2%2Fcomments&post=46369"}],"version-history":[{"count":1,"href":"https:\/\/lospoliticosveracruz.com.mx\/index.php?rest_route=\/wp\/v2\/posts\/46369\/revisions"}],"predecessor-version":[{"id":46371,"href":"https:\/\/lospoliticosveracruz.com.mx\/index.php?rest_route=\/wp\/v2\/posts\/46369\/revisions\/46371"}],"wp:featuredmedia":[{"embeddable":true,"href":"https:\/\/lospoliticosveracruz.com.mx\/index.php?rest_route=\/wp\/v2\/media\/46370"}],"wp:attachment":[{"href":"https:\/\/lospoliticosveracruz.com.mx\/index.php?rest_route=%2Fwp%2Fv2%2Fmedia&parent=46369"}],"wp:term":[{"taxonomy":"category","embeddable":true,"href":"https:\/\/lospoliticosveracruz.com.mx\/index.php?rest_route=%2Fwp%2Fv2%2Fcategories&post=46369"},{"taxonomy":"post_tag","embeddable":true,"href":"https:\/\/lospoliticosveracruz.com.mx\/index.php?rest_route=%2Fwp%2Fv2%2Ftags&post=46369"}],"curies":[{"name":"wp","href":"https:\/\/api.w.org\/{rel}","templated":true}]}}